{"id":87990,"date":"2026-04-29T14:55:05","date_gmt":"2026-04-29T17:55:05","guid":{"rendered":"https:\/\/maxradio923.com.ar\/index.php\/2026\/04\/29\/los-premios-gardel-anunciaron-sus-nominados-para-la-edicion-2026\/"},"modified":"2026-04-29T14:55:05","modified_gmt":"2026-04-29T17:55:05","slug":"los-premios-gardel-anunciaron-sus-nominados-para-la-edicion-2026","status":"publish","type":"post","link":"https:\/\/maxradio923.com.ar\/index.php\/2026\/04\/29\/los-premios-gardel-anunciaron-sus-nominados-para-la-edicion-2026\/","title":{"rendered":"Los Premios Gardel anunciaron sus nominados para la edici\u00f3n 2026"},"content":{"rendered":"<p><\/p>\n<div>\n<p class=\"com-paragraph  --capital --s\">Este mi\u00e9rcoles, los <strong>Premios Gardel 2026<\/strong> anunciaron sus nominaciones para la ceremonia que se llevar\u00e1 a cabo el pr\u00f3ximo martes 26 de mayo. El lugar a\u00fan no ha sido anunciado.<\/p>\n<p class=\"com-paragraph   --s\">Por el <strong>\u00c1lbum del a\u00f1o<\/strong> compiten <strong>Cazzu<\/strong> (<em>Latinaje<\/em>), <strong>Milo J<\/strong> (<em>La vida era m\u00e1s corta<\/em>), <strong>Lali<\/strong> (<em>No vengas a atender cuando el demonio llama<\/em>), Babas\u00f3nicos (<em>Cuerpos, vol. 1<\/em>) y Marilina Bertoldi (<em>Para qui\u00e9n trabajas vol. 1<\/em>).<\/p>\n<p class=\"com-paragraph   --s\">En lo que respecta a <strong>Canci\u00f3n del a\u00f1o<\/strong>, quienes buscar\u00e1n llevarse la estatuilla son <strong>Babas\u00f3nicos<\/strong>, por \u201cAdvertencia\u201d; <strong>Milo J<\/strong>, por \u201cNi\u00f1o\u201d; <strong>Lali &amp; Miranda!<\/strong>, que juntos hicieron \u201cMejor que vos\u201d; Cazzu, por su canci\u00f3n \u201cCon otra\u201d; \u00c1ngela Torres, por \u201cFavorita\u201d; Marilina Bertoldi por su hitazo \u201cEl gordo\u201d; Yami Safdie con Camilo por \u201cQuerida Yo\u201d; Trueno, nominado por \u201cFresh\u201d, y Ca7riel &amp; Paco Amoroso de la mano de \u201c#Tetas\u201d.<\/p>\n<p class=\"com-paragraph   --s\"><em><strong>Noticia en desarrollo<\/strong><\/em><\/p>\n<section class=\"container-center-100 mb-40 border border-bottom border-thin border-neutral-light-700\">\n<hr\/>\n<\/section>\n<\/div>\n<p><script id=\"facebookpixel\" defer=\"\" type=\"text\/javascript\">\n        !function(f,b,e,v,n,t,s)\n        {if(f.fbq)return;n=f.fbq=function(){n.callMethod?\n        n.callMethod.apply(n,arguments):n.queue.push(arguments)};\n        if(!f._fbq)f._fbq=n;n.push=n;n.loaded=!0;n.version='2.0';\n        n.queue=[];t=b.createElement(e);t.async=!0;\n        t.src=v;s=b.getElementsByTagName(e)[0];\n        s.parentNode.insertBefore(t,s)}(window, document,'script',\n        '\n        fbq('init', '492459597522335');\n        fbq('track', 'PageView');\n    <\/script><\/p>\n","protected":false},"excerpt":{"rendered":"<p>Este mi\u00e9rcoles, los Premios Gardel 2026 anunciaron sus nominaciones para la ceremonia que se llevar\u00e1 a cabo el pr\u00f3ximo martes 26 de mayo. El lugar a\u00fan no ha sido anunciado. Por el \u00c1lbum del a\u00f1o compiten Cazzu (Latinaje), Milo J (La vida era m\u00e1s corta), Lali (No vengas a atender cuando el demonio llama), Babas\u00f3nicos [&hellip;]<\/p>\n","protected":false},"author":2,"featured_media":87991,"comment_status":"","ping_status":"","sticky":false,"template":"","format":"standard","meta":{"footnotes":""},"categories":[14],"tags":[],"_links":{"self":[{"href":"https:\/\/maxradio923.com.ar\/index.php\/wp-json\/wp\/v2\/posts\/87990"}],"collection":[{"href":"https:\/\/maxradio923.com.ar\/index.php\/wp-json\/wp\/v2\/posts"}],"about":[{"href":"https:\/\/maxradio923.com.ar\/index.php\/wp-json\/wp\/v2\/types\/post"}],"author":[{"embeddable":true,"href":"https:\/\/maxradio923.com.ar\/index.php\/wp-json\/wp\/v2\/users\/2"}],"replies":[{"embeddable":true,"href":"https:\/\/maxradio923.com.ar\/index.php\/wp-json\/wp\/v2\/comments?post=87990"}],"version-history":[{"count":0,"href":"https:\/\/maxradio923.com.ar\/index.php\/wp-json\/wp\/v2\/posts\/87990\/revisions"}],"wp:featuredmedia":[{"embeddable":true,"href":"https:\/\/maxradio923.com.ar\/index.php\/wp-json\/wp\/v2\/media\/87991"}],"wp:attachment":[{"href":"https:\/\/maxradio923.com.ar\/index.php\/wp-json\/wp\/v2\/media?parent=87990"}],"wp:term":[{"taxonomy":"category","embeddable":true,"href":"https:\/\/maxradio923.com.ar\/index.php\/wp-json\/wp\/v2\/categories?post=87990"},{"taxonomy":"post_tag","embeddable":true,"href":"https:\/\/maxradio923.com.ar\/index.php\/wp-json\/wp\/v2\/tags?post=87990"}],"curies":[{"name":"wp","href":"https:\/\/api.w.org\/{rel}","templated":true}]}}