{"id":87988,"date":"2026-04-29T14:37:04","date_gmt":"2026-04-29T17:37:04","guid":{"rendered":"https:\/\/maxradio923.com.ar\/index.php\/2026\/04\/29\/san-juan-vive-su-gran-feria\/"},"modified":"2026-04-29T14:37:04","modified_gmt":"2026-04-29T17:37:04","slug":"san-juan-vive-su-gran-feria","status":"publish","type":"post","link":"https:\/\/maxradio923.com.ar\/index.php\/2026\/04\/29\/san-juan-vive-su-gran-feria\/","title":{"rendered":"San Juan vive su gran feria"},"content":{"rendered":"<p><\/p>\n<div>\n<p> <strong>Del 30 de abril al 10 de mayo<\/strong>, <strong>San Juan<\/strong> ser\u00e1 nuevamente escenario de uno de los eventos culturales m\u00e1s importantes de la regi\u00f3n: la<strong> XXXI Feria Internacional de Artesan\u00edas<\/strong>, que se desarrollar\u00e1 en el <strong>Costanera Complejo Ferial, de 16 a 22 h<\/strong>.<\/p>\n<p>Con m\u00e1s de tres d\u00e9cadas de trayectoria, esta feria es uno de los eventos emblem\u00e1ticos de la cultura sanjuanina, creciendo a\u00f1o tras a\u00f1o tanto en convocatoria como en calidad y diversidad de propuestas. En esta edici\u00f3n, contar\u00e1 con la participaci\u00f3n de <strong>m\u00e1s de 300 expositores provenientes de distintos puntos del pa\u00eds y del mundo<\/strong>, ofreciendo y promoviendo el encuentro entre culturas, saberes y tradiciones.<\/p>\n<p>La propuesta se completa con un patio gastron\u00f3mico, un sector infantil y m\u00faltiples actividades pensadas para toda la familia.<\/p>\n<p>El evento cuenta con el acompa\u00f1amiento del <strong>Gobierno de San Juan<\/strong> a trav\u00e9s del Ministerio de Turismo, Cultura y Deporte, que impulsa esta iniciativa con el objetivo de fortalecer el desarrollo cultural, el trabajo artesanal y la identidad local.<\/p>\n<p>Uno de los espacios destacados ser\u00e1 la carpa \u201c<strong>Ruta Artesanal de San Juan 2026<\/strong>\u201d, coordinada y planificada por el Mercado Artesanal Tradicional Luisa Escudero.<strong> All\u00ed estar\u00e1n representados los 19 departamentos de la provincia<\/strong>, en un espacio que pondr\u00e1 en valor el trabajo de los artesanos sanjuaninos. Desde la organizaci\u00f3n, se acompa\u00f1ar\u00e1 a cada delegaci\u00f3n, brindando asesoramiento y garantizando las condiciones necesarias para su participaci\u00f3n, en un rol de anfitriones que refuerza el esp\u00edritu federal de la propuesta.<\/p>\n<p>Como parte de las actividades, el 30 de abril se realizar\u00e1 la selecci\u00f3n de piezas artesanales a cargo de un jurado especializado, que recorrer\u00e1 la totalidad de la feria. Posteriormente, el martes 5 de mayo a las 19 h, se llevar\u00e1 a cabo la premiaci\u00f3n de las obras destacadas. Las piezas seleccionadas ser\u00e1n adquiridas por el Gobierno de San Juan, a trav\u00e9s del Ministerio de Turismo, Cultura y Deporte, reconociendo tanto a artesanos locales como de otras provincias.<\/p>\n<p>La feria tambi\u00e9n contar\u00e1 con presentaciones de <strong>m\u00fasicos y bailarines de departamentos como Albard\u00f3n, Chimbas, Iglesia, Valle F\u00e9rtil, Capital y Santa Luc\u00eda<\/strong>, todas a partir de las 21.<\/p>\n<p>De esta manera, la XXXI Feria Internacional de Artesan\u00edas es considerada un lugar como una vidriera de la producci\u00f3n cultural, un espacio de intercambio y una celebraci\u00f3n de la identidad sanjuanina.<\/p>\n<\/p><\/div>\n<p><script async defer crossorigin=\"anonymous\" src=\"https:\/\/connect.facebook.net\/es_ES\/sdk.js#xfbml=1&#038;version=v3.3\"><\/script><\/p>\n","protected":false},"excerpt":{"rendered":"<p>Del 30 de abril al 10 de mayo, San Juan ser\u00e1 nuevamente escenario de uno de los eventos culturales m\u00e1s importantes de la regi\u00f3n: la XXXI Feria Internacional de Artesan\u00edas, que se desarrollar\u00e1 en el Costanera Complejo Ferial, de 16 a 22 h. Con m\u00e1s de tres d\u00e9cadas de trayectoria, esta feria es uno de [&hellip;]<\/p>\n","protected":false},"author":2,"featured_media":87989,"comment_status":"","ping_status":"","sticky":false,"template":"","format":"standard","meta":{"footnotes":""},"categories":[8],"tags":[],"_links":{"self":[{"href":"https:\/\/maxradio923.com.ar\/index.php\/wp-json\/wp\/v2\/posts\/87988"}],"collection":[{"href":"https:\/\/maxradio923.com.ar\/index.php\/wp-json\/wp\/v2\/posts"}],"about":[{"href":"https:\/\/maxradio923.com.ar\/index.php\/wp-json\/wp\/v2\/types\/post"}],"author":[{"embeddable":true,"href":"https:\/\/maxradio923.com.ar\/index.php\/wp-json\/wp\/v2\/users\/2"}],"replies":[{"embeddable":true,"href":"https:\/\/maxradio923.com.ar\/index.php\/wp-json\/wp\/v2\/comments?post=87988"}],"version-history":[{"count":0,"href":"https:\/\/maxradio923.com.ar\/index.php\/wp-json\/wp\/v2\/posts\/87988\/revisions"}],"wp:featuredmedia":[{"embeddable":true,"href":"https:\/\/maxradio923.com.ar\/index.php\/wp-json\/wp\/v2\/media\/87989"}],"wp:attachment":[{"href":"https:\/\/maxradio923.com.ar\/index.php\/wp-json\/wp\/v2\/media?parent=87988"}],"wp:term":[{"taxonomy":"category","embeddable":true,"href":"https:\/\/maxradio923.com.ar\/index.php\/wp-json\/wp\/v2\/categories?post=87988"},{"taxonomy":"post_tag","embeddable":true,"href":"https:\/\/maxradio923.com.ar\/index.php\/wp-json\/wp\/v2\/tags?post=87988"}],"curies":[{"name":"wp","href":"https:\/\/api.w.org\/{rel}","templated":true}]}}