{"id":8798,"date":"2023-10-24T20:35:03","date_gmt":"2023-10-24T23:35:03","guid":{"rendered":"https:\/\/maxradio923.com\/index.php\/2023\/10\/24\/uxp-redobla-la-campana-de-massa-y-critica-la-desorientacion-de-milei\/"},"modified":"2023-10-24T20:35:03","modified_gmt":"2023-10-24T23:35:03","slug":"uxp-redobla-la-campana-de-massa-y-critica-la-desorientacion-de-milei","status":"publish","type":"post","link":"https:\/\/maxradio923.com.ar\/index.php\/2023\/10\/24\/uxp-redobla-la-campana-de-massa-y-critica-la-desorientacion-de-milei\/","title":{"rendered":"UxP redobla la campa\u00f1a de Massa y critica la \u00abdesorientaci\u00f3n\u00bb de Milei"},"content":{"rendered":"<p><img decoding=\"async\" src=\"https:\/\/diariod3.com\/inicio\/wp-content\/uploads\/2023\/10\/sergiomassa.jpg\"\/><\/p>\n<p>En el oficialismo reina la mesura despu\u00e9s de la victoria electoral y se impone la premisa que \u00aba\u00fan falta mucho\u00bb para la segunda vuelta. La importancia de mantener la convocatoria a un gobierno de unidad nacional frente al abrupto cambio del candidato de LLA, que intenta seducir a los pol\u00edticos que hasta hace unos d\u00edas insultaba.<\/p>\n<p>Los principales candidatos y dirigentes de <strong>Uni\u00f3n por la Patria<\/strong> (UxP) contin\u00faan con una campa\u00f1a para el balotaje en la que se imponen discursos \u00abmesurados\u00bb por considerar que \u00aba\u00fan falta mucho\u00bb, mientras se <strong>redoblan las cr\u00edticas al frente opositor que conduce Javier Milei y se\u00f1alan su \u00abdesorientaci\u00f3n\u00bb<\/strong> luego de los resultados del domingo.<\/p>\n<p>\u00abTodav\u00eda no ganamos\u00bb, fue el discurso que se \u00abbaj\u00f3\u00bb desde el domingo a la noche en el bunker oficialista, es el tono que adopt\u00f3 Sergio Massa y el que reiteran oficial y extraoficialmente funcionarios, dirigentes y candidatos.<\/p>\n<p>Para los equipos de campa\u00f1a es destacable que el postulante a la Casa Rosada siga firme en su <strong>convocatoria al Gobierno de unidad nacional<\/strong> mientras interpretan que Milei, al cambiar \u00abdr\u00e1sticamente\u00bb sus opiniones minutos despu\u00e9s de que se conocieran los resultados, trasluce una \u00abdesorientaci\u00f3n\u00bb que llega, incluso, a los militantes de La Libertad Avanza (LLA).<\/p>\n<p><strong>\u00abA Milei, que cre\u00eda que iba a ganar en primera vuelta o, en el peor escenario, que iba a ser el m\u00e1s votado, le cost\u00f3 reconocer los resultados y bajar al bunker\u00bb<\/strong>, se\u00f1alan cerca de Massa.<\/p>\n<p>El ministro de Econom\u00eda, que el lunes retom\u00f3 su agenda con una conferencia de prensa con medios extranjeros, encabez\u00f3 este martes su primer acto p\u00fablico para inaugurar una escuela p\u00fablica en San Miguel, un distrito del conurbano donde se impuso en la categor\u00eda presidencial el domingo y Juntos por el Cambio (JxC) retuvo la intendencia.<\/p>\n<p>Desde all\u00ed, acompa\u00f1ado por <strong>Jaime Perczyk<\/strong> (Educaci\u00f3n) y por Gabriel Katopodis (Obras P\u00fablicas) -dos de los ministros del Gabinete de Alberto Fern\u00e1ndez con los que tiene mejor relaci\u00f3n- Massa reiter\u00f3 la potencia de \u00abla educaci\u00f3n p\u00fablica, gratuita, de calidad e inclusiva como l\u00ednea de largada en igualdad de oportunidades\u00bb en una sociedad y dijo que \u00abel derecho a estudiar no se arregla ni con un voucher ni con el mercado\u00bb.<\/p>\n<p>\u00abDudo que el sector privado venga a invertir en este barrio en una escuela t\u00e9cnica. <strong>Dudo que el mercado resuelva la oferta educativa que nuestros hijos necesitan<\/strong>. No conozco mucha oferta privada en escuelas t\u00e9cnicas, le dir\u00eda que es cero\u00bb, dijo apuntando a uno de los centros de gravedad del discurso libertario.<\/p>\n<p>Mientras, el equipo de UxP sigue analizando los datos de la \u00abremontada\u00bb y destacan que <strong>nunca antes un candidato presidencial hab\u00eda sumado tanto desde la PASO a las generales: 15,25 puntos porcentuales y 4.368.445 votos m\u00e1s recibi\u00f3 el exintendente tigrense.<\/strong><\/p>\n<p>\u00abEn cambio, <strong>Milei se mantuvo pr\u00e1cticamente igual<\/strong>. Solo creci\u00f3 un 0,12% y no fue capaz de superar la barrera de los 30 puntos porcentuales\u00bb, agregan.<\/p>\n<p>Axel Kicillof, reelecto gobernador bonaerense, dijo que ve al libertario \u00abmuy desorientado y en un papel que no sabe desempe\u00f1ar, de desdecirse de todas las barbaridades que dijo\u00bb.<\/p>\n<p><strong>\u00abProponer cargos por la televisi\u00f3n a los dem\u00e1s partidos de la oposici\u00f3n o revolearle un ministerio a Patricia Bullrich demuestran el amateurismo pol\u00edtico\u00bb<\/strong>, agreg\u00f3.<\/p>\n<p>El mandatario bonaerense se refiri\u00f3 de ese modo a las declaraciones formuladas el lunes por Milei, quien admiti\u00f3 que convocar\u00eda a un eventual gobierno suyo a la expostulante presidencial de Juntos por el Cambio como ministra de Seguridad de Mauricio Macri y asegur\u00f3 que sumar\u00eda a dirigentes de la izquierda para el \u00e1rea de Capital Humano \u00abporque son los que m\u00e1s saben\u00bb.<\/p>\n<p>A diferencia del candidato libertario, que desde el domingo a la noche se encarg\u00f3 de ofrecer p\u00fablicamente espacios a opositores en su hipot\u00e9tica llegada a la Casa Rosada, <strong>en UxP reiteran la idea de un Gobierno de unidad nacional y destacaron el valor de diversos dirigentes radicales que ya se manifestaron en contra de Milei<\/strong>,<\/p>\n<p>En ese tono, el candidato a vicepresidente y jefe de Gabinete, <strong>Agust\u00edn Rossi<\/strong>, afirm\u00f3: \u00abHay una cantidad de valores que est\u00e1n representados en varios espacios pol\u00edticos y culturas y vamos a convocarlos\u00bb.<\/p>\n<p>Por otra parte, poco despu\u00e9s del mediod\u00eda de este martes se inform\u00f3 que Leandro Santoro, el candidato a jefe de Gobierno porte\u00f1o de UxP, declin\u00f3 la posibilidad de participar de un balotaje contra Jorge Macri.<\/p>\n<p><strong>\u00abSantoro lo habl\u00f3 con Massa el domingo a la noche\u00bb<\/strong>, afirmaron cerca del titular del Palacio de Hacienda.<\/p>\n<p>En un comunicado se inform\u00f3 que las actas de votaci\u00f3n indican que el candidato de JxC qued\u00f3 a \u00abmuy pocos votos\u00bb de conseguir el 50% que impone la Constituci\u00f3n local para evitar la segunda vuelta. Sumado al apoyo expl\u00edcito de LLA, se impone una \u00ablectura realista\u00bb y \u00abda la pauta que ser\u00eda insensato forzar un balotaje\u00bb.<\/p>\n<p>\u00abConsideramos que <strong>la estrategia correcta que nos demanda este momento hist\u00f3rico es concentrar nuestros esfuerzos en defender la democracia frente a la amenaza autoritaria, contribuyendo a que Sergio Massa gane en CABA y sea electo Presidente de la Naci\u00f3n<\/strong>\u00ab, dijo el comunicado oficial.<\/p>\n<p>Fuente: T\u00c9LAM<br \/>\nPor: Graciela Herrera<\/p>\n<p>La entrada <a href=\"https:\/\/diariod3.com\/inicio\/uxp-redobla-la-campana-de-massa-y-critica-la-desorientacion-de-milei\/\" rel=\"noreferrer noopener\" target=\"_blank\">UxP redobla la campa\u00f1a de Massa y critica la \u00abdesorientaci\u00f3n\u00bb de Milei<\/a> se public\u00f3 primero en <a href=\"https:\/\/diariod3.com\/inicio\" rel=\"noreferrer noopener\" target=\"_blank\">DIARIO D3 NOTICIAS<\/a>.<\/p>\n","protected":false},"excerpt":{"rendered":"<p>En el oficialismo reina la mesura despu\u00e9s de la victoria electoral y se impone la premisa que \u00aba\u00fan falta mucho\u00bb para la segunda vuelta. La importancia de mantener la convocatoria a un gobierno de unidad nacional frente al abrupto cambio del candidato de LLA, que intenta seducir a los pol\u00edticos que hasta hace unos d\u00edas [&hellip;]<\/p>\n","protected":false},"author":2,"featured_media":8799,"comment_status":"","ping_status":"","sticky":false,"template":"","format":"standard","meta":{"footnotes":""},"categories":[12],"tags":[],"_links":{"self":[{"href":"https:\/\/maxradio923.com.ar\/index.php\/wp-json\/wp\/v2\/posts\/8798"}],"collection":[{"href":"https:\/\/maxradio923.com.ar\/index.php\/wp-json\/wp\/v2\/posts"}],"about":[{"href":"https:\/\/maxradio923.com.ar\/index.php\/wp-json\/wp\/v2\/types\/post"}],"author":[{"embeddable":true,"href":"https:\/\/maxradio923.com.ar\/index.php\/wp-json\/wp\/v2\/users\/2"}],"replies":[{"embeddable":true,"href":"https:\/\/maxradio923.com.ar\/index.php\/wp-json\/wp\/v2\/comments?post=8798"}],"version-history":[{"count":0,"href":"https:\/\/maxradio923.com.ar\/index.php\/wp-json\/wp\/v2\/posts\/8798\/revisions"}],"wp:featuredmedia":[{"embeddable":true,"href":"https:\/\/maxradio923.com.ar\/index.php\/wp-json\/wp\/v2\/media\/8799"}],"wp:attachment":[{"href":"https:\/\/maxradio923.com.ar\/index.php\/wp-json\/wp\/v2\/media?parent=8798"}],"wp:term":[{"taxonomy":"category","embeddable":true,"href":"https:\/\/maxradio923.com.ar\/index.php\/wp-json\/wp\/v2\/categories?post=8798"},{"taxonomy":"post_tag","embeddable":true,"href":"https:\/\/maxradio923.com.ar\/index.php\/wp-json\/wp\/v2\/tags?post=8798"}],"curies":[{"name":"wp","href":"https:\/\/api.w.org\/{rel}","templated":true}]}}