{"id":87969,"date":"2026-04-29T12:03:05","date_gmt":"2026-04-29T15:03:05","guid":{"rendered":"https:\/\/maxradio923.com.ar\/index.php\/2026\/04\/29\/alfonso-prat-gay-en-lugar-de-pelearse-con-los-economistas-el-gobierno-tiene-que-pensar-como-vamos-a-crecer\/"},"modified":"2026-04-29T12:03:05","modified_gmt":"2026-04-29T15:03:05","slug":"alfonso-prat-gay-en-lugar-de-pelearse-con-los-economistas-el-gobierno-tiene-que-pensar-como-vamos-a-crecer","status":"publish","type":"post","link":"https:\/\/maxradio923.com.ar\/index.php\/2026\/04\/29\/alfonso-prat-gay-en-lugar-de-pelearse-con-los-economistas-el-gobierno-tiene-que-pensar-como-vamos-a-crecer\/","title":{"rendered":"Alfonso Prat Gay: \u201cEn lugar de pelearse con los economistas, el Gobierno tiene que pensar c\u00f3mo vamos a crecer\u201d"},"content":{"rendered":"<p><\/p>\n<div>\n<div class=\"visual__image image-initial-width\"><picture><source srcset=\"https:\/\/www.infobae.com\/resizer\/v2\/J4NNO7FDANHMDAC2MHGY3IDQ2M.jpg?auth=e3fc71a58b2d829717796aa95957f3182dcf1696062981a31d27bcf2efd58b1c&amp;smart=true&amp;width=992&amp;height=558&amp;quality=85\" media=\"(min-width: 1000px)\"\/><source srcset=\"https:\/\/www.infobae.com\/resizer\/v2\/J4NNO7FDANHMDAC2MHGY3IDQ2M.jpg?auth=e3fc71a58b2d829717796aa95957f3182dcf1696062981a31d27bcf2efd58b1c&amp;smart=true&amp;width=768&amp;height=432&amp;quality=85\" media=\"(min-width: 768px)\"\/><source srcset=\"https:\/\/www.infobae.com\/resizer\/v2\/J4NNO7FDANHMDAC2MHGY3IDQ2M.jpg?auth=e3fc71a58b2d829717796aa95957f3182dcf1696062981a31d27bcf2efd58b1c&amp;smart=true&amp;width=577&amp;height=325&amp;quality=85\" media=\"(min-width: 580px)\"\/><source srcset=\"https:\/\/www.infobae.com\/resizer\/v2\/J4NNO7FDANHMDAC2MHGY3IDQ2M.jpg?auth=e3fc71a58b2d829717796aa95957f3182dcf1696062981a31d27bcf2efd58b1c&amp;smart=true&amp;width=420&amp;height=236&amp;quality=85\" media=\"(min-width: 350px)\"\/><source srcset=\"https:\/\/www.infobae.com\/resizer\/v2\/J4NNO7FDANHMDAC2MHGY3IDQ2M.jpg?auth=e3fc71a58b2d829717796aa95957f3182dcf1696062981a31d27bcf2efd58b1c&amp;smart=true&amp;width=350&amp;height=197&amp;quality=85\" media=\"(min-width: 80px)\"\/><img alt=\"Un hombre de negocios canoso con traje gris y corbata clara, sentado en una silla de madera con un micr\u00f3fono de diadema, en un evento con una pantalla de fondo\" class=\"global-image\" decoding=\"async\" fetchpriority=\"high\" height=\"1080\" loading=\"eager\" src=\"https:\/\/www.infobae.com\/resizer\/v2\/J4NNO7FDANHMDAC2MHGY3IDQ2M.jpg?auth=e3fc71a58b2d829717796aa95957f3182dcf1696062981a31d27bcf2efd58b1c&amp;smart=true&amp;width=350&amp;height=197&amp;quality=85\" width=\"1920\"\/><\/picture><figcaption class=\"article-figcaption-img\">El economista Alfonso Prat Gay, durante su disertaci\u00f3n en ExpoEFI<\/figcaption><\/div>\n<p class=\"paragraph\">Para el ex ministro de Econom\u00eda y ex titular del BCRA, <b>Alfonso Prat Gay<\/b>, el punto d\u00e9bil del programa econ\u00f3mico es la falta de perspectivas de crecimiento. Seg\u00fan explic\u00f3 en una disertaci\u00f3n en el <b>Congreso Econ\u00f3mico Argentino<\/b>, en el marco de <b>ExpoEFI 2026<\/b>, \u201ces central que haya alguien en\u00a0 el gobierno que est\u00e9 pensando <b>c\u00f3mo vamos a crecer <\/b>en lugar de pelearse con economistas y decir \u2018estamos creciendo un mont\u00f3n\u2019. Ser\u00e1 un mont\u00f3n, pero no alcanza\u201d.<\/p>\n<p class=\"paragraph\">El programa econ\u00f3mico, explic\u00f3 Prat Gay, necesita crecimiento por dos razones: \u201cLa primera, para enamorar. <b>No se le puede pedir a la gente sacrificio toda la vida<\/b>. En alg\u00fan momento tiene que haber resultados concretos, palpables de una mejora en la calidad de vida. Hay una dimensi\u00f3n social y pol\u00edtica que est\u00e1 empezando a hacer click cuando uno mira las encuestas. Y el Gobierno no est\u00e1 tomando suficiente nota. Si la reacci\u00f3n a ese aparente cambio de humor social es seguir insultando a los que no est\u00e1n en el juego , me parece que no est\u00e1n tomando nota\u201d. <\/p>\n<p class=\"paragraph\">La segunda raz\u00f3n, explic\u00f3, tiene que ver con lo que llam\u00f3 \u201cla vaca sagrada\u201d del actual plan econ\u00f3mico: el equilibrio en las cuentas p\u00fablicas. \u201cEstamos en el punto donde <b>est\u00e1 cayendo, y fuerte, la recaudaci\u00f3n en t\u00e9rminos reales<\/b>. La vaca sagrada del Gobierno, que es el ancla fiscal, est\u00e1 siendo amenazada por menor recaudaci\u00f3n, porque no se crece lo suficiente. M\u00e1s all\u00e1 de algunos recortes de tasas impositivas, la ca\u00edda de la recaudaci\u00f3n, si el Gobierno mantiene el ancla fiscal, lo lleva a bajar el gasto\u201d, se\u00f1al\u00f3 Prat Gay.<\/p>\n<p class=\"paragraph\">Asegur\u00f3 que hay muchos ejemplos de programas exitosos que combinaron la estabilizaci\u00f3n con el crecimiento, tanto en el pa\u00eds como en la regi\u00f3n. \u201cEl caso m\u00e1s claro en la Argentina fue el de la salida de la convertibilidad: un tipo de cambio muy alto, con super\u00e1vit fiscal, <b>super\u00e1vit comercial en serio, no de cuenta corriente, eh?<\/b>, con una fuerte acumulaci\u00f3n de reservas y con la econom\u00eda creciendo al 8% o 9% anual. Eso era imbatible desde el punto de vista social, pol\u00edtico y tambi\u00e9n t\u00e9cnico&#8221;, dijo. <\/p>\n<p class=\"paragraph\">Prat Gay tambi\u00e9n se refiri\u00f3 a la comunicaci\u00f3n de las pol\u00edticas oficiales y la consecuencias que generan. \u201cEl Gobierno tiene que explicar\u201d, dijo.<\/p>\n<p class=\"paragraph\">\u201cEs parad\u00f3jico, \u00bfno? Porque nadie puede dudar de la experiencia de todos los miembros del equipo econ\u00f3mico. Sin embargo, <b>\u00e9ste es un programa econ\u00f3mico que no tiene un plan financiero<\/b>. \u2018Consegu\u00ed dos mil palos en el BID, quiz\u00e1s, el mes que viene voy a ver c\u00f3mo me va en Catar&#8230;\u2019. El inversor externo mira eso y no est\u00e1 tan seguro si no le explican c\u00f3mo van a ir refinanciando y renovando la deuda. En buena medida, es por eso que no se recuper\u00f3 la demanda de dinero. No hay acceso al mercado ni confianza interna\u201c.<\/p>\n<div class=\"visual__image\"><picture><source srcset=\"https:\/\/www.infobae.com\/resizer\/v2\/CGE6DIHGH5DVZABMNVO5WIAE74.jpg?auth=12eabc4d4ea0cd7ca618ad5081a002a56c1d19c0c4bebaa23052b38077fd9514&amp;smart=true&amp;width=992&amp;height=558&amp;quality=85\" media=\"(min-width: 1000px)\"\/><source srcset=\"https:\/\/www.infobae.com\/resizer\/v2\/CGE6DIHGH5DVZABMNVO5WIAE74.jpg?auth=12eabc4d4ea0cd7ca618ad5081a002a56c1d19c0c4bebaa23052b38077fd9514&amp;smart=true&amp;width=768&amp;height=432&amp;quality=85\" media=\"(min-width: 768px)\"\/><source srcset=\"https:\/\/www.infobae.com\/resizer\/v2\/CGE6DIHGH5DVZABMNVO5WIAE74.jpg?auth=12eabc4d4ea0cd7ca618ad5081a002a56c1d19c0c4bebaa23052b38077fd9514&amp;smart=true&amp;width=577&amp;height=325&amp;quality=85\" media=\"(min-width: 580px)\"\/><source srcset=\"https:\/\/www.infobae.com\/resizer\/v2\/CGE6DIHGH5DVZABMNVO5WIAE74.jpg?auth=12eabc4d4ea0cd7ca618ad5081a002a56c1d19c0c4bebaa23052b38077fd9514&amp;smart=true&amp;width=420&amp;height=236&amp;quality=85\" media=\"(min-width: 350px)\"\/><source srcset=\"https:\/\/www.infobae.com\/resizer\/v2\/CGE6DIHGH5DVZABMNVO5WIAE74.jpg?auth=12eabc4d4ea0cd7ca618ad5081a002a56c1d19c0c4bebaa23052b38077fd9514&amp;smart=true&amp;width=350&amp;height=197&amp;quality=85\" media=\"(min-width: 80px)\"\/><img alt=\"Alfonso Prat Gay, un hombre de pelo gris con traje, habla gesticulando en un panel, sentado junto a una mujer de cabello oscuro que lo observa\" class=\"global-image\" decoding=\"async\" fetchpriority=\"low\" height=\"1080\" loading=\"lazy\" src=\"https:\/\/www.infobae.com\/resizer\/v2\/CGE6DIHGH5DVZABMNVO5WIAE74.jpg?auth=12eabc4d4ea0cd7ca618ad5081a002a56c1d19c0c4bebaa23052b38077fd9514&amp;smart=true&amp;width=350&amp;height=197&amp;quality=85\" width=\"1920\"\/><\/picture><figcaption class=\"article-figcaption-img\">Alfonso Prat Gay durante su presentaci\u00f3n en ExpoEFI, entrevistado por la economista Jimena Zuniga<\/figcaption><\/div>\n<p class=\"paragraph\">A lo largo de su presentaci\u00f3n, Prat Gay insisi\u00f3 con el mismo latiguillo: \u201cAlgo hay que hacer\u201d. Enfatiz\u00f3 que el Gobierno necesita \u201crecuperar la confianza y explicar lo que est\u00e1 haciendo. No alcanza con decir que la inflaci\u00f3n va a colapsar. Ya lo dijiste muchas veces y no pas\u00f3\u201d. <\/p>\n<p class=\"paragraph\">Otra paradoja, a juicio de Prat Gay, es el hecho de que la administraci\u00f3n Milei no hay podido regresar a los mercados internacionales para la emisi\u00f3n de deuda.<\/p>\n<p class=\"paragraph\">\u201cEste es el gobierno que m\u00e1s credenciales tiene y mejor toca la partitura que m\u00e1s le gusta a Wall Street y sin embargo, despu\u00e9s de dos a\u00f1os, no tiene acceso al mercado. Eso es muy extra\u00f1o. Si todo ese manual de marketing del gobierno, asumamos por un segundo que es todo cierto, se lleva a Wall Street, tendr\u00edan que estar todos encantad\u00edsimos de financiar a la Argentina. Y eso no pasa. Entonces, cuando sucede eso, hay que explicar mejor, no hay que enojarse&#8221;, puntualiz\u00f3 Prat Gay.<\/p>\n<p class=\"paragraph\"><i>Noticia en desarrollo<\/i><\/p>\n<\/div>\n<p><script defer=\"\">try{!function(f,b,e,v,n,t,s) {if(f.fbq)return;n=f.fbq=function(){n.callMethod? n.callMethod.apply(n,arguments):n.queue.push(arguments)}; if(!f._fbq)f._fbq=n;n.push=n;n.loaded=!0;n.version='2.0'; n.queue=[];t=b.createElement(e);t.async=!0; t.src=v;s=b.getElementsByTagName(e)[0]; s.parentNode.insertBefore(t,s)}(window, document,'script', ' fbq('init', '336383993555320'); fbq('track', 'PageView'); fbq('track', 'ViewContent');}catch(error){console.log(\"Error al inicializar facebookPixelRawCodeScript:\",error);}<\/script><\/p>\n","protected":false},"excerpt":{"rendered":"<p>El economista Alfonso Prat Gay, durante su disertaci\u00f3n en ExpoEFI Para el ex ministro de Econom\u00eda y ex titular del BCRA, Alfonso Prat Gay, el punto d\u00e9bil del programa econ\u00f3mico es la falta de perspectivas de crecimiento. Seg\u00fan explic\u00f3 en una disertaci\u00f3n en el Congreso Econ\u00f3mico Argentino, en el marco de ExpoEFI 2026, \u201ces central [&hellip;]<\/p>\n","protected":false},"author":2,"featured_media":87970,"comment_status":"","ping_status":"","sticky":false,"template":"","format":"standard","meta":{"footnotes":""},"categories":[2],"tags":[],"_links":{"self":[{"href":"https:\/\/maxradio923.com.ar\/index.php\/wp-json\/wp\/v2\/posts\/87969"}],"collection":[{"href":"https:\/\/maxradio923.com.ar\/index.php\/wp-json\/wp\/v2\/posts"}],"about":[{"href":"https:\/\/maxradio923.com.ar\/index.php\/wp-json\/wp\/v2\/types\/post"}],"author":[{"embeddable":true,"href":"https:\/\/maxradio923.com.ar\/index.php\/wp-json\/wp\/v2\/users\/2"}],"replies":[{"embeddable":true,"href":"https:\/\/maxradio923.com.ar\/index.php\/wp-json\/wp\/v2\/comments?post=87969"}],"version-history":[{"count":0,"href":"https:\/\/maxradio923.com.ar\/index.php\/wp-json\/wp\/v2\/posts\/87969\/revisions"}],"wp:featuredmedia":[{"embeddable":true,"href":"https:\/\/maxradio923.com.ar\/index.php\/wp-json\/wp\/v2\/media\/87970"}],"wp:attachment":[{"href":"https:\/\/maxradio923.com.ar\/index.php\/wp-json\/wp\/v2\/media?parent=87969"}],"wp:term":[{"taxonomy":"category","embeddable":true,"href":"https:\/\/maxradio923.com.ar\/index.php\/wp-json\/wp\/v2\/categories?post=87969"},{"taxonomy":"post_tag","embeddable":true,"href":"https:\/\/maxradio923.com.ar\/index.php\/wp-json\/wp\/v2\/tags?post=87969"}],"curies":[{"name":"wp","href":"https:\/\/api.w.org\/{rel}","templated":true}]}}