{"id":87965,"date":"2026-04-29T11:39:05","date_gmt":"2026-04-29T14:39:05","guid":{"rendered":"https:\/\/maxradio923.com.ar\/index.php\/2026\/04\/29\/patti-smith-fue-galardonada-con-el-premio-princesa-de-asturias-de-las-artes\/"},"modified":"2026-04-29T11:39:05","modified_gmt":"2026-04-29T14:39:05","slug":"patti-smith-fue-galardonada-con-el-premio-princesa-de-asturias-de-las-artes","status":"publish","type":"post","link":"https:\/\/maxradio923.com.ar\/index.php\/2026\/04\/29\/patti-smith-fue-galardonada-con-el-premio-princesa-de-asturias-de-las-artes\/","title":{"rendered":"Patti Smith fue galardonada con el Premio Princesa de Asturias de las Artes"},"content":{"rendered":"<p><\/p>\n<div>\n<p class=\"com-paragraph  --capital --s\">MADRID.- La cantante estadounidense<strong> <\/strong><strong>Patti Smith<\/strong> fue galardonada este mi\u00e9rcoles en <strong>Espa\u00f1a <\/strong>con el <strong>Premio Princesa de Asturias de las Artes 2026<\/strong> por encarnar <strong>\u201cel esp\u00edritu de la contracultura con una gran potencia expresiva\u201d<\/strong>. <\/p>\n<p class=\"com-paragraph   --s\">La tambi\u00e9n escritora, de 79 a\u00f1os, <strong>\u201cplasm\u00f3 la rebeld\u00eda del individuo en la sociedad <\/strong>en canciones palpitantes, algunas de las cuales ya son \u00edconos de la m\u00fasica popular de nuestro tiempo\u201d, indic\u00f3 el fallo del jurado del premio convocado por la Fundaci\u00f3n Princesa de Asturias, la <strong>heredera de la Corona espa\u00f1ola.<\/strong><\/p>\n<div class=\"content-media cursor-pointer container-center-100\">\n<section class=\"media-container relative ratio-16-9 mod-media pb-32\">\n<figure class=\"mod-video\">\n<div class=\"video-player bg-black ratio-16-9\" data-has-jwplayer=\"true\" data-video-id-jw=\"E6z4jjNp\" data-config=\"{&quot;title&quot;:&quot;Patti Smith fue galardonada con el Premio Princesa de Asturias de las Artes&quot;,&quot;mediaId&quot;:&quot;E6z4jjNp&quot;,&quot;playerId&quot;:&quot;ih0086X3&quot;,&quot;playlist&quot;:[{&quot;mediaid&quot;:&quot;E6z4jjNp&quot;,&quot;sources&quot;:[{&quot;file&quot;:&quot;https:\/\/cdn.jwplayer.com\/manifests\/E6z4jjNp.m3u8&quot;,&quot;type&quot;:&quot;application\/vnd.apple.mpegurl&quot;},{&quot;bitrate&quot;:221790,&quot;file&quot;:&quot;https:\/\/cdn.jwplayer.com\/videos\/E6z4jjNp-kTExGaWf.mp4&quot;,&quot;filesize&quot;:1885218,&quot;framerate&quot;:25,&quot;height&quot;:180,&quot;label&quot;:&quot;180p&quot;,&quot;type&quot;:&quot;video\/mp4&quot;,&quot;width&quot;:320},{&quot;bitrate&quot;:309361,&quot;file&quot;:&quot;https:\/\/cdn.jwplayer.com\/videos\/E6z4jjNp-K8B0kybS.mp4&quot;,&quot;filesize&quot;:2629573,&quot;framerate&quot;:25,&quot;height&quot;:270,&quot;label&quot;:&quot;270p&quot;,&quot;type&quot;:&quot;video\/mp4&quot;,&quot;width&quot;:480},{&quot;bitrate&quot;:697838,&quot;file&quot;:&quot;https:\/\/cdn.jwplayer.com\/videos\/E6z4jjNp-46NIuRKO.mp4&quot;,&quot;filesize&quot;:5931631,&quot;framerate&quot;:25,&quot;height&quot;:720,&quot;label&quot;:&quot;720p&quot;,&quot;type&quot;:&quot;video\/mp4&quot;,&quot;width&quot;:1280},{&quot;bitrate&quot;:115224,&quot;file&quot;:&quot;https:\/\/cdn.jwplayer.com\/videos\/E6z4jjNp-hz5z2Tv4.m4a&quot;,&quot;filesize&quot;:965005,&quot;label&quot;:&quot;AAC Audio&quot;,&quot;type&quot;:&quot;audio\/mp4&quot;},{&quot;bitrate&quot;:347967,&quot;file&quot;:&quot;https:\/\/cdn.jwplayer.com\/videos\/E6z4jjNp-FnZGUVnC.mp4&quot;,&quot;filesize&quot;:2957723,&quot;framerate&quot;:25,&quot;height&quot;:360,&quot;label&quot;:&quot;360p&quot;,&quot;type&quot;:&quot;video\/mp4&quot;,&quot;width&quot;:640},{&quot;bitrate&quot;:529559,&quot;file&quot;:&quot;https:\/\/cdn.jwplayer.com\/videos\/E6z4jjNp-0G6Pwvlw.mp4&quot;,&quot;filesize&quot;:4501257,&quot;framerate&quot;:25,&quot;height&quot;:540,&quot;label&quot;:&quot;540p&quot;,&quot;type&quot;:&quot;video\/mp4&quot;,&quot;width&quot;:960}]}],&quot;hasAutoplay&quot;:false,&quot;autostart&quot;:true,&quot;tagsUrl&quot;:&quot;https:\/\/pubads.g.doubleclick.net\/gampad\/ads?slotname=\/133919216\/la_nacion_video\/nota\/preroll&amp;sz=640x480|400x300&amp;ciu_szs=300x250&amp;unviewed_position_start=1&amp;output=vast&amp;impl=s&amp;env=vp&amp;gdfp_req=1&amp;ad_rule=0&amp;vad_type=linear&amp;vpos=preroll&amp;cust_params=tags_nuevos%3Dte_patti_smith%2Cte_premios%2Cte_arte%2Cte_espana%2Cte_rock%2Cca_musica%2Cca_espectaculos%2C%2CH2JOR5TDTREOFI7KYHI2CDEOIY&amp;pod=3&amp;ppos=1&amp;lip=true&amp;min_ad_duration=0&amp;max_ad_duration=30000&amp;vrid=6256&amp;url=https%3A%2F%2Fwww.lanacion.com.ar%2Fespectaculos%2Fpatti-smith-fue-galardonada-con-el-premio-princesa-de-asturias-de-las-artes-nid29042026%2F%3Fvariant%3DA&amp;description_url=https%3A%2F%2Fwww.lanacion.com.ar%2Fespectaculos%2Fpatti-smith-fue-galardonada-con-el-premio-princesa-de-asturias-de-las-artes-nid29042026%2F%3Fvariant%3DA&amp;video_doc_id=short_onecue&amp;cmsid=496&amp;kfa=0&amp;tfcd=0&amp;correlator=1777473519743&quot;,&quot;arcSite&quot;:&quot;la-nacion-ar&quot;,&quot;duration&quot;:&quot;67000&quot;}\">\n<div id=\"facade-E6z4jjNp\" class=\"content-facade-jw relative bg-black ratio-16-9\"><picture><source media=\"(max-width: 767px)\" srcset=\"https:\/\/resizer.glanacion.com\/resizer\/v2\/https%3A%2F%2Fcdn.jwplayer.com%2Fv2%2Fmedia%2FE6z4jjNp%2Fposter.jpg%3Fwidth%3D720?auth=98139df9c96b277f899234b59804afc1e8af80b9248c43e6a965376ce1a03d4b&amp;width=480&amp;quality=70&amp;smart=false\"\/><img class=\"image com-image flex --cover\" decoding=\"async\" fetchpriority=\"low\" loading=\"lazy\" src=\"https:\/\/resizer.glanacion.com\/resizer\/v2\/https%3A%2F%2Fcdn.jwplayer.com%2Fv2%2Fmedia%2FE6z4jjNp%2Fposter.jpg%3Fwidth%3D720?auth=98139df9c96b277f899234b59804afc1e8af80b9248c43e6a965376ce1a03d4b&amp;width=720&amp;quality=70&amp;smart=false\" alt=\"Patti Smith fue galardonada con el Premio Princesa de Asturias de las Artes\"\/><\/picture><\/div>\n<\/div><figcaption class=\"border border-1 border-bottom border-light-300 relative px-16 py-8 min-h-36 w-100_md px-0_l mb-8 bg-white\"><span class=\"text ln-text text-16 block\">Patti Smith fue galardonada con el Premio Princesa de Asturias de las Artes<\/span><\/figcaption><\/figure>\n<\/section>\n<\/div>\n<p class=\"com-paragraph   --s\">Conocida como la \u201cmadrina del punk\u201d por inyectarle intelectualidad a ese g\u00e9nero, <strong>Patricia Lee Smith posee una \u201cimpetuosa creatividad, que conecta el rock, la poes\u00eda simbolista y el esp\u00edritu de la contracultura<\/strong> con una gran potencia expresiva\u201d, agreg\u00f3 el fallo le\u00eddo por la core\u00f3grafa espa\u00f1ola de flamenco <strong>Mar\u00eda Pag\u00e9s Madrigal<\/strong>, galardonada con el Princesa de Asturias en 2022 y presidenta del jurado este a\u00f1o.<\/p>\n<p class=\"com-paragraph   --s\">Estos premios, instituidos en 1981 y considerados los m\u00e1s prestigiosos del mundo iberoamericano, est\u00e1n dotados con 50.000 euros (equivalentes a 58.000 d\u00f3lares) y una escultura creada por el fallecido artista catal\u00e1n <strong>Joan Mir\u00f3<\/strong>.<\/p>\n<p class=\"com-paragraph   --s\">En una foto en blanco y negro en la portada, barbilla en alto y ojos desafiantes, Smith, luchadora por los derechos civiles, <strong>irrumpi\u00f3 en el mundo del rock con su \u00e1lbum <\/strong><em><strong>Horses<\/strong><\/em><strong>, en 1975, <\/strong>que la convirti\u00f3 r\u00e1pidamente en una de las artistas m\u00e1s influyentes de la escena.<\/p>\n<p class=\"com-paragraph   --s\">Al darse a conocer como cantante, <strong>ya hab\u00eda publicado varios poemarios<\/strong>, los que sigui\u00f3 firmando hasta recientemente. Tambi\u00e9n <strong>escribi\u00f3 varios libros de memorias, celebrados por la cr\u00edtica.<\/strong> <\/p>\n<p class=\"com-paragraph   --s\">Nacida en Chicago en 1946, fue autora a lo largo de sus m\u00e1s de cinco d\u00e9cadas de trayectoria profesional de t\u00edtulos con destino de cl\u00e1sicos como \u201cBecause the Night\u201d<em>,<\/em> en colaboraci\u00f3n co<strong>n Bruce Springsteen <\/strong>y \u201cPeople Have the Power\u201d.<\/p>\n<p class=\"com-paragraph   --s\">Influida por la obra de la generaci\u00f3n <em>beat<\/em> estadounidense, dej\u00f3 clara su devoci\u00f3n por autores como <strong>Federico Garc\u00eda Lorca<\/strong> y<strong> Roberto Bola\u00f1o,<\/strong> para quien compuso una canci\u00f3n. Su obra literaria m\u00e1s reciente es <em>Pan de \u00e1ngeles<\/em>, publicada el a\u00f1o pasado.<\/p>\n<div class=\"content-media\">\n<section role=\"button\" class=\"mod-media   \">\n<figure role=\"button\" tabindex=\"0\" class=\"mod-figure \"><figcaption class=\"mod-figcaption\"><span class=\"com-text --caption --twoxs\">Patti Smith en Buenos Aires<\/span><span class=\"com-text --credit --twoxs\">Santiago Cichero\/AFV<\/span><\/figcaption><\/figure>\n<\/section>\n<\/div>\n<p class=\"com-paragraph   --s\">Su trayectoria traspas\u00f3 \u201clos l\u00edmites de lo estrictamente musical para convertirse en una comunicadora multidisciplinar e iconoclasta a trav\u00e9s de distintas manifestaciones art\u00edsticas como la poes\u00eda, la fotograf\u00eda, la <em>performance <\/em>o la videoinstalaci\u00f3n\u201d, indic\u00f3 la Fundaci\u00f3n Princesa de Asturias.<\/p>\n<p class=\"com-paragraph   --s\">Siempre combativa, Smith particip\u00f3 en las manifestaciones que ped\u00edan el fin de la guerra de Irak y la salida del presidente <strong>George W. Bush<\/strong> en 2003; defendi\u00f3 a las integrantes del <strong>grupo punk feminista ruso Pussy Riot <\/strong>tras su detenci\u00f3n en 2012 y firm\u00f3 un art\u00edculo de opini\u00f3n contra el <strong>calentamiento global<\/strong> en 2018. Fue incluida en 2007 en el Sal\u00f3n de la Fama del Rock.<\/p>\n<p class=\"com-paragraph   --s\">El de las Artes es el primero de los ocho galardones de esta edici\u00f3n de los premios, que anualmente, y a ritmo de uno por semana, otorga la Fundaci\u00f3n Princesa de Asturias. El a\u00f1o pasado, en esta categor\u00eda, el reconocimiento fue para la fot\u00f3grafa mexicana <strong>Graciela Iturbide,<\/strong> cuyas im\u00e1genes invitan \u201ca mirar m\u00e1s all\u00e1 de lo visible\u201d, seg\u00fan determin\u00f3 entonces el jurado.<\/p>\n<p class=\"com-paragraph   --s\">En otras ediciones fueron premiados m\u00fasicos como <strong>Joan Manuel Serrat<\/strong> y <strong>Bob Dylan,<\/strong> personajes del mundo del cine como<strong> Meryl Streep, Martin Scorsese, Francis Ford Coppola y Pedro Almod\u00f3var,<\/strong> y arquitectos como <strong>Frank O. Gehry, Norman Foster y Santiago Calatrava.<\/strong><\/p>\n<div class=\"content-media\">\n<section role=\"button\" class=\"mod-media   \">\n<figure role=\"button\" tabindex=\"0\" class=\"mod-figure \"><figcaption class=\"mod-figcaption\"><span class=\"com-text --caption --twoxs\">Leonor, la Princesa de Asturias y el Rey Felipe VI en los Premios Princesa de Asturias 2022<br \/>\n<\/span><\/figcaption><\/figure>\n<\/section>\n<\/div>\n<p class=\"com-paragraph   --s\">Los galardones, que toman su nombre del t\u00edtulo de la heredera al trono de la Corona espa\u00f1ola, la princesa <strong>Leonor<\/strong>, son entregados por ella y los reyes Felipe VI y Letizia en octubre en una ceremonia en Oviedo, capital de Asturias.<\/p>\n<p class=\"com-paragraph   --s\"><em><strong>Con informaci\u00f3n de las Agencias AFP y ANSA<\/strong><\/em><\/p>\n<section class=\"container-center-100 mb-40 border border-bottom border-thin border-neutral-light-700\">\n<hr\/>\n<\/section>\n<\/div>\n<p><script id=\"facebookpixel\" defer=\"\" type=\"text\/javascript\">\n        !function(f,b,e,v,n,t,s)\n        {if(f.fbq)return;n=f.fbq=function(){n.callMethod?\n        n.callMethod.apply(n,arguments):n.queue.push(arguments)};\n        if(!f._fbq)f._fbq=n;n.push=n;n.loaded=!0;n.version='2.0';\n        n.queue=[];t=b.createElement(e);t.async=!0;\n        t.src=v;s=b.getElementsByTagName(e)[0];\n        s.parentNode.insertBefore(t,s)}(window, document,'script',\n        '\n        fbq('init', '492459597522335');\n        fbq('track', 'PageView');\n    <\/script><\/p>\n","protected":false},"excerpt":{"rendered":"<p>MADRID.- La cantante estadounidense Patti Smith fue galardonada este mi\u00e9rcoles en Espa\u00f1a con el Premio Princesa de Asturias de las Artes 2026 por encarnar \u201cel esp\u00edritu de la contracultura con una gran potencia expresiva\u201d. La tambi\u00e9n escritora, de 79 a\u00f1os, \u201cplasm\u00f3 la rebeld\u00eda del individuo en la sociedad en canciones palpitantes, algunas de las cuales [&hellip;]<\/p>\n","protected":false},"author":2,"featured_media":87966,"comment_status":"","ping_status":"","sticky":false,"template":"","format":"standard","meta":{"footnotes":""},"categories":[14],"tags":[],"_links":{"self":[{"href":"https:\/\/maxradio923.com.ar\/index.php\/wp-json\/wp\/v2\/posts\/87965"}],"collection":[{"href":"https:\/\/maxradio923.com.ar\/index.php\/wp-json\/wp\/v2\/posts"}],"about":[{"href":"https:\/\/maxradio923.com.ar\/index.php\/wp-json\/wp\/v2\/types\/post"}],"author":[{"embeddable":true,"href":"https:\/\/maxradio923.com.ar\/index.php\/wp-json\/wp\/v2\/users\/2"}],"replies":[{"embeddable":true,"href":"https:\/\/maxradio923.com.ar\/index.php\/wp-json\/wp\/v2\/comments?post=87965"}],"version-history":[{"count":0,"href":"https:\/\/maxradio923.com.ar\/index.php\/wp-json\/wp\/v2\/posts\/87965\/revisions"}],"wp:featuredmedia":[{"embeddable":true,"href":"https:\/\/maxradio923.com.ar\/index.php\/wp-json\/wp\/v2\/media\/87966"}],"wp:attachment":[{"href":"https:\/\/maxradio923.com.ar\/index.php\/wp-json\/wp\/v2\/media?parent=87965"}],"wp:term":[{"taxonomy":"category","embeddable":true,"href":"https:\/\/maxradio923.com.ar\/index.php\/wp-json\/wp\/v2\/categories?post=87965"},{"taxonomy":"post_tag","embeddable":true,"href":"https:\/\/maxradio923.com.ar\/index.php\/wp-json\/wp\/v2\/tags?post=87965"}],"curies":[{"name":"wp","href":"https:\/\/api.w.org\/{rel}","templated":true}]}}