{"id":8796,"date":"2023-10-24T20:34:59","date_gmt":"2023-10-24T23:34:59","guid":{"rendered":"https:\/\/maxradio923.com\/index.php\/2023\/10\/24\/jorge-macri-agradecio-el-gesto-de-leandro-santoro-y-prometio-cuatro-anos-de-trabajo-y-cambios\/"},"modified":"2023-10-24T22:44:10","modified_gmt":"2023-10-25T01:44:10","slug":"jorge-macri-agradecio-el-gesto-de-leandro-santoro-y-prometio-cuatro-anos-de-trabajo-y-cambios","status":"publish","type":"post","link":"https:\/\/maxradio923.com.ar\/index.php\/2023\/10\/24\/jorge-macri-agradecio-el-gesto-de-leandro-santoro-y-prometio-cuatro-anos-de-trabajo-y-cambios\/","title":{"rendered":"Jorge Macri agradeci\u00f3 el gesto de Leandro Santoro y prometi\u00f3 \u201ccuatro a\u00f1os de trabajo y cambios\u201d"},"content":{"rendered":"<p><img decoding=\"async\" src=\"https:\/\/diariod3.com\/inicio\/wp-content\/uploads\/2023\/10\/macri-sntorojpg.webp\"\/><\/p>\n<h2>El hombre de Juntos por el Cambio, que ser\u00e1 el pr\u00f3ximo jefe de Gobierno de la Ciudad de Buenos Aires, se expres\u00f3 a trav\u00e9s de sus redes sociales luego de que el representante de Uni\u00f3n por la Patria decidiera no competir en la segunda vuelta porte\u00f1a.<\/h2>\n<p>Jorge Macri, a trav\u00e9s de sus redes sociales, emiti\u00f3 un comunicado oficial por medio del cual agradeci\u00f3 el gesto de Leandro Santoro (Uni\u00f3n por la Patria), quien decidi\u00f3 no competir en la segunda vuelta de las elecciones porte\u00f1as, raz\u00f3n por la cual el hombre de Juntos por el Cambio ser\u00e1 el pr\u00f3ximo Jefe de Gobierno porte\u00f1o.<\/p>\n<p>\u201cLeandro Santoro comunic\u00f3 oficialmente que se baja del balotaje. Es un buen gesto de un dirigente al que valoro y respeto, que tuvo un gran compromiso durante la campa\u00f1a y actu\u00f3 con lealtad. Me alegra esta decisi\u00f3n que evita realizar una nueva elecci\u00f3n en la Ciudad cuando los resultados ya hab\u00edan expresado la opini\u00f3n mayoritaria de los porte\u00f1os\u201d, indic\u00f3 el primo del ex Presidente de la Naci\u00f3n, Mauricio Macri.<\/p>\n<p>Vale recordar que en las primeras horas de esta tarde, dos d\u00edas despu\u00e9s de las las elecciones generales el candidato a jefe de Gobierno porte\u00f1o por Uni\u00f3n por la Patria (UP), tom\u00f3 la decisi\u00f3n de no competir en el balotaje del 19 de noviembre. De esta manera, Jorge Macri, candidato de Juntos por el Cambio (JxC), quien obtuvo el 49,61% de los votos, ser\u00e1 el sucesor de Horacio Rodr\u00edguez Larreta en la Ciudad de Buenos Aires.<\/p>\n<p>En su comunicado, Macri complet\u00f3: \u201cQuiero agradecer nuevamente a todos los que confiaron en nosotros, asumo el compromiso que significa. Nos esperan cuatro a\u00f1os de trabajo y cambios. Estamos preparados para empezar juntos una nueva \u00e9poca\u201d.<\/p>\n<p>La medida de la oposici\u00f3n porte\u00f1a comenz\u00f3 a ser analizada desde el domingo. Inicialmente, hab\u00edan optado por esperar los resultados del escrutinio definitivo. Seg\u00fan la normativa, el ganador tiene que alcanzar el 50% de los votos y, si eso no ocurre, debe volver a competir en un balotaje. Sin embargo, la proximidad de Macri a una victoria en la primera vuelta llev\u00f3 a adelantar el anuncio.<\/p>\n<p>\u201cQueremos agradecer a los casi 600.000 porte\u00f1os y porte\u00f1as que nos dieron su confianza a trav\u00e9s del voto\u201d, comienza el comunicado publicado por Uni\u00f3n por la Ciudad.<\/p>\n<p>\u201cA pocas horas de comenzar el escrutinio definitivo, nuestras actas registran que el resultado que obtendr\u00e1 Jorge Macri estar\u00e1 a muy pocos votos de alcanzar el n\u00famero establecido por la Constituci\u00f3n de la CABA para ser electo Jefe de Gobierno. Es por ello que una lectura realista del resultado electoral, sumado al apoyo expl\u00edcito de Javier Milei a Jorge Macri, nos dan la pauta de que ser\u00eda insensato forzar un ballotage\u201d, prosigue el escrito mediante el cual se realiz\u00f3 el anuncio oficial de la oposici\u00f3n porte\u00f1a.<\/p>\n<p>\u201cPor tales motivos, consideramos que la estrategia correcta que nos demanda este momento hist\u00f3rico es concentrar nuestros esfuerzos en defender la democracia frente a la amenaza autoritaria, contribuyendo a que Sergio Massa gane en la Ciudad de Buenos Aires y sea electo Presidente de la Naci\u00f3n. Finalmente ratificamos nuestro compromiso de seguir trabajando para lograr una Ciudad m\u00e1s justa, sensible y humana\u201d, concluye el texto firmado por Santoro y los referentes de Uni\u00f3n por la Ciudad.<\/p>\n<p>Poco despu\u00e9s de que se conociera la decisi\u00f3n de Santoro, Mauricio Macri salud\u00f3 a su primo a trav\u00e9s de las redes sociales. \u201cFelicitaciones Jorge!!! Es una gran alegr\u00eda que hayas sido elegido por la mitad de los porte\u00f1os como el pr\u00f3ximo Jefe de Gobierno de la Ciudad de Buenos Aires. Estoy seguro que tu empuje y experiencia llevar\u00e1n a la ciudad a un nuevo nivel\u201d, se\u00f1al\u00f3 el ex mandatario.<\/p>\n<p>En esa misma l\u00ednea tambi\u00e9n se expres\u00f3 Horacio Rodr\u00edguez Larreta. \u201cFelicitaciones @jorgemacri y @claramuzzio, oficialmente los pr\u00f3ximos Jefe y Vicejefe de Gobierno de la Ciudad. Emociona ver c\u00f3mo este equipo de millones de vecinos sigue apostando por la transformaci\u00f3n, por el gobierno cercano y transparente\u201d, indic\u00f3 el alcalde saliente.<\/p>\n<p>Fuente: INFOBAE<\/p>\n<p>Por: Graciela Herrera<\/p>\n<p>La entrada <a href=\"https:\/\/diariod3.com\/inicio\/jorge-macri-agradecio-el-gesto-de-leandro-santoro-y-prometio-cuatro-anos-de-trabajo-y-cambios\/\" rel=\"noreferrer noopener\" target=\"_blank\">Jorge Macri agradeci\u00f3 el gesto de Leandro Santoro y prometi\u00f3 \u201ccuatro a\u00f1os de trabajo y cambios\u201d<\/a> se public\u00f3 primero en <a href=\"https:\/\/diariod3.com\/inicio\" rel=\"noreferrer noopener\" target=\"_blank\">DIARIO D3 NOTICIAS<\/a>.<\/p>\n","protected":false},"excerpt":{"rendered":"<p>El hombre de Juntos por el Cambio, que ser\u00e1 el pr\u00f3ximo jefe de Gobierno de la Ciudad de Buenos Aires, se expres\u00f3 a trav\u00e9s de sus redes sociales luego de que el representante de Uni\u00f3n por la Patria decidiera no competir en la segunda vuelta porte\u00f1a. Jorge Macri, a trav\u00e9s de sus redes sociales, emiti\u00f3 [&hellip;]<\/p>\n","protected":false},"author":2,"featured_media":8823,"comment_status":"closed","ping_status":"","sticky":false,"template":"","format":"standard","meta":{"footnotes":""},"categories":[12],"tags":[],"_links":{"self":[{"href":"https:\/\/maxradio923.com.ar\/index.php\/wp-json\/wp\/v2\/posts\/8796"}],"collection":[{"href":"https:\/\/maxradio923.com.ar\/index.php\/wp-json\/wp\/v2\/posts"}],"about":[{"href":"https:\/\/maxradio923.com.ar\/index.php\/wp-json\/wp\/v2\/types\/post"}],"author":[{"embeddable":true,"href":"https:\/\/maxradio923.com.ar\/index.php\/wp-json\/wp\/v2\/users\/2"}],"replies":[{"embeddable":true,"href":"https:\/\/maxradio923.com.ar\/index.php\/wp-json\/wp\/v2\/comments?post=8796"}],"version-history":[{"count":1,"href":"https:\/\/maxradio923.com.ar\/index.php\/wp-json\/wp\/v2\/posts\/8796\/revisions"}],"predecessor-version":[{"id":8822,"href":"https:\/\/maxradio923.com.ar\/index.php\/wp-json\/wp\/v2\/posts\/8796\/revisions\/8822"}],"wp:featuredmedia":[{"embeddable":true,"href":"https:\/\/maxradio923.com.ar\/index.php\/wp-json\/wp\/v2\/media\/8823"}],"wp:attachment":[{"href":"https:\/\/maxradio923.com.ar\/index.php\/wp-json\/wp\/v2\/media?parent=8796"}],"wp:term":[{"taxonomy":"category","embeddable":true,"href":"https:\/\/maxradio923.com.ar\/index.php\/wp-json\/wp\/v2\/categories?post=8796"},{"taxonomy":"post_tag","embeddable":true,"href":"https:\/\/maxradio923.com.ar\/index.php\/wp-json\/wp\/v2\/tags?post=8796"}],"curies":[{"name":"wp","href":"https:\/\/api.w.org\/{rel}","templated":true}]}}