{"id":87956,"date":"2026-04-29T10:14:02","date_gmt":"2026-04-29T13:14:02","guid":{"rendered":"https:\/\/maxradio923.com.ar\/index.php\/2026\/04\/29\/para-el-presidente-del-bcra-los-bancos-dieron-una-ola-de-creditos-a-ciegas-y-el-pico-de-la-morosidad-ya-paso\/"},"modified":"2026-04-29T10:14:02","modified_gmt":"2026-04-29T13:14:02","slug":"para-el-presidente-del-bcra-los-bancos-dieron-una-ola-de-creditos-a-ciegas-y-el-pico-de-la-morosidad-ya-paso","status":"publish","type":"post","link":"https:\/\/maxradio923.com.ar\/index.php\/2026\/04\/29\/para-el-presidente-del-bcra-los-bancos-dieron-una-ola-de-creditos-a-ciegas-y-el-pico-de-la-morosidad-ya-paso\/","title":{"rendered":"Para el presidente del BCRA, los bancos dieron \u201cuna ola de cr\u00e9ditos a ciegas\u201d y el pico de la morosidad ya pas\u00f3"},"content":{"rendered":"<p><\/p>\n<div>\n<div class=\"visual__image\"><picture><source srcset=\"https:\/\/www.infobae.com\/resizer\/v2\/GHCZ4NF7FVEHHAYVQTRQ5BKS7I.png?auth=a44d2cf5a062d322740c0934b6124ab05a8389fa3892b57f2faf2b3379cb82b3&amp;smart=true&amp;width=992&amp;height=558&amp;quality=85\" media=\"(min-width: 1000px)\"\/><source srcset=\"https:\/\/www.infobae.com\/resizer\/v2\/GHCZ4NF7FVEHHAYVQTRQ5BKS7I.png?auth=a44d2cf5a062d322740c0934b6124ab05a8389fa3892b57f2faf2b3379cb82b3&amp;smart=true&amp;width=768&amp;height=432&amp;quality=85\" media=\"(min-width: 768px)\"\/><source srcset=\"https:\/\/www.infobae.com\/resizer\/v2\/GHCZ4NF7FVEHHAYVQTRQ5BKS7I.png?auth=a44d2cf5a062d322740c0934b6124ab05a8389fa3892b57f2faf2b3379cb82b3&amp;smart=true&amp;width=577&amp;height=325&amp;quality=85\" media=\"(min-width: 580px)\"\/><source srcset=\"https:\/\/www.infobae.com\/resizer\/v2\/GHCZ4NF7FVEHHAYVQTRQ5BKS7I.png?auth=a44d2cf5a062d322740c0934b6124ab05a8389fa3892b57f2faf2b3379cb82b3&amp;smart=true&amp;width=420&amp;height=236&amp;quality=85\" media=\"(min-width: 350px)\"\/><source srcset=\"https:\/\/www.infobae.com\/resizer\/v2\/GHCZ4NF7FVEHHAYVQTRQ5BKS7I.png?auth=a44d2cf5a062d322740c0934b6124ab05a8389fa3892b57f2faf2b3379cb82b3&amp;smart=true&amp;width=350&amp;height=197&amp;quality=85\" media=\"(min-width: 80px)\"\/><img alt=\"Santiago Bausili - Federico Furiase\" class=\"global-image\" decoding=\"async\" fetchpriority=\"low\" height=\"1080\" loading=\"lazy\" src=\"https:\/\/www.infobae.com\/resizer\/v2\/GHCZ4NF7FVEHHAYVQTRQ5BKS7I.png?auth=a44d2cf5a062d322740c0934b6124ab05a8389fa3892b57f2faf2b3379cb82b3&amp;smart=true&amp;width=350&amp;height=197&amp;quality=85\" width=\"1920\"\/><\/picture><figcaption class=\"article-figcaption-img\">Santiago Bausili, presidente del Banco Central<\/figcaption><\/div>\n<p class=\"paragraph\">El presidente del Banco Central, <b>Santiago Bausili<\/b>, afirm\u00f3 que \u201clos bancos ya vieron el pico de la morosidad, por lo que <b>el sistema financiero se est\u00e1 saneando<\/b>. Hay indicios alentadores en los datos de marzo y abril de que el impacto de la mora est\u00e1 perdiendo peso\u201d. <\/p>\n<p class=\"paragraph\">El titular del BCRA habl\u00f3 en la apertura de la segunda jornada del Congreso Econ\u00f3mico Argentino que se celebra en el marco de <b>ExpoEFI 2026<\/b>. Y reafirm\u00f3 entre los presente la idea de que la elevada mora del cr\u00e9dito bancario, la m\u00e1s alta en dos d\u00e9cadas, deber\u00e1 reducirse en base a los propios movimientos del mercado, sin que exista en marcha ninguna medida del Banco Central para mitigar ese escenario.<\/p>\n<p class=\"paragraph\">Bausili destac\u00f3 que en 2024 y 2025, tras muchos a\u00f1os con niveles de cr\u00e9ditos muy bajos, tanto los bancos como los tomadores de cr\u00e9dito tuvieron que acostumbrarse a un nuevo escenario para los bancos, \u201cque est\u00e1n abandonando lo transaccional y vuelven a prestar\u201d.<\/p>\n<p class=\"paragraph\">En ese contexto, se\u00f1al\u00f3, \u201clos bancos tuvieron que reconstruir sus sitemas de scoring y hubo <b>una primera ola de cr\u00e9ditos que se otorg\u00f3 a ciegas, <\/b>sin saber a qui\u00e9n se le estaba prestando el dinero\u201d. En virtud de eso, \u201csi no hay cr\u00e9dito, no hay mora; cuando volvi\u00f3 el cr\u00e9dito, apareci\u00f3 la mora\u201d. <\/p>\n<p class=\"paragraph\">En el proceso de reiniciar la actividad crediticia, \u201cambas partes, los deudores y los acreedores, tuvieron que volve a aprender a dar y pedir cr\u00e9ditos. Para el deudor, la inflaci\u00f3n se ocubpaba de las \u00faltimas cuotas del cr\u00e9dito en pesos. Ya no m\u00e1s. Los bancos tuvieron que reconstruir la historia crediticia de sus clientes\u201d, se\u00f1al\u00f3 Bausili.<\/p>\n<p class=\"paragraph\">\u201cEse proceso de aprendizaje enfrent\u00f3 el shock de la tasa de inter\u00e9s del a\u00f1o pasado que exacerb\u00f3 el desaf\u00edo\u201d, agreg\u00f3.<\/p>\n<p class=\"paragraph\">Bausili admiti\u00f3 que el 3,4% de Indice de Precios al Consumidor (IPC) registrado en marzo fue \u201cm\u00e1s de lo deseado y que, a nivel general, podr\u00eda indicarse que hubo un cambio de tendencia en el nivel de inflaci\u00f3n mensual\u201d.<\/p>\n<p class=\"paragraph\">\u201cEsto es temporario. Hubo un salto de precios como consecuencia de la ca\u00edda en la demanda de dinero del a\u00f1o pasado, combinado con algunos cambios en precios relativos. Las expectativas de mercado permanecen bien ancladas y tambi\u00e9n se\u00f1alan un proceso desinflacionario hacia delante\u201d, dijo el titular del BCRA.<\/p>\n<p class=\"paragraph\">Augur\u00f3 que \u201ca medida que el impacto de los cambios en precios relativos se disipe, retomaremos el sendero desinflacionario. Las expectativas del sector privado no se alteraron. El REM y los breakevens de inflaci\u00f3n apuntan a una convergencia gradual desinflacionaria a medida que avanza el a\u00f1o\u201d.<\/p>\n<p class=\"paragraph\">\u201cEl punto de llegada es el mismo. Las medidas de inflaci\u00f3n subyacente y las observaciones de alta frecuencia nos validan esta posici\u00f3n\u201d, dijo Bausili.<\/p>\n<p class=\"paragraph\">Bausili consider\u00f3 \u201cun hito para una econom\u00eda tan bimonetaria como la nuestra\u201d el hecho de que las modificaciones que pesaron sobre el esquema cambiario, con la salida del cepo, la flotaci\u00f3n entre bandas, las elecciones y un shock geopol\u00edtico, \u201cno tuvieron impacto sobre los precios de los bienes\u201d. <\/p>\n<p class=\"paragraph\">M\u00e1s all\u00e1 de esos pron\u00f3sticos alentadores sobre el reinicio del sendero desinflacionario, el presidente del Central marc\u00f3 las dificultades que enfrent\u00f3 la econom\u00eda. <\/p>\n<p class=\"paragraph\">\u201cEl shock del a\u00f1o pasado trajo un costo. La incertidumbre hizo que se postergaran decisiones de inversi\u00f3n y decisiones de consumo, impactando negativamente en el nivel de actividad\u201d, dijo Bausili. Y atribuy\u00f3 la suba de las tasas de inter\u00e9s a que, en un esquema monetario basado en el control de las cantidades de dinero, era esperable que aumentara la volatilidad.<\/p>\n<p class=\"paragraph\">Estos movimientos impactaron sobre los costos de producci\u00f3n y \u201clas coberturas financieras son un costo adicional para la econom\u00eda, que debe pagarse, sobre todo, cuando el escenario que se buscaba cubrir no se materializ\u00f3\u201d. <\/p>\n<p class=\"paragraph\">\u201cLa fortaleza de los fundamentos, principalmente el orden fiscal y monetario, permite que la absorci\u00f3n de esos costos sea r\u00e1pida y ordenada\u201d, afirm\u00f3 Bausili.<\/p>\n<\/div>\n<p><script defer=\"\">try{!function(f,b,e,v,n,t,s) {if(f.fbq)return;n=f.fbq=function(){n.callMethod? n.callMethod.apply(n,arguments):n.queue.push(arguments)}; if(!f._fbq)f._fbq=n;n.push=n;n.loaded=!0;n.version='2.0'; n.queue=[];t=b.createElement(e);t.async=!0; t.src=v;s=b.getElementsByTagName(e)[0]; s.parentNode.insertBefore(t,s)}(window, document,'script', ' fbq('init', '336383993555320'); fbq('track', 'PageView'); fbq('track', 'ViewContent');}catch(error){console.log(\"Error al inicializar facebookPixelRawCodeScript:\",error);}<\/script><\/p>\n","protected":false},"excerpt":{"rendered":"<p>Santiago Bausili, presidente del Banco Central El presidente del Banco Central, Santiago Bausili, afirm\u00f3 que \u201clos bancos ya vieron el pico de la morosidad, por lo que el sistema financiero se est\u00e1 saneando. Hay indicios alentadores en los datos de marzo y abril de que el impacto de la mora est\u00e1 perdiendo peso\u201d. El titular [&hellip;]<\/p>\n","protected":false},"author":2,"featured_media":87957,"comment_status":"","ping_status":"","sticky":false,"template":"","format":"standard","meta":{"footnotes":""},"categories":[2],"tags":[],"_links":{"self":[{"href":"https:\/\/maxradio923.com.ar\/index.php\/wp-json\/wp\/v2\/posts\/87956"}],"collection":[{"href":"https:\/\/maxradio923.com.ar\/index.php\/wp-json\/wp\/v2\/posts"}],"about":[{"href":"https:\/\/maxradio923.com.ar\/index.php\/wp-json\/wp\/v2\/types\/post"}],"author":[{"embeddable":true,"href":"https:\/\/maxradio923.com.ar\/index.php\/wp-json\/wp\/v2\/users\/2"}],"replies":[{"embeddable":true,"href":"https:\/\/maxradio923.com.ar\/index.php\/wp-json\/wp\/v2\/comments?post=87956"}],"version-history":[{"count":0,"href":"https:\/\/maxradio923.com.ar\/index.php\/wp-json\/wp\/v2\/posts\/87956\/revisions"}],"wp:featuredmedia":[{"embeddable":true,"href":"https:\/\/maxradio923.com.ar\/index.php\/wp-json\/wp\/v2\/media\/87957"}],"wp:attachment":[{"href":"https:\/\/maxradio923.com.ar\/index.php\/wp-json\/wp\/v2\/media?parent=87956"}],"wp:term":[{"taxonomy":"category","embeddable":true,"href":"https:\/\/maxradio923.com.ar\/index.php\/wp-json\/wp\/v2\/categories?post=87956"},{"taxonomy":"post_tag","embeddable":true,"href":"https:\/\/maxradio923.com.ar\/index.php\/wp-json\/wp\/v2\/tags?post=87956"}],"curies":[{"name":"wp","href":"https:\/\/api.w.org\/{rel}","templated":true}]}}