{"id":87954,"date":"2026-04-29T09:53:05","date_gmt":"2026-04-29T12:53:05","guid":{"rendered":"https:\/\/maxradio923.com.ar\/index.php\/2026\/04\/29\/cuanto-cobraran-los-empleados-de-comercio-en-mayo-segun-el-ultimo-acuerdo-paritario\/"},"modified":"2026-04-29T09:53:05","modified_gmt":"2026-04-29T12:53:05","slug":"cuanto-cobraran-los-empleados-de-comercio-en-mayo-segun-el-ultimo-acuerdo-paritario","status":"publish","type":"post","link":"https:\/\/maxradio923.com.ar\/index.php\/2026\/04\/29\/cuanto-cobraran-los-empleados-de-comercio-en-mayo-segun-el-ultimo-acuerdo-paritario\/","title":{"rendered":"Cu\u00e1nto cobrar\u00e1n los empleados de comercio en mayo, seg\u00fan el \u00faltimo acuerdo paritario"},"content":{"rendered":"<p><\/p>\n<div>\n<div class=\"visual__image image-initial-width\"><picture><source srcset=\"https:\/\/www.infobae.com\/resizer\/v2\/DN5ODWMYQFD77MH2B4EZWUZAG4.png?auth=382077dcd43d740a065bd828c1285fed817dabee4d96c4bf6c6d8a50566fac47&amp;smart=true&amp;width=992&amp;height=541&amp;quality=85\" media=\"(min-width: 1000px)\"\/><source srcset=\"https:\/\/www.infobae.com\/resizer\/v2\/DN5ODWMYQFD77MH2B4EZWUZAG4.png?auth=382077dcd43d740a065bd828c1285fed817dabee4d96c4bf6c6d8a50566fac47&amp;smart=true&amp;width=768&amp;height=419&amp;quality=85\" media=\"(min-width: 768px)\"\/><source srcset=\"https:\/\/www.infobae.com\/resizer\/v2\/DN5ODWMYQFD77MH2B4EZWUZAG4.png?auth=382077dcd43d740a065bd828c1285fed817dabee4d96c4bf6c6d8a50566fac47&amp;smart=true&amp;width=577&amp;height=315&amp;quality=85\" media=\"(min-width: 580px)\"\/><source srcset=\"https:\/\/www.infobae.com\/resizer\/v2\/DN5ODWMYQFD77MH2B4EZWUZAG4.png?auth=382077dcd43d740a065bd828c1285fed817dabee4d96c4bf6c6d8a50566fac47&amp;smart=true&amp;width=420&amp;height=229&amp;quality=85\" media=\"(min-width: 350px)\"\/><source srcset=\"https:\/\/www.infobae.com\/resizer\/v2\/DN5ODWMYQFD77MH2B4EZWUZAG4.png?auth=382077dcd43d740a065bd828c1285fed817dabee4d96c4bf6c6d8a50566fac47&amp;smart=true&amp;width=350&amp;height=191&amp;quality=85\" media=\"(min-width: 80px)\"\/><img alt=\"cajas de autopago - supermercados - cajeros - tecnolog\u00eda - 28 de abril\" class=\"global-image\" decoding=\"async\" fetchpriority=\"high\" height=\"768\" loading=\"eager\" src=\"https:\/\/www.infobae.com\/resizer\/v2\/DN5ODWMYQFD77MH2B4EZWUZAG4.png?auth=382077dcd43d740a065bd828c1285fed817dabee4d96c4bf6c6d8a50566fac47&amp;smart=true&amp;width=350&amp;height=191&amp;quality=85\" width=\"1408\"\/><\/picture><figcaption class=\"article-figcaption-img\">El incremento salarial alcanzar\u00e1 el 5% sobre las escalas de las remuneraciones b\u00e1sicas (Imagen ilustrativa Infobae)<\/figcaption><\/div>\n<p class=\"paragraph\">El Gobierno homolog\u00f3 la <b>paritaria de Comercio <\/b>para el per\u00edodo abril-junio de 2026 sin modificaciones y confirm\u00f3 el entendimiento salarial entre el sindicato y las c\u00e1maras empresariales. Este convenio es uno de los m\u00e1s relevantes a nivel nacional, ya que involucra a m\u00e1s de 1.200.000 empleados del sector y suele funcionar como referencia para otras negociaciones.<\/p>\n<p class=\"paragraph\">Se deriva del acuerdo alcanzado en marzo entre la C\u00e1mara Argentina de Comercio y Servicios (CAC), la Confederaci\u00f3n Argentina de la Mediana Empresa (CAME), la Uni\u00f3n de Entidades Comerciales Argentinas (UDECA) y la Federaci\u00f3n Argentina de Empleados de Comercio y Servicios (FAECyS).<\/p>\n<p class=\"paragraph\">El incremento salarial alcanzar\u00e1 el <b>5% sobre las escalas de las remuneraciones b\u00e1sicas<\/b>, tomando como referencia los valores correspondientes a marzo e incluyendo las sumas no remunerativas vigentes a esa fecha. <\/p>\n<div class=\"visual__image\"><picture><source srcset=\"https:\/\/www.infobae.com\/resizer\/v2\/PE6FUB25WVCIXJRZHWNVBIORJ4.jpg?auth=2e0202132d1511a2123adebcadd2570ae29bb4b50f18f9f86b3e329ad53629d6&amp;smart=true&amp;width=992&amp;height=556&amp;quality=85\" media=\"(min-width: 1000px)\"\/><source srcset=\"https:\/\/www.infobae.com\/resizer\/v2\/PE6FUB25WVCIXJRZHWNVBIORJ4.jpg?auth=2e0202132d1511a2123adebcadd2570ae29bb4b50f18f9f86b3e329ad53629d6&amp;smart=true&amp;width=768&amp;height=430&amp;quality=85\" media=\"(min-width: 768px)\"\/><source srcset=\"https:\/\/www.infobae.com\/resizer\/v2\/PE6FUB25WVCIXJRZHWNVBIORJ4.jpg?auth=2e0202132d1511a2123adebcadd2570ae29bb4b50f18f9f86b3e329ad53629d6&amp;smart=true&amp;width=577&amp;height=323&amp;quality=85\" media=\"(min-width: 580px)\"\/><source srcset=\"https:\/\/www.infobae.com\/resizer\/v2\/PE6FUB25WVCIXJRZHWNVBIORJ4.jpg?auth=2e0202132d1511a2123adebcadd2570ae29bb4b50f18f9f86b3e329ad53629d6&amp;smart=true&amp;width=420&amp;height=235&amp;quality=85\" media=\"(min-width: 350px)\"\/><source srcset=\"https:\/\/www.infobae.com\/resizer\/v2\/PE6FUB25WVCIXJRZHWNVBIORJ4.jpg?auth=2e0202132d1511a2123adebcadd2570ae29bb4b50f18f9f86b3e329ad53629d6&amp;smart=true&amp;width=350&amp;height=196&amp;quality=85\" media=\"(min-width: 80px)\"\/><img alt=\"(Imagen Ilustrativa Infobae)\" class=\"global-image\" decoding=\"async\" fetchpriority=\"low\" height=\"816\" loading=\"lazy\" src=\"https:\/\/www.infobae.com\/resizer\/v2\/PE6FUB25WVCIXJRZHWNVBIORJ4.jpg?auth=2e0202132d1511a2123adebcadd2570ae29bb4b50f18f9f86b3e329ad53629d6&amp;smart=true&amp;width=350&amp;height=196&amp;quality=85\" width=\"1456\"\/><\/picture><figcaption class=\"article-figcaption-img\">El gremio de comercio agrupa a m\u00e1s de 1.200.000 trabajadores (Imagen Ilustrativa Infobae)<\/figcaption><\/div>\n<p class=\"paragraph\">El aumento se distribuir\u00e1 de manera escalonada: 2% en abril, 1,5% en mayo y 1,5% desde junio, lo que impactar\u00e1 directamente en la liquidaci\u00f3n de haberes de los empleados comprendidos en el convenio.<\/p>\n<p class=\"paragraph\">El acuerdo tambi\u00e9n contempla <b>el pago de una suma fija no remunerativa de 20.000 pesos<\/b>, que se sumar\u00e1 a los montos no remunerativos ya existentes y mantendr\u00e1 esa condici\u00f3n. <\/p>\n<p class=\"paragraph\">As\u00ed, los salarios b\u00e1sicos iniciales de los empleados de comercio en abril seg\u00fan categor\u00eda quedaron de la siguiente manera:<\/p>\n<p class=\"paragraph\"><b>Maestranza<\/b><\/p>\n<ul data-icon=\"\u2b24\" class=\"list\">\n<li data-icon=\"\u2b24\"><span>Categor\u00eda A: $1.198.911 <\/span><\/li>\n<li data-icon=\"\u2b24\"><span>Categor\u00eda B: $1.202.029 <\/span><\/li>\n<li data-icon=\"\u2b24\"><span>Categor\u00eda C: $1.212.951<\/span><\/li>\n<\/ul>\n<p class=\"paragraph\"><b>Administrativo<\/b><\/p>\n<ul data-icon=\"\u2b24\" class=\"list\">\n<li data-icon=\"\u2b24\"><span>Categor\u00eda A: $1.210.613 <\/span><\/li>\n<li data-icon=\"\u2b24\"><span>Categor\u00eda B: $1.215.298 <\/span><\/li>\n<li data-icon=\"\u2b24\"><span>Categor\u00eda C: $1.219.977 <\/span><\/li>\n<li data-icon=\"\u2b24\"><span>Categor\u00eda D: $1.234.022 <\/span><\/li>\n<li data-icon=\"\u2b24\"><span>Categor\u00eda E: $1.245.724 <\/span><\/li>\n<li data-icon=\"\u2b24\"><span>Categor\u00eda F: $1.262.890<\/span><\/li>\n<\/ul>\n<p class=\"paragraph\"><b>Auxiliar especializado<\/b><\/p>\n<ul data-icon=\"\u2b24\" class=\"list\">\n<li data-icon=\"\u2b24\"><span>Categor\u00eda A: $1.223.879 <\/span><\/li>\n<li data-icon=\"\u2b24\"><span>Categor\u00eda B: $1.237.922 <\/span><\/li>\n<\/ul>\n<p class=\"paragraph\"><b>Cajeros<\/b><\/p>\n<ul data-icon=\"\u2b24\" class=\"list\">\n<li data-icon=\"\u2b24\"><span>Categor\u00eda A: $1.214.513 <\/span><\/li>\n<li data-icon=\"\u2b24\"><span>Categor\u00eda B: $1.219.977 <\/span><\/li>\n<li data-icon=\"\u2b24\"><span>Categor\u00eda C: $1.226.999<\/span><\/li>\n<\/ul>\n<p class=\"paragraph\"><b>Personal Auxiliar<\/b><\/p>\n<ul data-icon=\"\u2b24\" class=\"list\">\n<li data-icon=\"\u2b24\"><span>Categor\u00eda A: $1.214.513<\/span><\/li>\n<li data-icon=\"\u2b24\"><span>Categor\u00eda B: $1.222.315<\/span><\/li>\n<li data-icon=\"\u2b24\"><span>Categor\u00eda C: $1.248.065<\/span><\/li>\n<\/ul>\n<p class=\"paragraph\"><b>Vendedores<\/b><\/p>\n<ul data-icon=\"\u2b24\" class=\"list\">\n<li data-icon=\"\u2b24\"><span>Categor\u00eda A: $1.214.513 <\/span><\/li>\n<li data-icon=\"\u2b24\"><span>Categor\u00eda B: $1.237.925<\/span><\/li>\n<li data-icon=\"\u2b24\"><span>Categor\u00eda C: $1.245.724<\/span><\/li>\n<li data-icon=\"\u2b24\"><span>Categor\u00eda D: $1.262.890<\/span><\/li>\n<\/ul>\n<p class=\"paragraph\">En mayo, tras el aumento, los sueldos ser\u00e1n los siguientes: <\/p>\n<p class=\"paragraph\"><b>Maestranza<\/b><\/p>\n<ul data-icon=\"\u2b24\" class=\"list\">\n<li data-icon=\"\u2b24\"><span>Categor\u00eda A: $1.216.248 <\/span><\/li>\n<li data-icon=\"\u2b24\"><span>Categor\u00eda B: $1.219.412 <\/span><\/li>\n<li data-icon=\"\u2b24\"><span>Categor\u00eda C: $1.230.495<\/span><\/li>\n<\/ul>\n<p class=\"paragraph\"><b>Administrativo<\/b><\/p>\n<ul data-icon=\"\u2b24\" class=\"list\">\n<li data-icon=\"\u2b24\"><span>Categor\u00eda A: $1.228.122 <\/span><\/li>\n<li data-icon=\"\u2b24\"><span>Categor\u00eda B: $1.232.876 <\/span><\/li>\n<li data-icon=\"\u2b24\"><span>Categor\u00eda C: $1.237.623 <\/span><\/li>\n<li data-icon=\"\u2b24\"><span>Categor\u00eda D: $1.251.875 <\/span><\/li>\n<li data-icon=\"\u2b24\"><span>Categor\u00eda E: $1.263.749 <\/span><\/li>\n<li data-icon=\"\u2b24\"><span>Categor\u00eda F: $1.281.167 <\/span><\/li>\n<\/ul>\n<p class=\"paragraph\"><b>Auxiliar especializado<\/b><\/p>\n<ul data-icon=\"\u2b24\" class=\"list\">\n<li data-icon=\"\u2b24\"><span>Categor\u00eda A: $1.241.335 <\/span><\/li>\n<li data-icon=\"\u2b24\"><span>Categor\u00eda B: $1.255.478 <\/span><\/li>\n<\/ul>\n<p class=\"paragraph\"><b>Personal Auxiliar<\/b><\/p>\n<ul data-icon=\"\u2b24\" class=\"list\">\n<li data-icon=\"\u2b24\"><span>Categor\u00eda A: $1.228.122 <\/span><\/li>\n<li data-icon=\"\u2b24\"><span>Categor\u00eda B: $1.231.286 <\/span><\/li>\n<li data-icon=\"\u2b24\"><span>Categor\u00eda C: $1.243.950 <\/span><\/li>\n<\/ul>\n<p class=\"paragraph\"><b>Cajeros<\/b><\/p>\n<ul data-icon=\"\u2b24\" class=\"list\">\n<li data-icon=\"\u2b24\"><span>Categor\u00eda A: $1.232.022 <\/span><\/li>\n<li data-icon=\"\u2b24\"><span>Categor\u00eda B: $1.237.623 <\/span><\/li>\n<li data-icon=\"\u2b24\"><span>Categor\u00eda C: $1.244.830 <\/span><\/li>\n<\/ul>\n<p class=\"paragraph\"><b>Vendedores<\/b><\/p>\n<ul data-icon=\"\u2b24\" class=\"list\">\n<li data-icon=\"\u2b24\"><span>Categor\u00eda A: $1.232.022 <\/span><\/li>\n<li data-icon=\"\u2b24\"><span>Categor\u00eda B: $1.237.623 <\/span><\/li>\n<li data-icon=\"\u2b24\"><span>Categor\u00eda C: $1.244.830 <\/span><\/li>\n<li data-icon=\"\u2b24\"><span>Categor\u00eda D: $1.251.875 <\/span><\/li>\n<li data-icon=\"\u2b24\"><span>Categor\u00eda E: $1.263.749 <\/span><\/li>\n<li data-icon=\"\u2b24\"><span>Categor\u00eda F: $1.281.167<\/span><\/li>\n<\/ul>\n<p class=\"paragraph\">A su vez, con el objetivo de reforzar el sistema solidario de salud, <b>las partes establecieron una contribuci\u00f3n adicional y solidaria a favor de la Obra Social de los Empleados de Comercio y Actividades Civiles (OSECAC)<\/b>. Este aporte, que ser\u00e1 abonado por los empleadores incluidos en el acuerdo, tendr\u00e1 un valor de 28.000 pesos mensuales por cada trabajador. <\/p>\n<div class=\"visual__image\"><picture><source srcset=\"https:\/\/www.infobae.com\/resizer\/v2\/JYAFKLDBFJBQ5AEVUQKOIHVQRI.jpg?auth=e2e8d38fe8780d1cf48581706753c4998d7cd2ad64e156e510434414747131a1&amp;smart=true&amp;width=992&amp;height=626&amp;quality=85\" media=\"(min-width: 1000px)\"\/><source srcset=\"https:\/\/www.infobae.com\/resizer\/v2\/JYAFKLDBFJBQ5AEVUQKOIHVQRI.jpg?auth=e2e8d38fe8780d1cf48581706753c4998d7cd2ad64e156e510434414747131a1&amp;smart=true&amp;width=768&amp;height=484&amp;quality=85\" media=\"(min-width: 768px)\"\/><source srcset=\"https:\/\/www.infobae.com\/resizer\/v2\/JYAFKLDBFJBQ5AEVUQKOIHVQRI.jpg?auth=e2e8d38fe8780d1cf48581706753c4998d7cd2ad64e156e510434414747131a1&amp;smart=true&amp;width=577&amp;height=364&amp;quality=85\" media=\"(min-width: 580px)\"\/><source srcset=\"https:\/\/www.infobae.com\/resizer\/v2\/JYAFKLDBFJBQ5AEVUQKOIHVQRI.jpg?auth=e2e8d38fe8780d1cf48581706753c4998d7cd2ad64e156e510434414747131a1&amp;smart=true&amp;width=420&amp;height=265&amp;quality=85\" media=\"(min-width: 350px)\"\/><source srcset=\"https:\/\/www.infobae.com\/resizer\/v2\/JYAFKLDBFJBQ5AEVUQKOIHVQRI.jpg?auth=e2e8d38fe8780d1cf48581706753c4998d7cd2ad64e156e510434414747131a1&amp;smart=true&amp;width=350&amp;height=221&amp;quality=85\" media=\"(min-width: 80px)\"\/><img alt=\"FOTOS OBRAS SOCIALES - edificios\" class=\"global-image\" decoding=\"async\" fetchpriority=\"low\" height=\"1211\" loading=\"lazy\" src=\"https:\/\/www.infobae.com\/resizer\/v2\/JYAFKLDBFJBQ5AEVUQKOIHVQRI.jpg?auth=e2e8d38fe8780d1cf48581706753c4998d7cd2ad64e156e510434414747131a1&amp;smart=true&amp;width=350&amp;height=221&amp;quality=85\" width=\"1920\"\/><\/picture><figcaption class=\"article-figcaption-img\">Las partes establecieron una contribuci\u00f3n adicional y solidaria a favor de la Obra Social de los Empleados de Comercio y Actividades Civiles (OSECAC)<\/figcaption><\/div>\n<p class=\"paragraph\">Esta medida apunta a garantizar la cobertura y el funcionamiento regular de la obra social en un contexto de presi\u00f3n inflacionaria.<\/p>\n<p class=\"paragraph\">Adem\u00e1s, los gremios y las c\u00e1maras empresarias acordaron reunirse en junio de 2026, a pedido de cualquiera de las partes, con la finalidad de analizar la evoluci\u00f3n de las escalas convencionales, las sumas fijas y los porcentajes, en funci\u00f3n de las variaciones econ\u00f3micas.<\/p>\n<p class=\"paragraph\"><b>Armando Cavalieri<\/b>, titular de FAECYS, dijo: \u201cEste acuerdo es el resultado de un di\u00e1logo maduro y responsable. Somos plenamente conscientes de la dif\u00edcil situaci\u00f3n que atraviesa la econom\u00eda y que impacta directamente tanto en el bolsillo de los trabajadores como en la operatividad de las pymes y los comercios de cercan\u00eda\u201d.<\/p>\n<p class=\"paragraph\">\u201cUno de los puntos era el valor de la cuota solidaria, que con la excusa de una modernizaci\u00f3n se pretend\u00eda asfixiar a los sindicatos. La discusi\u00f3n qued\u00f3 saldada con la medida cautelar que fij\u00f3 el Juzgado Federal N 2 de San Martin, al suspender la aplicaci\u00f3n de los art\u00edculos 131 y 133 de la Ley de Modernizaci\u00f3n Laboral N\u00b0 27.802, dando continuidad a todas las cl\u00e1usulas convencionales y que establece que las empresas deben mantener la retenci\u00f3n y el dep\u00f3sito de las contribuciones solidarias pactadas, fundamentales para el funcionamiento de las organizaciones gremiales\u201d, agreg\u00f3.<\/p>\n<p class=\"paragraph\">Por otro lado, vale aclarar que los aumentos definidos en este acuerdo no resultan obligatorios para los acuerdos salariales que se celebren en la ciudad de R\u00edo Grande, provincia de Tierra del Fuego, aunque las sumas resultantes constituir\u00e1n el m\u00ednimo convencional vigente a partir de su homologaci\u00f3n. <\/p>\n<\/div>\n<p><script defer=\"\">try{!function(f,b,e,v,n,t,s) {if(f.fbq)return;n=f.fbq=function(){n.callMethod? n.callMethod.apply(n,arguments):n.queue.push(arguments)}; if(!f._fbq)f._fbq=n;n.push=n;n.loaded=!0;n.version='2.0'; n.queue=[];t=b.createElement(e);t.async=!0; t.src=v;s=b.getElementsByTagName(e)[0]; s.parentNode.insertBefore(t,s)}(window, document,'script', ' fbq('init', '336383993555320'); fbq('track', 'PageView'); fbq('track', 'ViewContent');}catch(error){console.log(\"Error al inicializar facebookPixelRawCodeScript:\",error);}<\/script><\/p>\n","protected":false},"excerpt":{"rendered":"<p>El incremento salarial alcanzar\u00e1 el 5% sobre las escalas de las remuneraciones b\u00e1sicas (Imagen ilustrativa Infobae) El Gobierno homolog\u00f3 la paritaria de Comercio para el per\u00edodo abril-junio de 2026 sin modificaciones y confirm\u00f3 el entendimiento salarial entre el sindicato y las c\u00e1maras empresariales. Este convenio es uno de los m\u00e1s relevantes a nivel nacional, ya [&hellip;]<\/p>\n","protected":false},"author":2,"featured_media":87955,"comment_status":"","ping_status":"","sticky":false,"template":"","format":"standard","meta":{"footnotes":""},"categories":[2],"tags":[],"_links":{"self":[{"href":"https:\/\/maxradio923.com.ar\/index.php\/wp-json\/wp\/v2\/posts\/87954"}],"collection":[{"href":"https:\/\/maxradio923.com.ar\/index.php\/wp-json\/wp\/v2\/posts"}],"about":[{"href":"https:\/\/maxradio923.com.ar\/index.php\/wp-json\/wp\/v2\/types\/post"}],"author":[{"embeddable":true,"href":"https:\/\/maxradio923.com.ar\/index.php\/wp-json\/wp\/v2\/users\/2"}],"replies":[{"embeddable":true,"href":"https:\/\/maxradio923.com.ar\/index.php\/wp-json\/wp\/v2\/comments?post=87954"}],"version-history":[{"count":0,"href":"https:\/\/maxradio923.com.ar\/index.php\/wp-json\/wp\/v2\/posts\/87954\/revisions"}],"wp:featuredmedia":[{"embeddable":true,"href":"https:\/\/maxradio923.com.ar\/index.php\/wp-json\/wp\/v2\/media\/87955"}],"wp:attachment":[{"href":"https:\/\/maxradio923.com.ar\/index.php\/wp-json\/wp\/v2\/media?parent=87954"}],"wp:term":[{"taxonomy":"category","embeddable":true,"href":"https:\/\/maxradio923.com.ar\/index.php\/wp-json\/wp\/v2\/categories?post=87954"},{"taxonomy":"post_tag","embeddable":true,"href":"https:\/\/maxradio923.com.ar\/index.php\/wp-json\/wp\/v2\/tags?post=87954"}],"curies":[{"name":"wp","href":"https:\/\/api.w.org\/{rel}","templated":true}]}}