{"id":87950,"date":"2026-04-29T09:08:02","date_gmt":"2026-04-29T12:08:02","guid":{"rendered":"https:\/\/maxradio923.com.ar\/index.php\/2026\/04\/29\/el-gobierno-porteno-aumento-un-28-el-costo-de-la-vtv-cuanto-deberan-pagar-autos-y-motos\/"},"modified":"2026-04-29T09:08:02","modified_gmt":"2026-04-29T12:08:02","slug":"el-gobierno-porteno-aumento-un-28-el-costo-de-la-vtv-cuanto-deberan-pagar-autos-y-motos","status":"publish","type":"post","link":"https:\/\/maxradio923.com.ar\/index.php\/2026\/04\/29\/el-gobierno-porteno-aumento-un-28-el-costo-de-la-vtv-cuanto-deberan-pagar-autos-y-motos\/","title":{"rendered":"El gobierno porte\u00f1o aument\u00f3 un 28% el costo de la VTV: cu\u00e1nto deber\u00e1n pagar autos y motos"},"content":{"rendered":"<p><\/p>\n<div>\n<div class=\"visual__image image-initial-width\"><picture><source srcset=\"https:\/\/www.infobae.com\/resizer\/v2\/WGXRIJ57DJEERKMSMP3FIFT644.jpg?auth=84255536b154ace5cd836c36bba7e63d7b7a6699b5f65722e94f06d3d086851b&amp;smart=true&amp;width=992&amp;height=559&amp;quality=85\" media=\"(min-width: 1000px)\"\/><source srcset=\"https:\/\/www.infobae.com\/resizer\/v2\/WGXRIJ57DJEERKMSMP3FIFT644.jpg?auth=84255536b154ace5cd836c36bba7e63d7b7a6699b5f65722e94f06d3d086851b&amp;smart=true&amp;width=768&amp;height=433&amp;quality=85\" media=\"(min-width: 768px)\"\/><source srcset=\"https:\/\/www.infobae.com\/resizer\/v2\/WGXRIJ57DJEERKMSMP3FIFT644.jpg?auth=84255536b154ace5cd836c36bba7e63d7b7a6699b5f65722e94f06d3d086851b&amp;smart=true&amp;width=577&amp;height=325&amp;quality=85\" media=\"(min-width: 580px)\"\/><source srcset=\"https:\/\/www.infobae.com\/resizer\/v2\/WGXRIJ57DJEERKMSMP3FIFT644.jpg?auth=84255536b154ace5cd836c36bba7e63d7b7a6699b5f65722e94f06d3d086851b&amp;smart=true&amp;width=420&amp;height=237&amp;quality=85\" media=\"(min-width: 350px)\"\/><source srcset=\"https:\/\/www.infobae.com\/resizer\/v2\/WGXRIJ57DJEERKMSMP3FIFT644.jpg?auth=84255536b154ace5cd836c36bba7e63d7b7a6699b5f65722e94f06d3d086851b&amp;smart=true&amp;width=350&amp;height=197&amp;quality=85\" media=\"(min-width: 80px)\"\/><img alt=\"VTV CABA\" class=\"global-image\" decoding=\"async\" fetchpriority=\"high\" height=\"1082\" loading=\"eager\" src=\"https:\/\/www.infobae.com\/resizer\/v2\/WGXRIJ57DJEERKMSMP3FIFT644.jpg?auth=84255536b154ace5cd836c36bba7e63d7b7a6699b5f65722e94f06d3d086851b&amp;smart=true&amp;width=350&amp;height=197&amp;quality=85\" width=\"1920\"\/><\/picture><figcaption class=\"article-figcaption-img\">El tr\u00e1mite acumula un aumento de 53% en 2026<\/figcaption><\/div>\n<p class=\"paragraph\">La <b>Verificaci\u00f3n T\u00e9cnica Vehicular (VTV) <\/b>tendr\u00e1 un nuevo ajuste en la Ciudad de Buenos Aires, con un aumento del 28%. Se trata de la segunda suba en lo que va del a\u00f1o.<\/p>\n<p class=\"paragraph\">Tras la reciente actualizaci\u00f3n publicada en el Bolet\u00edn Oficial de la Ciudad, el costo de la VTV se fij\u00f3 en<b> $96.968 para autom\u00f3viles<\/b>, cuando anteriormente era de $75.756, y en <b>$36.459 para motos<\/b>, que antes costaban $28.484. En lo que va del a\u00f1o, el tr\u00e1mite ya acumul\u00f3 un aumento del 53%.<\/p>\n<p class=\"paragraph\">En los considerandos, se\u00f1alan que \u201cel ajuste responde a un incremento en los costos de prestaci\u00f3n del servicio, lo que impact\u00f3 en la ecuaci\u00f3n econ\u00f3mico-financiera de las empresas concesionarias. Seg\u00fan la normativa vigente, cuando la variaci\u00f3n de costos supera el 5%, las firmas pueden solicitar una revisi\u00f3n tarifaria\u201d.<\/p>\n<p class=\"paragraph\">Vale recordar que la VTV es un control t\u00e9cnico obligatorio para certificar que cumplen con los est\u00e1ndares m\u00ednimos de seguridad y condiciones mec\u00e1nicas aptas para circular en la v\u00eda p\u00fablica. La finalidad principal de este sistema es reducir riesgos en la seguridad vial asociados a fallas mec\u00e1nicas de los veh\u00edculos.<\/p>\n<div class=\"visual__image\"><picture><source srcset=\"https:\/\/www.infobae.com\/resizer\/v2\/56XCHWYDLFD6RDXKOIZCRMFHYI.jpg?auth=ce169ff09667d21f1b9c338d3b57616f1ada6f1a15b22af973cd0764f9dbd67d&amp;smart=true&amp;width=992&amp;height=559&amp;quality=85\" media=\"(min-width: 1000px)\"\/><source srcset=\"https:\/\/www.infobae.com\/resizer\/v2\/56XCHWYDLFD6RDXKOIZCRMFHYI.jpg?auth=ce169ff09667d21f1b9c338d3b57616f1ada6f1a15b22af973cd0764f9dbd67d&amp;smart=true&amp;width=768&amp;height=432&amp;quality=85\" media=\"(min-width: 768px)\"\/><source srcset=\"https:\/\/www.infobae.com\/resizer\/v2\/56XCHWYDLFD6RDXKOIZCRMFHYI.jpg?auth=ce169ff09667d21f1b9c338d3b57616f1ada6f1a15b22af973cd0764f9dbd67d&amp;smart=true&amp;width=577&amp;height=325&amp;quality=85\" media=\"(min-width: 580px)\"\/><source srcset=\"https:\/\/www.infobae.com\/resizer\/v2\/56XCHWYDLFD6RDXKOIZCRMFHYI.jpg?auth=ce169ff09667d21f1b9c338d3b57616f1ada6f1a15b22af973cd0764f9dbd67d&amp;smart=true&amp;width=420&amp;height=236&amp;quality=85\" media=\"(min-width: 350px)\"\/><source srcset=\"https:\/\/www.infobae.com\/resizer\/v2\/56XCHWYDLFD6RDXKOIZCRMFHYI.jpg?auth=ce169ff09667d21f1b9c338d3b57616f1ada6f1a15b22af973cd0764f9dbd67d&amp;smart=true&amp;width=350&amp;height=197&amp;quality=85\" media=\"(min-width: 80px)\"\/><img alt=\"VTV 2023\" class=\"global-image\" decoding=\"async\" fetchpriority=\"low\" height=\"1081\" loading=\"lazy\" src=\"https:\/\/www.infobae.com\/resizer\/v2\/56XCHWYDLFD6RDXKOIZCRMFHYI.jpg?auth=ce169ff09667d21f1b9c338d3b57616f1ada6f1a15b22af973cd0764f9dbd67d&amp;smart=true&amp;width=350&amp;height=197&amp;quality=85\" width=\"1920\"\/><\/picture><figcaption class=\"article-figcaption-img\">La VTV es un control t\u00e9cnico obligatorio para certificar que cumplen con los est\u00e1ndares m\u00ednimos de seguridad y condiciones mec\u00e1nicas aptas para circular en la v\u00eda p\u00fablica<\/figcaption><\/div>\n<p class=\"paragraph\">Es obligatoria para <b>todos los veh\u00edculos particulares con m\u00e1s de 3 a\u00f1os de antig\u00fcedad o m\u00e1s de 60.000 kil\u00f3metros de uso<\/b>, y para todas las motos con m\u00e1s de 1 a\u00f1o.<\/p>\n<p class=\"paragraph\">Est\u00e1n exceptuados los veh\u00edculos cero kil\u00f3metro, hasta cumplir los 3 a\u00f1os de su patentamiento o antes de los 60.000 km recorridos. Y las motos cero kil\u00f3metros, antes del a\u00f1o de antig\u00fcedad.<\/p>\n<p class=\"paragraph\">Las siguientes personas quedan exentas de pago:<\/p>\n<ul data-icon=\"\u2b24\" class=\"list\">\n<li data-icon=\"\u2b24\"><span>Jubilados, pensionados o mayores de 65 a\u00f1os en todos los casos cuyos ingresos regulares no superen el haber m\u00ednimo jubilatorio y posean un veh\u00edculo cuyo valor no exceda el m\u00ednimo indicado para el pago del impuesto a la radicaci\u00f3n de veh\u00edculos de la Ciudad de Buenos Aires.<\/span><\/li>\n<li data-icon=\"\u2b24\"><span>Personas con discapacidad con veh\u00edculos con o sin adaptaciones especiales.<\/span><\/li>\n<li data-icon=\"\u2b24\"><span>En caso que sean propietarios de m\u00e1s de una unidad, se lo beneficia con exenci\u00f3n del pago de un solo veh\u00edculo.<\/span><\/li>\n<\/ul>\n<p class=\"paragraph\">Si un veh\u00edculo no logra aprobar la verificaci\u00f3n t\u00e9cnica, su propietario tiene hasta 60 d\u00edas h\u00e1biles para hacer las reparaciones indicadas y volver a la misma planta, con turno previo, para una nueva revisi\u00f3n sin costo.<\/p>\n<p class=\"paragraph\">Ahora bien, si el conductor puede resolver el problema el mismo d\u00eda en que se realiz\u00f3 el control original, existe la posibilidad de regresar directamente a la planta y hacer la reverificaci\u00f3n en el momento, sin necesidad de turno ni de pagar otra vez el tr\u00e1mite.<\/p>\n<p class=\"paragraph\">Eso s\u00ed, si se supera el plazo de los 60 d\u00edas h\u00e1biles sin haber hecho las mejoras, ya no hay excepciones: habr\u00e1 que abonar la tarifa completa y empezar el proceso de verificaci\u00f3n desde cero.<\/p>\n<div class=\"visual__image\"><picture><source srcset=\"https:\/\/www.infobae.com\/resizer\/v2\/BSEUZRJIONBTNL2RJJPTPSJII4.jpeg?auth=8ec0f3fe14503293c875097c71ef5735e444ac6945885ce9ef49314f7ca4a985&amp;smart=true&amp;width=992&amp;height=661&amp;quality=85\" media=\"(min-width: 1000px)\"\/><source srcset=\"https:\/\/www.infobae.com\/resizer\/v2\/BSEUZRJIONBTNL2RJJPTPSJII4.jpeg?auth=8ec0f3fe14503293c875097c71ef5735e444ac6945885ce9ef49314f7ca4a985&amp;smart=true&amp;width=768&amp;height=512&amp;quality=85\" media=\"(min-width: 768px)\"\/><source srcset=\"https:\/\/www.infobae.com\/resizer\/v2\/BSEUZRJIONBTNL2RJJPTPSJII4.jpeg?auth=8ec0f3fe14503293c875097c71ef5735e444ac6945885ce9ef49314f7ca4a985&amp;smart=true&amp;width=577&amp;height=385&amp;quality=85\" media=\"(min-width: 580px)\"\/><source srcset=\"https:\/\/www.infobae.com\/resizer\/v2\/BSEUZRJIONBTNL2RJJPTPSJII4.jpeg?auth=8ec0f3fe14503293c875097c71ef5735e444ac6945885ce9ef49314f7ca4a985&amp;smart=true&amp;width=420&amp;height=280&amp;quality=85\" media=\"(min-width: 350px)\"\/><source srcset=\"https:\/\/www.infobae.com\/resizer\/v2\/BSEUZRJIONBTNL2RJJPTPSJII4.jpeg?auth=8ec0f3fe14503293c875097c71ef5735e444ac6945885ce9ef49314f7ca4a985&amp;smart=true&amp;width=350&amp;height=233&amp;quality=85\" media=\"(min-width: 80px)\"\/><img alt=\"Imagen BSEUZRJIONBTNL2RJJPTPSJII4\" class=\"global-image\" decoding=\"async\" fetchpriority=\"low\" height=\"853\" loading=\"lazy\" src=\"https:\/\/www.infobae.com\/resizer\/v2\/BSEUZRJIONBTNL2RJJPTPSJII4.jpeg?auth=8ec0f3fe14503293c875097c71ef5735e444ac6945885ce9ef49314f7ca4a985&amp;smart=true&amp;width=350&amp;height=233&amp;quality=85\" width=\"1280\"\/><\/picture><\/div>\n<p class=\"paragraph\">\u200b\u200bSeg\u00fan la Ley de Faltas N\u00ba 451, no portar el certificado o la Oblea equivale a una infracci\u00f3n de 100 Unidades Fijas <b>($94.999).<\/b> Si el veh\u00edculo nunca hizo una verificaci\u00f3n o si la misma se haya vencida, la multa ascender\u00e1 a 400 UF <b>($379.996)<\/b>.<\/p>\n<p class=\"paragraph\">En la provincia de Buenos Aires, el costo para veh\u00edculos de hasta 2.500 kg asciende a $97.057,65, mientras que para veh\u00edculos pesados (m\u00e1s de 2.500 kg) el valor es de $174.703,77. Las motos abonan $38.823,06. Como se observa, la tarifa en CABA se aline\u00f3 con los valores de la provincia, que previamente resultaban bastante m\u00e1s elevados.<\/p>\n<p class=\"paragraph\">En este distrito, la obligatoriedad de la VTV se establece a partir de los dos a\u00f1os de antig\u00fcedad del veh\u00edculo o cuando se superan los 60.000 kil\u00f3metros. <\/p>\n<p class=\"paragraph\">Las multas en la provincia pueden oscilar entre $568.800 y m\u00e1s de $1.800.000, de acuerdo con la gravedad de la falta y la reincidencia.<\/p>\n<p class=\"paragraph\">Para efectuar la VTV es necesario solicitar un turno anticipado en las plantas habilitadas, tanto en la CABA como en la provincia.<\/p>\n<\/div>\n<p><script defer=\"\">try{!function(f,b,e,v,n,t,s) {if(f.fbq)return;n=f.fbq=function(){n.callMethod? n.callMethod.apply(n,arguments):n.queue.push(arguments)}; if(!f._fbq)f._fbq=n;n.push=n;n.loaded=!0;n.version='2.0'; n.queue=[];t=b.createElement(e);t.async=!0; t.src=v;s=b.getElementsByTagName(e)[0]; s.parentNode.insertBefore(t,s)}(window, document,'script', ' fbq('init', '336383993555320'); fbq('track', 'PageView'); fbq('track', 'ViewContent');}catch(error){console.log(\"Error al inicializar facebookPixelRawCodeScript:\",error);}<\/script><\/p>\n","protected":false},"excerpt":{"rendered":"<p>El tr\u00e1mite acumula un aumento de 53% en 2026 La Verificaci\u00f3n T\u00e9cnica Vehicular (VTV) tendr\u00e1 un nuevo ajuste en la Ciudad de Buenos Aires, con un aumento del 28%. Se trata de la segunda suba en lo que va del a\u00f1o. Tras la reciente actualizaci\u00f3n publicada en el Bolet\u00edn Oficial de la Ciudad, el costo [&hellip;]<\/p>\n","protected":false},"author":2,"featured_media":87951,"comment_status":"","ping_status":"","sticky":false,"template":"","format":"standard","meta":{"footnotes":""},"categories":[2],"tags":[],"_links":{"self":[{"href":"https:\/\/maxradio923.com.ar\/index.php\/wp-json\/wp\/v2\/posts\/87950"}],"collection":[{"href":"https:\/\/maxradio923.com.ar\/index.php\/wp-json\/wp\/v2\/posts"}],"about":[{"href":"https:\/\/maxradio923.com.ar\/index.php\/wp-json\/wp\/v2\/types\/post"}],"author":[{"embeddable":true,"href":"https:\/\/maxradio923.com.ar\/index.php\/wp-json\/wp\/v2\/users\/2"}],"replies":[{"embeddable":true,"href":"https:\/\/maxradio923.com.ar\/index.php\/wp-json\/wp\/v2\/comments?post=87950"}],"version-history":[{"count":0,"href":"https:\/\/maxradio923.com.ar\/index.php\/wp-json\/wp\/v2\/posts\/87950\/revisions"}],"wp:featuredmedia":[{"embeddable":true,"href":"https:\/\/maxradio923.com.ar\/index.php\/wp-json\/wp\/v2\/media\/87951"}],"wp:attachment":[{"href":"https:\/\/maxradio923.com.ar\/index.php\/wp-json\/wp\/v2\/media?parent=87950"}],"wp:term":[{"taxonomy":"category","embeddable":true,"href":"https:\/\/maxradio923.com.ar\/index.php\/wp-json\/wp\/v2\/categories?post=87950"},{"taxonomy":"post_tag","embeddable":true,"href":"https:\/\/maxradio923.com.ar\/index.php\/wp-json\/wp\/v2\/tags?post=87950"}],"curies":[{"name":"wp","href":"https:\/\/api.w.org\/{rel}","templated":true}]}}