{"id":87947,"date":"2026-04-29T08:26:02","date_gmt":"2026-04-29T11:26:02","guid":{"rendered":"https:\/\/maxradio923.com.ar\/index.php\/2026\/04\/29\/colectivos-subtes-y-peajes-tendran-aumento-en-mayo-los-nuevos-valores\/"},"modified":"2026-04-29T08:26:02","modified_gmt":"2026-04-29T11:26:02","slug":"colectivos-subtes-y-peajes-tendran-aumento-en-mayo-los-nuevos-valores","status":"publish","type":"post","link":"https:\/\/maxradio923.com.ar\/index.php\/2026\/04\/29\/colectivos-subtes-y-peajes-tendran-aumento-en-mayo-los-nuevos-valores\/","title":{"rendered":"Colectivos, subtes y peajes tendr\u00e1n aumento en mayo: los nuevos valores"},"content":{"rendered":"<p><\/p>\n<div>\n<div class=\"jwplayer-ctn\"><figcaption class=\"jwplayer-figcaption\">Tener la tarjeta SUBE nominalizada sigue siendo obligatorio para acceder a los nuevos cuadros tarifarios establecidos en mayo<\/figcaption><\/div>\n<p class=\"paragraph\">El transporte p\u00fablico en el <b>\u00c1rea Metropolitana de Buenos Aires (AMBA)<\/b> tendr\u00e1 un nuevo aumento de tarifas a partir de mayo. El boleto m\u00ednimo de colectivo en la <b>Ciudad de Buenos Aires<\/b> quedar\u00e1 fijado en $753 para recorridos de hasta 3 kil\u00f3metros, mientras que para tramos intermedios y largos se incrementar\u00e1n de manera escalonada. La medida afecta a los usuarios de colectivos, subte y peajes, con subas promedio del <b>5,4 %<\/b> respecto al mes anterior.<\/p>\n<p class=\"paragraph\">El pasaje m\u00ednimo en Ciudad de Buenos Aires, hasta <b>tres kil\u00f3metros<\/b>, pasara de<b> $715,24 a $753,74<\/b>. En tanto, el recorrido intermedio, de <b>tres a seis kil\u00f3metros<\/b> costar\u00e1 <b>$837,52<\/b>. De <b>seis a doce kil\u00f3metros<\/b>, ascender\u00e1 a <b>$902,04.<\/b> Los recorridos de mayor distancia llegar\u00e1n a <b>$966,61<\/b>.<\/p>\n<div class=\"visual__image\"><picture><source srcset=\"https:\/\/www.infobae.com\/resizer\/v2\/B7MGDZVR3BFK7I2RSBC5QPWS3M.jpg?auth=5f131833fcf37676e41f49f59cab0c3f9f8ee6aba23610caae81be4b84bbaef4&amp;smart=true&amp;width=992&amp;height=558&amp;quality=85\" media=\"(min-width: 1000px)\"\/><source srcset=\"https:\/\/www.infobae.com\/resizer\/v2\/B7MGDZVR3BFK7I2RSBC5QPWS3M.jpg?auth=5f131833fcf37676e41f49f59cab0c3f9f8ee6aba23610caae81be4b84bbaef4&amp;smart=true&amp;width=768&amp;height=432&amp;quality=85\" media=\"(min-width: 768px)\"\/><source srcset=\"https:\/\/www.infobae.com\/resizer\/v2\/B7MGDZVR3BFK7I2RSBC5QPWS3M.jpg?auth=5f131833fcf37676e41f49f59cab0c3f9f8ee6aba23610caae81be4b84bbaef4&amp;smart=true&amp;width=577&amp;height=325&amp;quality=85\" media=\"(min-width: 580px)\"\/><source srcset=\"https:\/\/www.infobae.com\/resizer\/v2\/B7MGDZVR3BFK7I2RSBC5QPWS3M.jpg?auth=5f131833fcf37676e41f49f59cab0c3f9f8ee6aba23610caae81be4b84bbaef4&amp;smart=true&amp;width=420&amp;height=236&amp;quality=85\" media=\"(min-width: 350px)\"\/><source srcset=\"https:\/\/www.infobae.com\/resizer\/v2\/B7MGDZVR3BFK7I2RSBC5QPWS3M.jpg?auth=5f131833fcf37676e41f49f59cab0c3f9f8ee6aba23610caae81be4b84bbaef4&amp;smart=true&amp;width=350&amp;height=197&amp;quality=85\" media=\"(min-width: 80px)\"\/><img alt=\"(Imagen ilustrativa Infobae)\" class=\"global-image\" decoding=\"async\" fetchpriority=\"low\" height=\"1080\" loading=\"lazy\" src=\"https:\/\/www.infobae.com\/resizer\/v2\/B7MGDZVR3BFK7I2RSBC5QPWS3M.jpg?auth=5f131833fcf37676e41f49f59cab0c3f9f8ee6aba23610caae81be4b84bbaef4&amp;smart=true&amp;width=350&amp;height=197&amp;quality=85\" width=\"1920\"\/><\/picture><figcaption class=\"article-figcaption-img\">El boleto m\u00ednimo de colectivo en CABA sube a $753 desde mayo y afecta recorridos de hasta 3 km en todo el AMBA (Imagen ilustrativa Infobae)<\/figcaption><\/div>\n<p class=\"paragraph\">El impacto tambi\u00e9n llegar\u00e1 a la Provincia de Buenos Aires. El boleto m\u00ednimo va a tener un costo de <b>$918,35<\/b>. Los tramos m\u00e1s largos van a superar los $1000. El incremento alcanzar\u00e1 a las l\u00edneas provinciales, es decir, aquellas numeradas a partir del 200.<\/p>\n<p class=\"paragraph\">Para quienes usen l\u00edneas de subte, desde mayo, el precio del boleto se elevar\u00e1 de <b>$1414 a $1490 para quienes tengan registrada su tarjeta.<\/b> El costo para usuarios <b>sin la tarjeta SUBE nominalizada llegar\u00e1 a $2369,10 por viaje<\/b>, una brecha significativa respecto al valor para quienes s\u00ed la tienen registrada.<\/p>\n<div class=\"visual__image\"><picture><source srcset=\"https:\/\/www.infobae.com\/resizer\/v2\/N4CMI5H5JFELNLRR6ZBRWNP374.jpg?auth=45e41b177ec3c5a4863aabb707b9580518b21532dc8a0e294a6888bfcd0aec6a&amp;smart=true&amp;width=992&amp;height=558&amp;quality=85\" media=\"(min-width: 1000px)\"\/><source srcset=\"https:\/\/www.infobae.com\/resizer\/v2\/N4CMI5H5JFELNLRR6ZBRWNP374.jpg?auth=45e41b177ec3c5a4863aabb707b9580518b21532dc8a0e294a6888bfcd0aec6a&amp;smart=true&amp;width=768&amp;height=432&amp;quality=85\" media=\"(min-width: 768px)\"\/><source srcset=\"https:\/\/www.infobae.com\/resizer\/v2\/N4CMI5H5JFELNLRR6ZBRWNP374.jpg?auth=45e41b177ec3c5a4863aabb707b9580518b21532dc8a0e294a6888bfcd0aec6a&amp;smart=true&amp;width=577&amp;height=325&amp;quality=85\" media=\"(min-width: 580px)\"\/><source srcset=\"https:\/\/www.infobae.com\/resizer\/v2\/N4CMI5H5JFELNLRR6ZBRWNP374.jpg?auth=45e41b177ec3c5a4863aabb707b9580518b21532dc8a0e294a6888bfcd0aec6a&amp;smart=true&amp;width=420&amp;height=236&amp;quality=85\" media=\"(min-width: 350px)\"\/><source srcset=\"https:\/\/www.infobae.com\/resizer\/v2\/N4CMI5H5JFELNLRR6ZBRWNP374.jpg?auth=45e41b177ec3c5a4863aabb707b9580518b21532dc8a0e294a6888bfcd0aec6a&amp;smart=true&amp;width=350&amp;height=197&amp;quality=85\" media=\"(min-width: 80px)\"\/><img alt=\"(Imagen ilustrativa Infobae)\" class=\"global-image\" decoding=\"async\" fetchpriority=\"low\" height=\"1080\" loading=\"lazy\" src=\"https:\/\/www.infobae.com\/resizer\/v2\/N4CMI5H5JFELNLRR6ZBRWNP374.jpg?auth=45e41b177ec3c5a4863aabb707b9580518b21532dc8a0e294a6888bfcd0aec6a&amp;smart=true&amp;width=350&amp;height=197&amp;quality=85\" width=\"1920\"\/><\/picture><figcaption class=\"article-figcaption-img\">Las tarifas de colectivos en la Provincia de Buenos Aires tambi\u00e9n aumentan y el viaje m\u00ednimo supera los $918 (Imagen ilustrativa Infobae)<\/figcaption><\/div>\n<p class=\"paragraph\">En tanto, el ajuste en los peajes seguir\u00e1 el mismo criterio inflacionario aplicado al resto de los servicios. En las autopistas <b>25 de Mayo <\/b>y <b>Perito Moreno<\/b>, las motos deber\u00e1n abonar $1799,66, cifra que asciende a $2879,82 en horarios pico, mientras que los veh\u00edculos livianos pagar\u00e1n $4319,63, monto que se incrementa hasta $6121,62 en las franjas de mayor demanda. <\/p>\n<p class=\"paragraph\">En la <b>autopista Illia<\/b>, los valores ser\u00e1n menores: las motos pagar\u00e1n $1079,98 y hasta $1295,68 en hora pico, mientras que los autos enfrentar\u00e1n tarifas de $1799,66, que pueden llegar a $2544,99 en los horarios de mayor circulaci\u00f3n.<\/p>\n<div class=\"visual__image\"><picture><source srcset=\"https:\/\/www.infobae.com\/resizer\/v2\/N5A62Z5NHFAFNEMKQRLILVYFSA.jpeg?auth=1c160fabe3cc5c3302bc1c3cf705b4724ebc4c17f4c6eba6f9305edee2022d76&amp;smart=true&amp;width=992&amp;height=661&amp;quality=85\" media=\"(min-width: 1000px)\"\/><source srcset=\"https:\/\/www.infobae.com\/resizer\/v2\/N5A62Z5NHFAFNEMKQRLILVYFSA.jpeg?auth=1c160fabe3cc5c3302bc1c3cf705b4724ebc4c17f4c6eba6f9305edee2022d76&amp;smart=true&amp;width=768&amp;height=512&amp;quality=85\" media=\"(min-width: 768px)\"\/><source srcset=\"https:\/\/www.infobae.com\/resizer\/v2\/N5A62Z5NHFAFNEMKQRLILVYFSA.jpeg?auth=1c160fabe3cc5c3302bc1c3cf705b4724ebc4c17f4c6eba6f9305edee2022d76&amp;smart=true&amp;width=577&amp;height=385&amp;quality=85\" media=\"(min-width: 580px)\"\/><source srcset=\"https:\/\/www.infobae.com\/resizer\/v2\/N5A62Z5NHFAFNEMKQRLILVYFSA.jpeg?auth=1c160fabe3cc5c3302bc1c3cf705b4724ebc4c17f4c6eba6f9305edee2022d76&amp;smart=true&amp;width=420&amp;height=280&amp;quality=85\" media=\"(min-width: 350px)\"\/><source srcset=\"https:\/\/www.infobae.com\/resizer\/v2\/N5A62Z5NHFAFNEMKQRLILVYFSA.jpeg?auth=1c160fabe3cc5c3302bc1c3cf705b4724ebc4c17f4c6eba6f9305edee2022d76&amp;smart=true&amp;width=350&amp;height=233&amp;quality=85\" media=\"(min-width: 80px)\"\/><img alt=\"Tener la tarjeta SUBE nominalizada sigue siendo obligatorio para acceder a los nuevos cuadros tarifarios establecidos en mayo\" class=\"global-image\" decoding=\"async\" fetchpriority=\"low\" height=\"853\" loading=\"lazy\" src=\"https:\/\/www.infobae.com\/resizer\/v2\/N5A62Z5NHFAFNEMKQRLILVYFSA.jpeg?auth=1c160fabe3cc5c3302bc1c3cf705b4724ebc4c17f4c6eba6f9305edee2022d76&amp;smart=true&amp;width=350&amp;height=233&amp;quality=85\" width=\"1280\"\/><\/picture><figcaption class=\"article-figcaption-img\">Tener la tarjeta SUBE nominalizada sigue siendo obligatorio para acceder a los nuevos cuadros tarifarios establecidos en mayo<\/figcaption><\/div>\n<p class=\"paragraph\">Cabe destacar que el uso de la <b>tarjeta SUBE registrada<\/b> continuar\u00e1 siendo obligatorio para acceder a las tarifas publicadas. <b>Los nuevos cuadros tarifarios comenzar\u00e1n a regir desde el inicio de mayo.<\/b> Los usuarios deber\u00e1n informarse sobre el alcance de cada aumento seg\u00fan el recorrido y el tipo de transporte utilizado.<\/p>\n<p class=\"paragraph\">&#8212;<\/p>\n<p class=\"paragraph\"><b>Infobae <\/b>te acompa\u00f1a cada d\u00eda en YouTube con entrevistas, an\u00e1lisis y la informaci\u00f3n m\u00e1s destacada, en un formato cercano y din\u00e1mico.<\/p>\n<p class=\"paragraph\">\u2022 De 7 a 9: <b>Infobae al Amanecer<\/b>: Nacho Giron, Luciana Rubinska y Bel\u00e9n Escobar.<\/p>\n<p class=\"paragraph\">\u2022 De 9 a 12: <b>Infobae a las Nueve<\/b>: Gonzalo S\u00e1nchez, Tatiana Schapiro, Ram\u00f3n Indart y Cecilia Boufflet.<\/p>\n<p class=\"paragraph\">\u2022 De 12 a 15: <b>Infobae al Mediodia<\/b>: Maru Duffard, Andrei Serbin Pont, Jimena Grandinetti, Fede Mayol y Facundo Kablan.<\/p>\n<p class=\"paragraph\">\u2022 De 15 a 18: <b>Infobae a la Tarde<\/b>: Manu Jove, Maia Jastreblansky y Paula Guardia Bourdin; rotan en la semana Marcos Shaw, Lara L\u00f3pez Calvo y Tom\u00e1s Trap\u00e9<\/p>\n<p class=\"paragraph\">\u2022 De 18 a 21: <b>Infobae al Regreso<\/b>: Gonzalo Aziz, Diego Iglesias, Malena de los R\u00edos y Mat\u00edas Barber\u00eda; rotan en la semana Gustavo Lazzari, Mart\u00edn Tetaz y Mica Mendelevich<\/p>\n<p class=\"paragraph\">Seguinos en nuestro canal de <b>YouTube <\/b>@infobae.<\/p>\n<\/div>\n<p><script defer=\"\">try{!function(f,b,e,v,n,t,s) {if(f.fbq)return;n=f.fbq=function(){n.callMethod? n.callMethod.apply(n,arguments):n.queue.push(arguments)}; if(!f._fbq)f._fbq=n;n.push=n;n.loaded=!0;n.version='2.0'; n.queue=[];t=b.createElement(e);t.async=!0; t.src=v;s=b.getElementsByTagName(e)[0]; s.parentNode.insertBefore(t,s)}(window, document,'script', ' fbq('init', '336383993555320'); fbq('track', 'PageView'); fbq('track', 'ViewContent');}catch(error){console.log(\"Error al inicializar facebookPixelRawCodeScript:\",error);}<\/script><\/p>\n","protected":false},"excerpt":{"rendered":"<p>Tener la tarjeta SUBE nominalizada sigue siendo obligatorio para acceder a los nuevos cuadros tarifarios establecidos en mayo El transporte p\u00fablico en el \u00c1rea Metropolitana de Buenos Aires (AMBA) tendr\u00e1 un nuevo aumento de tarifas a partir de mayo. El boleto m\u00ednimo de colectivo en la Ciudad de Buenos Aires quedar\u00e1 fijado en $753 para [&hellip;]<\/p>\n","protected":false},"author":2,"featured_media":87948,"comment_status":"","ping_status":"","sticky":false,"template":"","format":"standard","meta":{"footnotes":""},"categories":[2],"tags":[],"_links":{"self":[{"href":"https:\/\/maxradio923.com.ar\/index.php\/wp-json\/wp\/v2\/posts\/87947"}],"collection":[{"href":"https:\/\/maxradio923.com.ar\/index.php\/wp-json\/wp\/v2\/posts"}],"about":[{"href":"https:\/\/maxradio923.com.ar\/index.php\/wp-json\/wp\/v2\/types\/post"}],"author":[{"embeddable":true,"href":"https:\/\/maxradio923.com.ar\/index.php\/wp-json\/wp\/v2\/users\/2"}],"replies":[{"embeddable":true,"href":"https:\/\/maxradio923.com.ar\/index.php\/wp-json\/wp\/v2\/comments?post=87947"}],"version-history":[{"count":0,"href":"https:\/\/maxradio923.com.ar\/index.php\/wp-json\/wp\/v2\/posts\/87947\/revisions"}],"wp:featuredmedia":[{"embeddable":true,"href":"https:\/\/maxradio923.com.ar\/index.php\/wp-json\/wp\/v2\/media\/87948"}],"wp:attachment":[{"href":"https:\/\/maxradio923.com.ar\/index.php\/wp-json\/wp\/v2\/media?parent=87947"}],"wp:term":[{"taxonomy":"category","embeddable":true,"href":"https:\/\/maxradio923.com.ar\/index.php\/wp-json\/wp\/v2\/categories?post=87947"},{"taxonomy":"post_tag","embeddable":true,"href":"https:\/\/maxradio923.com.ar\/index.php\/wp-json\/wp\/v2\/tags?post=87947"}],"curies":[{"name":"wp","href":"https:\/\/api.w.org\/{rel}","templated":true}]}}