{"id":87945,"date":"2026-04-29T04:27:02","date_gmt":"2026-04-29T07:27:02","guid":{"rendered":"https:\/\/maxradio923.com.ar\/index.php\/2026\/04\/29\/oficializaron-el-pago-del-bono-de-70-mil-para-jubilados-y-pensionados-en-mayo-a-cuanto-subira-la-minima\/"},"modified":"2026-04-29T04:27:02","modified_gmt":"2026-04-29T07:27:02","slug":"oficializaron-el-pago-del-bono-de-70-mil-para-jubilados-y-pensionados-en-mayo-a-cuanto-subira-la-minima","status":"publish","type":"post","link":"https:\/\/maxradio923.com.ar\/index.php\/2026\/04\/29\/oficializaron-el-pago-del-bono-de-70-mil-para-jubilados-y-pensionados-en-mayo-a-cuanto-subira-la-minima\/","title":{"rendered":"Oficializaron el pago del bono de $70 mil para jubilados y pensionados en mayo: a cu\u00e1nto subir\u00e1 la m\u00ednima"},"content":{"rendered":"<p><\/p>\n<div>\n<div class=\"visual__image image-initial-width\"><picture><source srcset=\"https:\/\/www.infobae.com\/resizer\/v2\/W4TMUV6R6FHR3OABUJYABPZZBI.jpg?auth=3959dfdfbdad83c2a4ee10ebbaef90bfc05d3f3a5268e0339aa1434083eae9c8&amp;smart=true&amp;width=992&amp;height=541&amp;quality=85\" media=\"(min-width: 1000px)\"\/><source srcset=\"https:\/\/www.infobae.com\/resizer\/v2\/W4TMUV6R6FHR3OABUJYABPZZBI.jpg?auth=3959dfdfbdad83c2a4ee10ebbaef90bfc05d3f3a5268e0339aa1434083eae9c8&amp;smart=true&amp;width=768&amp;height=419&amp;quality=85\" media=\"(min-width: 768px)\"\/><source srcset=\"https:\/\/www.infobae.com\/resizer\/v2\/W4TMUV6R6FHR3OABUJYABPZZBI.jpg?auth=3959dfdfbdad83c2a4ee10ebbaef90bfc05d3f3a5268e0339aa1434083eae9c8&amp;smart=true&amp;width=577&amp;height=315&amp;quality=85\" media=\"(min-width: 580px)\"\/><source srcset=\"https:\/\/www.infobae.com\/resizer\/v2\/W4TMUV6R6FHR3OABUJYABPZZBI.jpg?auth=3959dfdfbdad83c2a4ee10ebbaef90bfc05d3f3a5268e0339aa1434083eae9c8&amp;smart=true&amp;width=420&amp;height=229&amp;quality=85\" media=\"(min-width: 350px)\"\/><source srcset=\"https:\/\/www.infobae.com\/resizer\/v2\/W4TMUV6R6FHR3OABUJYABPZZBI.jpg?auth=3959dfdfbdad83c2a4ee10ebbaef90bfc05d3f3a5268e0339aa1434083eae9c8&amp;smart=true&amp;width=350&amp;height=191&amp;quality=85\" media=\"(min-width: 80px)\"\/><img alt=\"planes sociales ANSES fila\" class=\"global-image\" decoding=\"async\" fetchpriority=\"high\" height=\"1080\" loading=\"eager\" src=\"https:\/\/www.infobae.com\/resizer\/v2\/W4TMUV6R6FHR3OABUJYABPZZBI.jpg?auth=3959dfdfbdad83c2a4ee10ebbaef90bfc05d3f3a5268e0339aa1434083eae9c8&amp;smart=true&amp;width=350&amp;height=191&amp;quality=85\" width=\"1980\"\/><\/picture><figcaption class=\"article-figcaption-img\">La suma esta destinada a beneficiarios previsionales que perciben haberes m\u00ednimos (ANCCOM)<\/figcaption><\/div>\n<p class=\"paragraph\">El Gobierno public\u00f3 en Bolet\u00edn Oficial el pago del habitual <i><b>bono extraordinario de $70.000 para jubilados y pensionados <\/b><\/i>cuyos haberes previsionales no superen la m\u00ednima. Lo hizo a trav\u00e9s del <b>decreto 292\/2026<\/b> y se pagar\u00e1 en mayo.<\/p>\n<p class=\"paragraph\">Tal como en ocasiones anteriores, el Poder Ejecutivo mencion\u00f3 que esta decisi\u00f3n se da en el marco de una \u201cuna actualizaci\u00f3n mensual de los haberes ligada directamente a la evoluci\u00f3n del costo de vida\u201d. De hecho, se espera que las jubilaciones se incrementen un 3,4%, de acuerdo con el dato de la inflaci\u00f3n publicado por el <b>Instituto Nacional de Estad\u00edstica y Censos (Indec)<\/b>.<\/p>\n<p class=\"paragraph\">\u201cLos beneficiarios del sistema de seguridad social percibir\u00e1n un ajuste derivado de la din\u00e1mica inflacionaria del mes de marzo\u201d, detallaron en el texto. De igual forma, resta que se oficialice esta suba. <\/p>\n<p class=\"paragraph\">El bono ser\u00e1 percibido en mayo de 2026 y alcanzar\u00e1 a titulares de prestaciones contributivas a cargo de la <b>Administraci\u00f3n Nacional de la Seguridad Social (ANSES)<\/b>, incluyendo las otorgadas bajo la <b>Ley 24.241<\/b>, reg\u00edmenes nacionales generales anteriores y sus modificatorias, reg\u00edmenes especiales derogados y ex cajas o institutos provinciales y municipales de previsi\u00f3n transferidos a la Naci\u00f3n cuya movilidad se rija por el art\u00edculo 32 de la Ley 24.241. Tambi\u00e9n ser\u00e1n beneficiarios quienes perciban<b> prestaciones bajo el r\u00e9gimen establecido por el decreto 160\/2005<\/b>.<\/p>\n<div class=\"visual__image\"><picture><source srcset=\"https:\/\/www.infobae.com\/resizer\/v2\/4MEUV2MP5VASZPYCPNMY2TPRKI.png?auth=1de9ec74b9d76769d53daa9aaa124e1e3deadf71be04b6ea3f6900dca6f0cf95&amp;smart=true&amp;width=992&amp;height=541&amp;quality=85\" media=\"(min-width: 1000px)\"\/><source srcset=\"https:\/\/www.infobae.com\/resizer\/v2\/4MEUV2MP5VASZPYCPNMY2TPRKI.png?auth=1de9ec74b9d76769d53daa9aaa124e1e3deadf71be04b6ea3f6900dca6f0cf95&amp;smart=true&amp;width=768&amp;height=419&amp;quality=85\" media=\"(min-width: 768px)\"\/><source srcset=\"https:\/\/www.infobae.com\/resizer\/v2\/4MEUV2MP5VASZPYCPNMY2TPRKI.png?auth=1de9ec74b9d76769d53daa9aaa124e1e3deadf71be04b6ea3f6900dca6f0cf95&amp;smart=true&amp;width=577&amp;height=315&amp;quality=85\" media=\"(min-width: 580px)\"\/><source srcset=\"https:\/\/www.infobae.com\/resizer\/v2\/4MEUV2MP5VASZPYCPNMY2TPRKI.png?auth=1de9ec74b9d76769d53daa9aaa124e1e3deadf71be04b6ea3f6900dca6f0cf95&amp;smart=true&amp;width=420&amp;height=229&amp;quality=85\" media=\"(min-width: 350px)\"\/><source srcset=\"https:\/\/www.infobae.com\/resizer\/v2\/4MEUV2MP5VASZPYCPNMY2TPRKI.png?auth=1de9ec74b9d76769d53daa9aaa124e1e3deadf71be04b6ea3f6900dca6f0cf95&amp;smart=true&amp;width=350&amp;height=191&amp;quality=85\" media=\"(min-width: 80px)\"\/><img alt=\"Un hombre mayor interact\u00faa con un cajero autom\u00e1tico mientras una mujer mayor lo observa a su lado; la pantalla del cajero muestra &quot;Cobra Jubilaci\u00f3n&quot;.\" class=\"global-image\" decoding=\"async\" fetchpriority=\"low\" height=\"768\" loading=\"lazy\" src=\"https:\/\/www.infobae.com\/resizer\/v2\/4MEUV2MP5VASZPYCPNMY2TPRKI.png?auth=1de9ec74b9d76769d53daa9aaa124e1e3deadf71be04b6ea3f6900dca6f0cf95&amp;smart=true&amp;width=350&amp;height=191&amp;quality=85\" width=\"1408\"\/><\/picture><figcaption class=\"article-figcaption-img\">El bono de 70.000 se otorga mensualmente para los jubilados que cobran la jubilaci\u00f3n m\u00ednima (Imagen Ilustrativa Infobae)<\/figcaption><\/div>\n<p class=\"paragraph\">La medida incluye adem\u00e1s a quienes cobran la <b>Pensi\u00f3n Universal para el Adulto Mayor (PUAM)<\/b>, as\u00ed como a titulares de <b>pensiones no contributivas por vejez, invalidez, madres de siete hijos o m\u00e1s, otras pensiones no contributivas y pensiones graciables<\/b>, siempre que el pago est\u00e9 a cargo de la ANSES.<\/p>\n<p class=\"paragraph\">Las conidiciones para percibirlo se mantienen sin cambios, esto significa que se abonar\u00e1 a quienes perciban haberes inferiores. Para quienes superen ese monto, el bono ser\u00e1 equivalente al importe necesario para alcanzar la suma del haber m\u00ednimo m\u00e1s el m\u00e1ximo del bono, es decir,<b> 70.000 pesos<\/b>. El pago se realizar\u00e1 \u00fanicamente a beneficios vigentes en el mes de liquidaci\u00f3n y, en el caso de pensiones con varios copart\u00edcipes, se considerar\u00e1 a todos como un \u00fanico titular para el c\u00e1lculo y percepci\u00f3n del bono.<\/p>\n<p class=\"paragraph\">La normativa enfatizo en el car\u00e1cter no remunerativo del pago, por lo que no podr\u00e1 ser <b>objeto de descuentos ni ser\u00e1 computable para otros conceptos<\/b>. <\/p>\n<p class=\"paragraph\">Basado en el esquema de movilidad vigente, el c\u00e1lculo de<i><b> las prestaciones que otorga el organismo, incluidos jubilaciones, pensiones y asignaciones familiares<\/b><\/i> arroja los siguientes n\u00fameros: la prestaci\u00f3n m\u00ednima pasar\u00e1 a ser de <b>393.174,10 <\/b>pesos en mayo. Este monto constituye el ingreso m\u00ednimo para quienes accedieron al sistema previsional mediante aportes o a trav\u00e9s de las moratorias actualmente vigentes. A este valor, se le sumar\u00e1 el monto recientemente publicado por Seguridad Social. De esta manera, el haber total de un jubilado que percibe la m\u00ednima ascender\u00eda a <b>463.174,10 pesos<\/b>. <\/p>\n<p class=\"paragraph\">El ajuste tambi\u00e9n impacta en otras prestaciones administradas por Anses. La PUAM se ubicar\u00e1 en <b>314.539,28 pesos<\/b>, y con la suma del bono extraordinario, el monto llegar\u00eda a <b>384.539,28 pesos.<\/b> En el caso de las <b>Pensiones No Contributivas por invalidez o vejez<\/b>, el haber base ser\u00e1 de<b> 275.221,87 pesos<\/b> y, con el refuerzo, el total ascender\u00eda a <b>345.221,87 pesos.<\/b> Para las pensiones destinadas a <b>madres de siete hijos o m\u00e1s<\/b>, el monto ser\u00e1 equivalente a la jubilaci\u00f3n m\u00ednima, es decir, 393.174,10 pesos, que tambi\u00e9n podr\u00eda incrementarse a 463.174,10 pesos si se mantiene el bono.<\/p>\n<p class=\"paragraph\">El nuevo esquema de haberes tambi\u00e9n incluye un aumento para la <b>Asignaci\u00f3n Universal por Hijo (AUH)<\/b>, que se elevar\u00e1 a <b>141.285,31 pesos por menor.<\/b> Para los casos de hijos con <b>discapacidad<\/b>, el monto llegar\u00e1 a <b>460.044,10 pesos<\/b>. El ajuste por movilidad rige de manera autom\u00e1tica para todos los beneficiarios del sistema nacional de seguridad social.<\/p>\n<\/div>\n<p><script defer=\"\">try{!function(f,b,e,v,n,t,s) {if(f.fbq)return;n=f.fbq=function(){n.callMethod? n.callMethod.apply(n,arguments):n.queue.push(arguments)}; if(!f._fbq)f._fbq=n;n.push=n;n.loaded=!0;n.version='2.0'; n.queue=[];t=b.createElement(e);t.async=!0; t.src=v;s=b.getElementsByTagName(e)[0]; s.parentNode.insertBefore(t,s)}(window, document,'script', ' fbq('init', '336383993555320'); fbq('track', 'PageView'); fbq('track', 'ViewContent');}catch(error){console.log(\"Error al inicializar facebookPixelRawCodeScript:\",error);}<\/script><\/p>\n","protected":false},"excerpt":{"rendered":"<p>La suma esta destinada a beneficiarios previsionales que perciben haberes m\u00ednimos (ANCCOM) El Gobierno public\u00f3 en Bolet\u00edn Oficial el pago del habitual bono extraordinario de $70.000 para jubilados y pensionados cuyos haberes previsionales no superen la m\u00ednima. Lo hizo a trav\u00e9s del decreto 292\/2026 y se pagar\u00e1 en mayo. Tal como en ocasiones anteriores, el [&hellip;]<\/p>\n","protected":false},"author":2,"featured_media":66844,"comment_status":"","ping_status":"","sticky":false,"template":"","format":"standard","meta":{"footnotes":""},"categories":[2],"tags":[],"_links":{"self":[{"href":"https:\/\/maxradio923.com.ar\/index.php\/wp-json\/wp\/v2\/posts\/87945"}],"collection":[{"href":"https:\/\/maxradio923.com.ar\/index.php\/wp-json\/wp\/v2\/posts"}],"about":[{"href":"https:\/\/maxradio923.com.ar\/index.php\/wp-json\/wp\/v2\/types\/post"}],"author":[{"embeddable":true,"href":"https:\/\/maxradio923.com.ar\/index.php\/wp-json\/wp\/v2\/users\/2"}],"replies":[{"embeddable":true,"href":"https:\/\/maxradio923.com.ar\/index.php\/wp-json\/wp\/v2\/comments?post=87945"}],"version-history":[{"count":0,"href":"https:\/\/maxradio923.com.ar\/index.php\/wp-json\/wp\/v2\/posts\/87945\/revisions"}],"wp:featuredmedia":[{"embeddable":true,"href":"https:\/\/maxradio923.com.ar\/index.php\/wp-json\/wp\/v2\/media\/66844"}],"wp:attachment":[{"href":"https:\/\/maxradio923.com.ar\/index.php\/wp-json\/wp\/v2\/media?parent=87945"}],"wp:term":[{"taxonomy":"category","embeddable":true,"href":"https:\/\/maxradio923.com.ar\/index.php\/wp-json\/wp\/v2\/categories?post=87945"},{"taxonomy":"post_tag","embeddable":true,"href":"https:\/\/maxradio923.com.ar\/index.php\/wp-json\/wp\/v2\/tags?post=87945"}],"curies":[{"name":"wp","href":"https:\/\/api.w.org\/{rel}","templated":true}]}}