{"id":87944,"date":"2026-04-29T04:06:05","date_gmt":"2026-04-29T07:06:05","guid":{"rendered":"https:\/\/maxradio923.com.ar\/index.php\/2026\/04\/29\/el-gobierno-convoco-a-una-reunion-para-definir-el-salario-minimo-de-las-empleadas-domesticas\/"},"modified":"2026-04-29T04:06:05","modified_gmt":"2026-04-29T07:06:05","slug":"el-gobierno-convoco-a-una-reunion-para-definir-el-salario-minimo-de-las-empleadas-domesticas","status":"publish","type":"post","link":"https:\/\/maxradio923.com.ar\/index.php\/2026\/04\/29\/el-gobierno-convoco-a-una-reunion-para-definir-el-salario-minimo-de-las-empleadas-domesticas\/","title":{"rendered":"El Gobierno convoc\u00f3 a una reuni\u00f3n para definir el salario m\u00ednimo de las empleadas dom\u00e9sticas"},"content":{"rendered":"<p><\/p>\n<div>\n<div class=\"visual__image image-initial-width\"><picture><source srcset=\"https:\/\/www.infobae.com\/resizer\/v2\/YXOPJI2HOFDBBEOPMO3GWNL2WU.jpg?auth=b0490bbddfd36de0eb3469e0a40678121509f9155417185c3ee6ed093d5c80b5&amp;smart=true&amp;width=992&amp;height=556&amp;quality=85\" media=\"(min-width: 1000px)\"\/><source srcset=\"https:\/\/www.infobae.com\/resizer\/v2\/YXOPJI2HOFDBBEOPMO3GWNL2WU.jpg?auth=b0490bbddfd36de0eb3469e0a40678121509f9155417185c3ee6ed093d5c80b5&amp;smart=true&amp;width=768&amp;height=430&amp;quality=85\" media=\"(min-width: 768px)\"\/><source srcset=\"https:\/\/www.infobae.com\/resizer\/v2\/YXOPJI2HOFDBBEOPMO3GWNL2WU.jpg?auth=b0490bbddfd36de0eb3469e0a40678121509f9155417185c3ee6ed093d5c80b5&amp;smart=true&amp;width=577&amp;height=323&amp;quality=85\" media=\"(min-width: 580px)\"\/><source srcset=\"https:\/\/www.infobae.com\/resizer\/v2\/YXOPJI2HOFDBBEOPMO3GWNL2WU.jpg?auth=b0490bbddfd36de0eb3469e0a40678121509f9155417185c3ee6ed093d5c80b5&amp;smart=true&amp;width=420&amp;height=235&amp;quality=85\" media=\"(min-width: 350px)\"\/><source srcset=\"https:\/\/www.infobae.com\/resizer\/v2\/YXOPJI2HOFDBBEOPMO3GWNL2WU.jpg?auth=b0490bbddfd36de0eb3469e0a40678121509f9155417185c3ee6ed093d5c80b5&amp;smart=true&amp;width=350&amp;height=196&amp;quality=85\" media=\"(min-width: 80px)\"\/><img alt=\"(Imagen Ilustrativa Infobae)\" class=\"global-image\" decoding=\"async\" fetchpriority=\"high\" height=\"816\" loading=\"eager\" src=\"https:\/\/www.infobae.com\/resizer\/v2\/YXOPJI2HOFDBBEOPMO3GWNL2WU.jpg?auth=b0490bbddfd36de0eb3469e0a40678121509f9155417185c3ee6ed093d5c80b5&amp;smart=true&amp;width=350&amp;height=196&amp;quality=85\" width=\"1456\"\/><\/picture><figcaption class=\"article-figcaption-img\">De acuerdo a lo se\u00f1alado en el Bolet\u00edn Oficial, el Gobierno convoc\u00f3 a una sesi\u00f3n virtual de la Comisi\u00f3n Nacional de Trabajo en Casas Particulares para revisar salarios m\u00ednimos (Imagen Ilustrativa Infobae)<\/figcaption><\/div>\n<p class=\"paragraph\">El Gobierno nacional convoc\u00f3 a una reunic\u00f3n de la <b>Comisi\u00f3n Nacional de Trabajo en Casas Particulares<\/b> para analizar el aumento del salario m\u00ednimo para las empleadas dom\u00e9sticas. <\/p>\n<p class=\"paragraph\">De acuerdo con lo dispuesto por la<b> resoluci\u00f3n 3\/2026<\/b> \u2014publicada esta madrugada en el Bolet\u00edn Oficial\u2014, el encuentro se realizar\u00e1 de forma virtual <b>30 de abril de 2026<\/b>, a las 10 horas. Se desarrollar\u00e1 bajo el \u00e1mbito de la <b>Secretar\u00eda de Trabajo, Empleo y Seguridad Social<\/b> del <b>Ministerio de Capital Human<\/b>.<\/p>\n<p class=\"paragraph\">La sesi\u00f3n tendr\u00e1 como punto principal el an\u00e1lisis de la <b>evoluci\u00f3n de las remuneraciones m\u00ednimas<\/b> para los <b>Trabajadores de Casas Particulares<\/b>, de acuerdo con el R\u00e9gimen especial de la <b>Ley N\u00b0 26.844<\/b>. Se espera que en este encuentro se debatan los criterios y par\u00e1metros que inciden sobre los salarios b\u00e1sicos de este sector, en un contexto de ajustes econ\u00f3micos y demandas de actualizaci\u00f3n salarial. El tratamiento de la estructura salarial de los trabajadores dom\u00e9sticos reviste importancia para miles de personas que desempe\u00f1an tareas en hogares de todo el pa\u00eds y que est\u00e1n amparadas por esta legislaci\u00f3n espec\u00edfica.<\/p>\n<p class=\"paragraph\">El art\u00edculo 62 del R\u00e9gimen especial para el Personal de Casas Particulares, establecido por la <b>Ley N\u00b0 26.844<\/b>, define a la Comisi\u00f3n Nacional de Trabajo en Casas Particulares (CNTCP) como el \u00f3rgano normativo del r\u00e9gimen legal. La CNTCP est\u00e1 integrada por representantes de los <b>trabajadores<\/b>, de los <b>empleadores<\/b>, del <b>Ministerio de Econom\u00eda<\/b> y de los entonces ministerios de Desarrollo Social y de Trabajo, Empleo y Seguridad Social, que ejerce la presidencia y asume las tareas de soporte legal, t\u00e9cnico y administrativo.<\/p>\n<div class=\"visual__image\"><picture><source srcset=\"https:\/\/www.infobae.com\/resizer\/v2\/C54CXCP4UFBXJFCY62XE33ROJM.jpg?auth=2e5f5c99823acdf264ecd94dd5adba52cff445b22e34ffeaf370a1f30c2606a6&amp;smart=true&amp;width=992&amp;height=556&amp;quality=85\" media=\"(min-width: 1000px)\"\/><source srcset=\"https:\/\/www.infobae.com\/resizer\/v2\/C54CXCP4UFBXJFCY62XE33ROJM.jpg?auth=2e5f5c99823acdf264ecd94dd5adba52cff445b22e34ffeaf370a1f30c2606a6&amp;smart=true&amp;width=768&amp;height=430&amp;quality=85\" media=\"(min-width: 768px)\"\/><source srcset=\"https:\/\/www.infobae.com\/resizer\/v2\/C54CXCP4UFBXJFCY62XE33ROJM.jpg?auth=2e5f5c99823acdf264ecd94dd5adba52cff445b22e34ffeaf370a1f30c2606a6&amp;smart=true&amp;width=577&amp;height=323&amp;quality=85\" media=\"(min-width: 580px)\"\/><source srcset=\"https:\/\/www.infobae.com\/resizer\/v2\/C54CXCP4UFBXJFCY62XE33ROJM.jpg?auth=2e5f5c99823acdf264ecd94dd5adba52cff445b22e34ffeaf370a1f30c2606a6&amp;smart=true&amp;width=420&amp;height=235&amp;quality=85\" media=\"(min-width: 350px)\"\/><source srcset=\"https:\/\/www.infobae.com\/resizer\/v2\/C54CXCP4UFBXJFCY62XE33ROJM.jpg?auth=2e5f5c99823acdf264ecd94dd5adba52cff445b22e34ffeaf370a1f30c2606a6&amp;smart=true&amp;width=350&amp;height=196&amp;quality=85\" media=\"(min-width: 80px)\"\/><img alt=\"(Imagen Ilustrativa Infobae)\" class=\"global-image\" decoding=\"async\" fetchpriority=\"low\" height=\"816\" loading=\"lazy\" src=\"https:\/\/www.infobae.com\/resizer\/v2\/C54CXCP4UFBXJFCY62XE33ROJM.jpg?auth=2e5f5c99823acdf264ecd94dd5adba52cff445b22e34ffeaf370a1f30c2606a6&amp;smart=true&amp;width=350&amp;height=196&amp;quality=85\" width=\"1456\"\/><\/picture><figcaption class=\"article-figcaption-img\">La reuni\u00f3n se realizar\u00e1 el 30 de abril de 2026 a las diez horas (Imagen Ilustrativa Infobae)<\/figcaption><\/div>\n<p class=\"paragraph\">Entre las principales atribuciones de la CNTCP figura la <b>fijaci\u00f3n de las remuneraciones m\u00ednimas<\/b> para el personal comprendido en el r\u00e9gimen especial, tal como dispone el inciso c) del art\u00edculo 67 de la Ley N\u00b0 26.844. La definici\u00f3n de estos par\u00e1metros salariales constituye una de las funciones centrales de la comisi\u00f3n, que debe atender tanto a la situaci\u00f3n socioecon\u00f3mica general como a las particularidades del sector de trabajo en casas particulares.<\/p>\n<p class=\"paragraph\">Durante la sesi\u00f3n plenaria convocada para el 30 de abril, la CNTCP analizar\u00e1 datos y propuestas relativos a la actualizaci\u00f3n de los salarios m\u00ednimos del sector, considerando los informes t\u00e9cnicos y la evoluci\u00f3n de los indicadores econ\u00f3micos. El objetivo central ser\u00e1 acordar eventuales modificaciones en las escalas salariales, que resultan de aplicaci\u00f3n obligatoria para todos los empleadores y trabajadores incluidos en el r\u00e9gimen.<\/p>\n<p class=\"paragraph\">De hecho, tiene la responsabilidad de garantizar que los salarios m\u00ednimos reflejen la realidad econ\u00f3mica y social del pa\u00eds, protegiendo los derechos de los trabajadores y asegurando la equidad en las relaciones laborales dentro del \u00e1mbito dom\u00e9stico. <\/p>\n<p><iframe loading=\"lazy\" src=\"https:\/\/drive.google.com\/file\/d\/1YuiZ0EN4PDQ6M-BPLLuS_hazKACyAoQh\/preview\" width=\"100%\" height=\"480\"><\/iframe><\/p>\n<p class=\"paragraph\">Los valores vigentes en abril son los que corresponden al \u00faltimo acuerdo alcanzado entre las partes, por lo que la hora de servicio dom\u00e9stico en tareas generales vale:<\/p>\n<ul data-icon=\"\u2b24\" class=\"list\">\n<li data-icon=\"\u2b24\"><span>Con retiro: $3.348,37 por hora<\/span><\/li>\n<li data-icon=\"\u2b24\"><span>Sin retiro: $3.599,86 por hora<\/span><\/li>\n<\/ul>\n<p class=\"paragraph\">Durante el mes de abril, el sector dej\u00f3 de percibir el bono extraordinario que se abon\u00f3 previamente en los primeros meses del a\u00f1o. As\u00ed, la remuneraci\u00f3n de las empleadas dom\u00e9sticas qued\u00f3 limitada a los salarios b\u00e1sicos y adicionales previstos por la normativa vigente.<\/p>\n<p class=\"paragraph\">La formalizaci\u00f3n del v\u00ednculo laboral entre empleadores y personal de casas particulares constituye un requisito obligatorio para el sector. Todos los empleadores deben registrar a sus trabajadores en el sistema ARCA (Administraci\u00f3n Federal de Ingresos P\u00fablicos), sin distinci\u00f3n de cantidad de horas ni modalidad de trabajo. El tr\u00e1mite se realiza a trav\u00e9s de la web de ARCA, utilizando la clave fiscal correspondiente. En caso de no disponer de clave fiscal, es necesario tramitarla previamente mediante la Solicitud de Clave Fiscal.<\/p>\n<p class=\"paragraph\">El proceso de inscripci\u00f3n en ARCA requiere la carga de los datos del empleado, a partir del n\u00famero de CUIL. El sistema permite importar autom\u00e1ticamente los datos asociados a la persona, lo que agiliza la gesti\u00f3n para el empleador. La siguiente pantalla exhibe los datos b\u00e1sicos, tras lo cual el empleador debe completar los campos adicionales que figuran en el formulario.<\/p>\n<\/div>\n<p><script defer=\"\">try{!function(f,b,e,v,n,t,s) {if(f.fbq)return;n=f.fbq=function(){n.callMethod? n.callMethod.apply(n,arguments):n.queue.push(arguments)}; if(!f._fbq)f._fbq=n;n.push=n;n.loaded=!0;n.version='2.0'; n.queue=[];t=b.createElement(e);t.async=!0; t.src=v;s=b.getElementsByTagName(e)[0]; s.parentNode.insertBefore(t,s)}(window, document,'script', ' fbq('init', '336383993555320'); fbq('track', 'PageView'); fbq('track', 'ViewContent');}catch(error){console.log(\"Error al inicializar facebookPixelRawCodeScript:\",error);}<\/script><\/p>\n","protected":false},"excerpt":{"rendered":"<p>De acuerdo a lo se\u00f1alado en el Bolet\u00edn Oficial, el Gobierno convoc\u00f3 a una sesi\u00f3n virtual de la Comisi\u00f3n Nacional de Trabajo en Casas Particulares para revisar salarios m\u00ednimos (Imagen Ilustrativa Infobae) El Gobierno nacional convoc\u00f3 a una reunic\u00f3n de la Comisi\u00f3n Nacional de Trabajo en Casas Particulares para analizar el aumento del salario m\u00ednimo [&hellip;]<\/p>\n","protected":false},"author":2,"featured_media":87637,"comment_status":"","ping_status":"","sticky":false,"template":"","format":"standard","meta":{"footnotes":""},"categories":[2],"tags":[],"_links":{"self":[{"href":"https:\/\/maxradio923.com.ar\/index.php\/wp-json\/wp\/v2\/posts\/87944"}],"collection":[{"href":"https:\/\/maxradio923.com.ar\/index.php\/wp-json\/wp\/v2\/posts"}],"about":[{"href":"https:\/\/maxradio923.com.ar\/index.php\/wp-json\/wp\/v2\/types\/post"}],"author":[{"embeddable":true,"href":"https:\/\/maxradio923.com.ar\/index.php\/wp-json\/wp\/v2\/users\/2"}],"replies":[{"embeddable":true,"href":"https:\/\/maxradio923.com.ar\/index.php\/wp-json\/wp\/v2\/comments?post=87944"}],"version-history":[{"count":0,"href":"https:\/\/maxradio923.com.ar\/index.php\/wp-json\/wp\/v2\/posts\/87944\/revisions"}],"wp:featuredmedia":[{"embeddable":true,"href":"https:\/\/maxradio923.com.ar\/index.php\/wp-json\/wp\/v2\/media\/87637"}],"wp:attachment":[{"href":"https:\/\/maxradio923.com.ar\/index.php\/wp-json\/wp\/v2\/media?parent=87944"}],"wp:term":[{"taxonomy":"category","embeddable":true,"href":"https:\/\/maxradio923.com.ar\/index.php\/wp-json\/wp\/v2\/categories?post=87944"},{"taxonomy":"post_tag","embeddable":true,"href":"https:\/\/maxradio923.com.ar\/index.php\/wp-json\/wp\/v2\/tags?post=87944"}],"curies":[{"name":"wp","href":"https:\/\/api.w.org\/{rel}","templated":true}]}}