{"id":87941,"date":"2026-04-29T03:00:22","date_gmt":"2026-04-29T06:00:22","guid":{"rendered":"https:\/\/maxradio923.com.ar\/index.php\/2026\/04\/29\/por-los-aumentos-la-venta-de-combustibles-cayo-en-marzo-y-solo-una-petrolera-logro-vender-mas-en-todo-el-pais\/"},"modified":"2026-04-29T03:00:22","modified_gmt":"2026-04-29T06:00:22","slug":"por-los-aumentos-la-venta-de-combustibles-cayo-en-marzo-y-solo-una-petrolera-logro-vender-mas-en-todo-el-pais","status":"publish","type":"post","link":"https:\/\/maxradio923.com.ar\/index.php\/2026\/04\/29\/por-los-aumentos-la-venta-de-combustibles-cayo-en-marzo-y-solo-una-petrolera-logro-vender-mas-en-todo-el-pais\/","title":{"rendered":"Por los aumentos, la venta de combustibles cay\u00f3 en marzo y s\u00f3lo una petrolera logr\u00f3 vender m\u00e1s en todo el pa\u00eds"},"content":{"rendered":"<p><\/p>\n<div>\n<div class=\"visual__image image-initial-width\"><picture><source srcset=\"https:\/\/www.infobae.com\/resizer\/v2\/BAW7UV2NB5CYVFMRVZUK6KZ2NM.png?auth=806e598aecf2a54173cccccd8a5b4843c5b328f207e038147e8c3dd513a4965c&amp;smart=true&amp;width=992&amp;height=541&amp;quality=85\" media=\"(min-width: 1000px)\"\/><source srcset=\"https:\/\/www.infobae.com\/resizer\/v2\/BAW7UV2NB5CYVFMRVZUK6KZ2NM.png?auth=806e598aecf2a54173cccccd8a5b4843c5b328f207e038147e8c3dd513a4965c&amp;smart=true&amp;width=768&amp;height=419&amp;quality=85\" media=\"(min-width: 768px)\"\/><source srcset=\"https:\/\/www.infobae.com\/resizer\/v2\/BAW7UV2NB5CYVFMRVZUK6KZ2NM.png?auth=806e598aecf2a54173cccccd8a5b4843c5b328f207e038147e8c3dd513a4965c&amp;smart=true&amp;width=577&amp;height=315&amp;quality=85\" media=\"(min-width: 580px)\"\/><source srcset=\"https:\/\/www.infobae.com\/resizer\/v2\/BAW7UV2NB5CYVFMRVZUK6KZ2NM.png?auth=806e598aecf2a54173cccccd8a5b4843c5b328f207e038147e8c3dd513a4965c&amp;smart=true&amp;width=420&amp;height=229&amp;quality=85\" media=\"(min-width: 350px)\"\/><source srcset=\"https:\/\/www.infobae.com\/resizer\/v2\/BAW7UV2NB5CYVFMRVZUK6KZ2NM.png?auth=806e598aecf2a54173cccccd8a5b4843c5b328f207e038147e8c3dd513a4965c&amp;smart=true&amp;width=350&amp;height=191&amp;quality=85\" media=\"(min-width: 80px)\"\/><img alt=\"Una mano humana sostiene una boquilla de combustible verde met\u00e1lica insertada en la boca del dep\u00f3sito de nafta de un autom\u00f3vil gris oscuro en una estaci\u00f3n de servicio.\" class=\"global-image\" decoding=\"async\" fetchpriority=\"high\" height=\"768\" loading=\"eager\" src=\"https:\/\/www.infobae.com\/resizer\/v2\/BAW7UV2NB5CYVFMRVZUK6KZ2NM.png?auth=806e598aecf2a54173cccccd8a5b4843c5b328f207e038147e8c3dd513a4965c&amp;smart=true&amp;width=350&amp;height=191&amp;quality=85\" width=\"1408\"\/><\/picture><figcaption class=\"article-figcaption-img\">La demanda de combustibles mostr\u00f3 ca\u00eddas interanuales en la mayor\u00eda de las provincias durante marzo. (Imagen Ilustrativa Infobae)<\/figcaption><\/div>\n<p class=\"paragraph\">Las <b>ventas de combustible al p\u00fablico <\/b>registraron en marzo de 2026 una<b> ca\u00edda interanual del 1,8% a nivel nacional<\/b>, en un escenario marcado por fuertes aumentos de precios por la <b>guerra en Medio Oriente<\/b>, retrocesos en la mayor\u00eda de las provincias y desempe\u00f1os dispares entre las principales empresas del sector. En ese contexto, s\u00f3lo una petrolera logr\u00f3 incrementar sus ventas frente al mismo mes del a\u00f1o anterior, mientras que el resto exhibi\u00f3 ca\u00eddas. <\/p>\n<p class=\"paragraph\">De acuerdo con un informe de Politikon Chaco en base a datos oficiales, durante el tercer mes del a\u00f1o se comercializaron 1.394.360 metros c\u00fabicos entre naftas y gasoil. Si bien en la comparaci\u00f3n mensual se observ\u00f3 un incremento del 7,3% respecto a febrero, el documento aclara que este crecimiento se explica por la mayor cantidad de d\u00edas del mes. \u201cAl corregir este efecto mediante el c\u00e1lculo de ventas promedio diarias, se verifica una <b>ca\u00edda del 3,1% mensual<\/b>\u201d, se\u00f1ala el reporte. <\/p>\n<p class=\"paragraph\">El an\u00e1lisis por jurisdicciones muestra un claro predominio de resultados negativos. En marzo,<b> s\u00f3lo siete provincias registraron subas interanuales<\/b> en las ventas de combustibles, mientras que <b>las otras diecisiete evidenciaron ca\u00eddas.<\/b><\/p>\n<p class=\"paragraph\">El ranking de crecimiento estuvo encabezado por <b>La Pampa<\/b>, con un alza del 2,8%, seguida por <b>San Juan <\/b>(2,5%) y<b> R\u00edo Negro<\/b> (2,2%). Tambi\u00e9n mostraron variaciones positivas<b> Santa Fe<\/b> (1,9%), <b>C\u00f3rdoba <\/b>(0,8%), <b>San Luis<\/b> (0,7%) y <b>Buenos Aires<\/b> (0,6%). <\/p>\n<div class=\"visual__image\"><picture><source srcset=\"https:\/\/www.infobae.com\/resizer\/v2\/EHMRBHCJCZD75B4YVQJMWAHFS4.jpg?auth=13d06b3c237faa8147d9415f64715eb4124c547255fd2ce55995579d66ee7010&amp;smart=true&amp;width=992&amp;height=836&amp;quality=85\" media=\"(min-width: 1000px)\"\/><source srcset=\"https:\/\/www.infobae.com\/resizer\/v2\/EHMRBHCJCZD75B4YVQJMWAHFS4.jpg?auth=13d06b3c237faa8147d9415f64715eb4124c547255fd2ce55995579d66ee7010&amp;smart=true&amp;width=768&amp;height=647&amp;quality=85\" media=\"(min-width: 768px)\"\/><source srcset=\"https:\/\/www.infobae.com\/resizer\/v2\/EHMRBHCJCZD75B4YVQJMWAHFS4.jpg?auth=13d06b3c237faa8147d9415f64715eb4124c547255fd2ce55995579d66ee7010&amp;smart=true&amp;width=577&amp;height=486&amp;quality=85\" media=\"(min-width: 580px)\"\/><source srcset=\"https:\/\/www.infobae.com\/resizer\/v2\/EHMRBHCJCZD75B4YVQJMWAHFS4.jpg?auth=13d06b3c237faa8147d9415f64715eb4124c547255fd2ce55995579d66ee7010&amp;smart=true&amp;width=420&amp;height=354&amp;quality=85\" media=\"(min-width: 350px)\"\/><source srcset=\"https:\/\/www.infobae.com\/resizer\/v2\/EHMRBHCJCZD75B4YVQJMWAHFS4.jpg?auth=13d06b3c237faa8147d9415f64715eb4124c547255fd2ce55995579d66ee7010&amp;smart=true&amp;width=350&amp;height=295&amp;quality=85\" media=\"(min-width: 80px)\"\/><img alt=\"Combustibles marzo\" class=\"global-image\" decoding=\"async\" fetchpriority=\"low\" height=\"986\" loading=\"lazy\" src=\"https:\/\/www.infobae.com\/resizer\/v2\/EHMRBHCJCZD75B4YVQJMWAHFS4.jpg?auth=13d06b3c237faa8147d9415f64715eb4124c547255fd2ce55995579d66ee7010&amp;smart=true&amp;width=350&amp;height=295&amp;quality=85\" width=\"1170\"\/><\/picture><\/div>\n<p class=\"paragraph\">En contraste, las bajas m\u00e1s pronunciadas se observaron en el norte del pa\u00eds. <b>Tucum\u00e1n <\/b>registr\u00f3 una ca\u00edda del 18,3%, seguida por<b> La Rioja<\/b> (-13,0%) y <b>Salta <\/b>(-12,1%). Otras provincias con descensos relevantes fueron <b>Corrientes <\/b>(-11,5%), <b>Misiones <\/b>(-10,2%) y<b> Santiago del Estero<\/b> (-9,2%). <\/p>\n<p class=\"paragraph\">El informe subraya que este comportamiento refleja una contracci\u00f3n extendida del consumo, con impactos m\u00e1s intensos en determinadas regiones.<\/p>\n<p class=\"paragraph\">El desempe\u00f1o por empresas tambi\u00e9n evidenci\u00f3 un panorama contractivo. <b>YPF <\/b>mantuvo su liderazgo en el mercado con una participaci\u00f3n del 55,4% del total comercializado y fue la \u00fanica compa\u00f1\u00eda que logr\u00f3 incrementar sus ventas en la comparaci\u00f3n interanual, con una<b> suba del 1,0%<\/b>.<\/p>\n<p class=\"paragraph\">En cambio, el resto de las principales operadoras registr\u00f3 ca\u00eddas. <b>Shell<\/b>, con una participaci\u00f3n del 22,9%, mostr\u00f3 un <b>retroceso del 3,8%<\/b>, mientras que Axion \u2014marca de <b>Pan American Energy S.L<\/b>.\u2014 concentr\u00f3 el 12,4% del mercado y registr\u00f3 una <b>baja del 0,8%<\/b>. <\/p>\n<p class=\"paragraph\">El conjunto de otras empresas, que explicaron el 9,4% restante de las ventas, present\u00f3 una<b> ca\u00edda agregada del 13,3%<\/b>, afectada en parte por cuestiones metodol\u00f3gicas en la base de datos relevada. <\/p>\n<div class=\"visual__image\"><picture><source srcset=\"https:\/\/www.infobae.com\/resizer\/v2\/H477G7FOWVHDZKVPYNH3ZVBKXQ.JPG?auth=6eb49ba86600bc97ecfd9ecd332d69470acf0633e9c2928ff1ab279a1f554361&amp;smart=true&amp;width=992&amp;height=661&amp;quality=85\" media=\"(min-width: 1000px)\"\/><source srcset=\"https:\/\/www.infobae.com\/resizer\/v2\/H477G7FOWVHDZKVPYNH3ZVBKXQ.JPG?auth=6eb49ba86600bc97ecfd9ecd332d69470acf0633e9c2928ff1ab279a1f554361&amp;smart=true&amp;width=768&amp;height=512&amp;quality=85\" media=\"(min-width: 768px)\"\/><source srcset=\"https:\/\/www.infobae.com\/resizer\/v2\/H477G7FOWVHDZKVPYNH3ZVBKXQ.JPG?auth=6eb49ba86600bc97ecfd9ecd332d69470acf0633e9c2928ff1ab279a1f554361&amp;smart=true&amp;width=577&amp;height=385&amp;quality=85\" media=\"(min-width: 580px)\"\/><source srcset=\"https:\/\/www.infobae.com\/resizer\/v2\/H477G7FOWVHDZKVPYNH3ZVBKXQ.JPG?auth=6eb49ba86600bc97ecfd9ecd332d69470acf0633e9c2928ff1ab279a1f554361&amp;smart=true&amp;width=420&amp;height=280&amp;quality=85\" media=\"(min-width: 350px)\"\/><source srcset=\"https:\/\/www.infobae.com\/resizer\/v2\/H477G7FOWVHDZKVPYNH3ZVBKXQ.JPG?auth=6eb49ba86600bc97ecfd9ecd332d69470acf0633e9c2928ff1ab279a1f554361&amp;smart=true&amp;width=350&amp;height=233&amp;quality=85\" media=\"(min-width: 80px)\"\/><img alt=\"YPF mantuvo su liderazgo en el mercado con una participaci\u00f3n del 55,4%. REUTERS\/Agustin Marcarian\" class=\"global-image\" decoding=\"async\" fetchpriority=\"low\" height=\"2781\" loading=\"lazy\" src=\"https:\/\/www.infobae.com\/resizer\/v2\/H477G7FOWVHDZKVPYNH3ZVBKXQ.JPG?auth=6eb49ba86600bc97ecfd9ecd332d69470acf0633e9c2928ff1ab279a1f554361&amp;smart=true&amp;width=350&amp;height=233&amp;quality=85\" width=\"4172\"\/><\/picture><figcaption class=\"article-figcaption-img\">YPF mantuvo su liderazgo en el mercado con una participaci\u00f3n del 55,4%. REUTERS\/Agustin Marcarian<\/figcaption><\/div>\n<p class=\"paragraph\">Por tipo de combustible, las ventas mostraron retrocesos tanto en <b>naftas <\/b>como en <b>gasoil<\/b>. Las primeras, que representaron el 58% del total comercializado,<b> cayeron un 2,4% interanual<\/b>, mientras que el gasoil \u2014con el 42% restante\u2014 registr\u00f3 una<b> baja del 1,1%<\/b>.<\/p>\n<p class=\"paragraph\">El informe se\u00f1ala que la contracci\u00f3n en naftas estuvo impulsada por la ca\u00edda en el segmento s\u00faper, que descendi\u00f3 4,1%, mientras que el segmento premium creci\u00f3 2,7% pero no logr\u00f3 compensar la baja general. <\/p>\n<p class=\"paragraph\">En el caso del gasoil, la din\u00e1mica fue similar: el segmento com\u00fan retrocedi\u00f3 5,8%, mientras que el premium avanz\u00f3 6,4%, aunque sin revertir el resultado total negativo. <\/p>\n<p class=\"paragraph\">En ese marco, el documento destaca un cambio en la din\u00e1mica relativa entre combustibles. \u201cEs la primera vez desde febrero de 2024 que el desempe\u00f1o de las naftas fue peor al del gasoil\u201d, indica el trabajo, y agrega que esto \u201cpodr\u00eda estar reflejando una mayor retracci\u00f3n del consumo vinculado al uso particular de veh\u00edculos, m\u00e1s sensible al ingreso disponible\u201d. <\/p>\n<p class=\"paragraph\">El informe tambi\u00e9n incluye los datos acumulados del primer trimestre de 2026, que muestran una <b>ca\u00edda del 1,1% interanual<\/b> en las ventas de combustibles a nivel nacional. Esta baja estuvo explicada principalmente por el retroceso del gasoil (-2,0%), mientras que las naftas mostraron una disminuci\u00f3n m\u00e1s moderada (-0,5%). <\/p>\n<p class=\"paragraph\">A nivel provincial, <b>s\u00f3lo siete distritos lograron cerrar el trimestre con resultados positivos<\/b>. <b>R\u00edo Negro <\/b>lider\u00f3 con un crecimiento del 2,7%, seguido por<b> Santa Fe<\/b> (2,4%), <b>Buenos Aires <\/b>(1,6%) y <b>San Juan <\/b>(1,4%). Tambi\u00e9n registraron subas <b>Chaco <\/b>(0,4%), <b>C\u00f3rdoba <\/b>(0,2%) y <b>La Pampa<\/b> (0,2%). <\/p>\n<p class=\"paragraph\">En el otro extremo, las ca\u00eddas m\u00e1s pronunciadas correspondieron a <b>Corrientes <\/b>(-12,1%) y <b>La Rioja<\/b> (-9,5%), que se ubicaron en el fondo del ranking acumulado. <\/p>\n<p class=\"paragraph\">De esta manera, los datos de marzo consolidan una tendencia de retracci\u00f3n en el consumo de combustibles a nivel nacional, con una din\u00e1mica extendida en la mayor\u00eda de las provincias y con diferencias tanto por tipo de producto como por operador dentro del mercado.<\/p>\n<\/div>\n<p><script defer=\"\">try{!function(f,b,e,v,n,t,s) {if(f.fbq)return;n=f.fbq=function(){n.callMethod? n.callMethod.apply(n,arguments):n.queue.push(arguments)}; if(!f._fbq)f._fbq=n;n.push=n;n.loaded=!0;n.version='2.0'; n.queue=[];t=b.createElement(e);t.async=!0; t.src=v;s=b.getElementsByTagName(e)[0]; s.parentNode.insertBefore(t,s)}(window, document,'script', ' fbq('init', '336383993555320'); fbq('track', 'PageView'); fbq('track', 'ViewContent');}catch(error){console.log(\"Error al inicializar facebookPixelRawCodeScript:\",error);}<\/script><\/p>\n","protected":false},"excerpt":{"rendered":"<p>La demanda de combustibles mostr\u00f3 ca\u00eddas interanuales en la mayor\u00eda de las provincias durante marzo. (Imagen Ilustrativa Infobae) Las ventas de combustible al p\u00fablico registraron en marzo de 2026 una ca\u00edda interanual del 1,8% a nivel nacional, en un escenario marcado por fuertes aumentos de precios por la guerra en Medio Oriente, retrocesos en la [&hellip;]<\/p>\n","protected":false},"author":2,"featured_media":87141,"comment_status":"","ping_status":"","sticky":false,"template":"","format":"standard","meta":{"footnotes":""},"categories":[2],"tags":[],"_links":{"self":[{"href":"https:\/\/maxradio923.com.ar\/index.php\/wp-json\/wp\/v2\/posts\/87941"}],"collection":[{"href":"https:\/\/maxradio923.com.ar\/index.php\/wp-json\/wp\/v2\/posts"}],"about":[{"href":"https:\/\/maxradio923.com.ar\/index.php\/wp-json\/wp\/v2\/types\/post"}],"author":[{"embeddable":true,"href":"https:\/\/maxradio923.com.ar\/index.php\/wp-json\/wp\/v2\/users\/2"}],"replies":[{"embeddable":true,"href":"https:\/\/maxradio923.com.ar\/index.php\/wp-json\/wp\/v2\/comments?post=87941"}],"version-history":[{"count":0,"href":"https:\/\/maxradio923.com.ar\/index.php\/wp-json\/wp\/v2\/posts\/87941\/revisions"}],"wp:featuredmedia":[{"embeddable":true,"href":"https:\/\/maxradio923.com.ar\/index.php\/wp-json\/wp\/v2\/media\/87141"}],"wp:attachment":[{"href":"https:\/\/maxradio923.com.ar\/index.php\/wp-json\/wp\/v2\/media?parent=87941"}],"wp:term":[{"taxonomy":"category","embeddable":true,"href":"https:\/\/maxradio923.com.ar\/index.php\/wp-json\/wp\/v2\/categories?post=87941"},{"taxonomy":"post_tag","embeddable":true,"href":"https:\/\/maxradio923.com.ar\/index.php\/wp-json\/wp\/v2\/tags?post=87941"}],"curies":[{"name":"wp","href":"https:\/\/api.w.org\/{rel}","templated":true}]}}