{"id":87939,"date":"2026-04-29T02:38:04","date_gmt":"2026-04-29T05:38:04","guid":{"rendered":"https:\/\/maxradio923.com.ar\/index.php\/2026\/04\/29\/la-uia-mostro-preocupacion-por-la-provision-de-gas-y-advirtio-por-altos-costos-para-la-industria\/"},"modified":"2026-04-29T02:38:04","modified_gmt":"2026-04-29T05:38:04","slug":"la-uia-mostro-preocupacion-por-la-provision-de-gas-y-advirtio-por-altos-costos-para-la-industria","status":"publish","type":"post","link":"https:\/\/maxradio923.com.ar\/index.php\/2026\/04\/29\/la-uia-mostro-preocupacion-por-la-provision-de-gas-y-advirtio-por-altos-costos-para-la-industria\/","title":{"rendered":"La UIA mostr\u00f3 preocupaci\u00f3n por la provisi\u00f3n de gas y advirti\u00f3 por \u201caltos costos para la industria\u201d"},"content":{"rendered":"<p><\/p>\n<div>\n<div class=\"visual__image image-initial-width\"><picture><source srcset=\"https:\/\/www.infobae.com\/resizer\/v2\/YKYZWZ36NBDDVA5K4Y2EKGOCOA.JPG?auth=da57d1c7f2cbb9ea535e50fe0c5f813b8d25a03e91a743ccf1cefb775b6b8f17&amp;smart=true&amp;width=992&amp;height=661&amp;quality=85\" media=\"(min-width: 1000px)\"\/><source srcset=\"https:\/\/www.infobae.com\/resizer\/v2\/YKYZWZ36NBDDVA5K4Y2EKGOCOA.JPG?auth=da57d1c7f2cbb9ea535e50fe0c5f813b8d25a03e91a743ccf1cefb775b6b8f17&amp;smart=true&amp;width=768&amp;height=512&amp;quality=85\" media=\"(min-width: 768px)\"\/><source srcset=\"https:\/\/www.infobae.com\/resizer\/v2\/YKYZWZ36NBDDVA5K4Y2EKGOCOA.JPG?auth=da57d1c7f2cbb9ea535e50fe0c5f813b8d25a03e91a743ccf1cefb775b6b8f17&amp;smart=true&amp;width=577&amp;height=385&amp;quality=85\" media=\"(min-width: 580px)\"\/><source srcset=\"https:\/\/www.infobae.com\/resizer\/v2\/YKYZWZ36NBDDVA5K4Y2EKGOCOA.JPG?auth=da57d1c7f2cbb9ea535e50fe0c5f813b8d25a03e91a743ccf1cefb775b6b8f17&amp;smart=true&amp;width=420&amp;height=280&amp;quality=85\" media=\"(min-width: 350px)\"\/><source srcset=\"https:\/\/www.infobae.com\/resizer\/v2\/YKYZWZ36NBDDVA5K4Y2EKGOCOA.JPG?auth=da57d1c7f2cbb9ea535e50fe0c5f813b8d25a03e91a743ccf1cefb775b6b8f17&amp;smart=true&amp;width=350&amp;height=233&amp;quality=85\" media=\"(min-width: 80px)\"\/><img alt=\"La industria metal\u00fargica requiere grandes vol\u00famenes de gas para alimentar hornos y sostener procesos de alta temperatura (Reuters)\" class=\"global-image\" decoding=\"async\" fetchpriority=\"high\" height=\"2496\" loading=\"eager\" src=\"https:\/\/www.infobae.com\/resizer\/v2\/YKYZWZ36NBDDVA5K4Y2EKGOCOA.JPG?auth=da57d1c7f2cbb9ea535e50fe0c5f813b8d25a03e91a743ccf1cefb775b6b8f17&amp;smart=true&amp;width=350&amp;height=233&amp;quality=85\" width=\"3744\"\/><\/picture><figcaption class=\"article-figcaption-img\">La industria metal\u00fargica requiere grandes vol\u00famenes de gas para alimentar hornos y sostener procesos de alta temperatura (Reuters)<\/figcaption><\/div>\n<p class=\"paragraph\">La <b>Uni\u00f3n Industrial Argentina (UIA)<\/b> expres\u00f3 su preocupaci\u00f3n por el <b>abastecimiento de Gas Natural Licuado (GNL) <\/b>de cara al invierno y advirti\u00f3 por el impacto que podr\u00edan tener eventuales restricciones en el suministro y el aumento de costos sobre la actividad productiva.<\/p>\n<p class=\"paragraph\">Durante una reuni\u00f3n de su Junta Directiva, la entidad se\u00f1al\u00f3 que uno de los ejes centrales fue la disponibilidad de este insumo en los meses de mayor demanda. En ese marco, remarc\u00f3 la necesidad de <b>contar con previsibilidad energ\u00e9tica<\/b> para sostener la producci\u00f3n.<\/p>\n<p class=\"paragraph\">La preocupaci\u00f3n se enmarca en un contexto en el que <b>ya comenzaron a registrarse restricciones en el sistema de gas<\/b> ante la suba estacional del consumo. Seg\u00fan se inform\u00f3, las distribuidoras limitaron el despacho de gas a usuarios con contratos interrumpibles \u2014entre ellos estaciones de servicio e industrias\u2014 para priorizar la demanda residencial. <\/p>\n<p class=\"paragraph\">La entidad industrial plante\u00f3 su inquietud ante las autoridades energ\u00e9ticas por el escenario previsto para los meses de fr\u00edo, cuando el consumo suele alcanzar niveles m\u00e1ximos.<\/p>\n<p class=\"paragraph\">En reuniones mantenidas con la<b> Secretar\u00eda de Energ\u00eda y la Subsecretar\u00eda de Industria<\/b>, la UIA expres\u00f3 su \u201cpreocupaci\u00f3n por la provisi\u00f3n de GNL durante los picos de demanda invernal y por el costo que deber\u00eda afrontar la industria\u201d.<\/p>\n<p class=\"paragraph\">Adem\u00e1s, la UIA advirti\u00f3 que el contexto internacional podr\u00eda agravar la situaci\u00f3n. Seg\u00fan se\u00f1al\u00f3, las tensiones geopol\u00edticas est\u00e1n generando <b>mayor volatilidad en los precios energ\u00e9ticos<\/b>, lo que impacta en las condiciones de abastecimiento.<\/p>\n<div class=\"visual__image\"><picture><source srcset=\"https:\/\/www.infobae.com\/resizer\/v2\/75OGGIBHRNFXXN7NAPDROGQKKE.jpg?auth=0b449482dc733b35239ec03a11dc299381552108ea43f2173d9a7f3a9f8453eb&amp;smart=true&amp;width=992&amp;height=559&amp;quality=85\" media=\"(min-width: 1000px)\"\/><source srcset=\"https:\/\/www.infobae.com\/resizer\/v2\/75OGGIBHRNFXXN7NAPDROGQKKE.jpg?auth=0b449482dc733b35239ec03a11dc299381552108ea43f2173d9a7f3a9f8453eb&amp;smart=true&amp;width=768&amp;height=433&amp;quality=85\" media=\"(min-width: 768px)\"\/><source srcset=\"https:\/\/www.infobae.com\/resizer\/v2\/75OGGIBHRNFXXN7NAPDROGQKKE.jpg?auth=0b449482dc733b35239ec03a11dc299381552108ea43f2173d9a7f3a9f8453eb&amp;smart=true&amp;width=577&amp;height=325&amp;quality=85\" media=\"(min-width: 580px)\"\/><source srcset=\"https:\/\/www.infobae.com\/resizer\/v2\/75OGGIBHRNFXXN7NAPDROGQKKE.jpg?auth=0b449482dc733b35239ec03a11dc299381552108ea43f2173d9a7f3a9f8453eb&amp;smart=true&amp;width=420&amp;height=237&amp;quality=85\" media=\"(min-width: 350px)\"\/><source srcset=\"https:\/\/www.infobae.com\/resizer\/v2\/75OGGIBHRNFXXN7NAPDROGQKKE.jpg?auth=0b449482dc733b35239ec03a11dc299381552108ea43f2173d9a7f3a9f8453eb&amp;smart=true&amp;width=350&amp;height=197&amp;quality=85\" media=\"(min-width: 80px)\"\/><img alt=\"Vista a\u00e9rea de un gran barco transportador de GNL negro con la marca &quot;SAMUEL A&quot; y cuatro tanques esf\u00e9ricos blancos, navegando en el mar gris\" class=\"global-image\" decoding=\"async\" fetchpriority=\"low\" height=\"1082\" loading=\"lazy\" src=\"https:\/\/www.infobae.com\/resizer\/v2\/75OGGIBHRNFXXN7NAPDROGQKKE.jpg?auth=0b449482dc733b35239ec03a11dc299381552108ea43f2173d9a7f3a9f8453eb&amp;smart=true&amp;width=350&amp;height=197&amp;quality=85\" width=\"1920\"\/><\/picture><figcaption class=\"article-figcaption-img\">El Gas Natural Licuado se importa por v\u00eda mar\u00edtima para cubrir la demanda en los picos de consumo invernal.<\/figcaption><\/div>\n<p class=\"paragraph\">\u201cLa UIA present\u00f3 una propuesta orientada a adoptar medidas transitorias para atenuar el mayor costo del abastecimiento de GNL sobre la demanda industrial, con el objetivo de preservar los niveles de producci\u00f3n\u201d, indic\u00f3 la entidad.<\/p>\n<p class=\"paragraph\">En ese sentido, la organizaci\u00f3n remarc\u00f3 que el suministro energ\u00e9tico es un factor clave para la actividad industrial y que cualquier interrupci\u00f3n o encarecimiento puede afectar directamente los procesos productivos.<\/p>\n<p class=\"paragraph\">El planteo de la UIA se da en paralelo a medidas recientes adoptadas en el sistema de gas. En el <b>\u00c1rea Metropolitana de Buenos Aires<\/b>, las distribuidoras dispusieron restricciones en la venta de GNC ante la ola de fr\u00edo, lo que implic\u00f3 la suspensi\u00f3n del servicio interrumpible. <\/p>\n<p class=\"paragraph\">Estas decisiones forman parte de los mecanismos habituales para priorizar el abastecimiento a los hogares, considerados usuarios prioritarios en situaciones de alta demanda. Sin embargo, tienen impacto directo sobre sectores productivos que dependen del gas para su funcionamiento.<\/p>\n<p class=\"paragraph\">En este contexto, tambi\u00e9n se mencion\u00f3 la incertidumbre en torno al abastecimiento de GNL importado, cuya disponibilidad resulta clave para cubrir el faltante de producci\u00f3n local durante el invierno.<\/p>\n<p class=\"paragraph\">En el mismo encuentro, el <b>Centro de Estudios de la UIA (CEU) <\/b>present\u00f3 un an\u00e1lisis sobre la evoluci\u00f3n reciente de la actividad industrial.<\/p>\n<p class=\"paragraph\">El informe anticip\u00f3 para marzo una<b> posible recuperaci\u00f3n mensual de la producci\u00f3n industrial del 5%<\/b> sin estacionalidad y un crecimiento interanual estimado de 3,6 por ciento. No obstante, la entidad aclar\u00f3 que esta mejora se explica en gran medida por una base de comparaci\u00f3n baja respecto al mismo mes del a\u00f1o anterior.<\/p>\n<p class=\"paragraph\">A nivel trimestral, el panorama contin\u00faa siendo contractivo. Seg\u00fan el relevamiento, <b>el primer trimestre cerrar\u00eda con una ca\u00edda interanual del 2,7%<\/b>, y la actividad se mantiene por debajo de los niveles de a\u00f1os previos.<\/p>\n<div class=\"visual__image\"><picture><source srcset=\"https:\/\/www.infobae.com\/resizer\/v2\/Z4F7IHMXNRB65LWYGQ2ES6KGB4.JPG?auth=39700b4153342e190e6b1a32bb7152f353e184b9f5bdcacd6c214182735dacda&amp;smart=true&amp;width=992&amp;height=661&amp;quality=85\" media=\"(min-width: 1000px)\"\/><source srcset=\"https:\/\/www.infobae.com\/resizer\/v2\/Z4F7IHMXNRB65LWYGQ2ES6KGB4.JPG?auth=39700b4153342e190e6b1a32bb7152f353e184b9f5bdcacd6c214182735dacda&amp;smart=true&amp;width=768&amp;height=512&amp;quality=85\" media=\"(min-width: 768px)\"\/><source srcset=\"https:\/\/www.infobae.com\/resizer\/v2\/Z4F7IHMXNRB65LWYGQ2ES6KGB4.JPG?auth=39700b4153342e190e6b1a32bb7152f353e184b9f5bdcacd6c214182735dacda&amp;smart=true&amp;width=577&amp;height=385&amp;quality=85\" media=\"(min-width: 580px)\"\/><source srcset=\"https:\/\/www.infobae.com\/resizer\/v2\/Z4F7IHMXNRB65LWYGQ2ES6KGB4.JPG?auth=39700b4153342e190e6b1a32bb7152f353e184b9f5bdcacd6c214182735dacda&amp;smart=true&amp;width=420&amp;height=280&amp;quality=85\" media=\"(min-width: 350px)\"\/><source srcset=\"https:\/\/www.infobae.com\/resizer\/v2\/Z4F7IHMXNRB65LWYGQ2ES6KGB4.JPG?auth=39700b4153342e190e6b1a32bb7152f353e184b9f5bdcacd6c214182735dacda&amp;smart=true&amp;width=350&amp;height=233&amp;quality=85\" media=\"(min-width: 80px)\"\/><img alt=\"Los sectores vinculados a la agroindustria mostraron una mejora en la actividad, seg\u00fan el relevamiento industrial. (Reuters)\" class=\"global-image\" decoding=\"async\" fetchpriority=\"low\" height=\"4334\" loading=\"lazy\" src=\"https:\/\/www.infobae.com\/resizer\/v2\/Z4F7IHMXNRB65LWYGQ2ES6KGB4.JPG?auth=39700b4153342e190e6b1a32bb7152f353e184b9f5bdcacd6c214182735dacda&amp;smart=true&amp;width=350&amp;height=233&amp;quality=85\" width=\"6500\"\/><\/picture><figcaption class=\"article-figcaption-img\">Los sectores vinculados a la agroindustria mostraron una mejora en la actividad, seg\u00fan el relevamiento industrial. (Reuters)<\/figcaption><\/div>\n<p class=\"paragraph\">El an\u00e1lisis sectorial mostr\u00f3 una din\u00e1mica muy dispar. Algunos rubros vinculados a la <b>agroindustria <\/b>y la <b>energ\u00eda <\/b>registraron mejoras, mientras que otros contin\u00faan afectados por la ca\u00edda de la demanda y el aumento de la competencia importada.<\/p>\n<p class=\"paragraph\">Entre los sectores m\u00e1s comprometidos se mencionaron <b>textiles<\/b>,<b> maquinaria, materiales para la construcci\u00f3n y bienes de consumo durable<\/b>.<\/p>\n<p class=\"paragraph\">Asimismo, la UIA destac\u00f3 la baja de las tasas de inter\u00e9s para empresas, aunque expres\u00f3 preocupaci\u00f3n por el incremento de la morosidad.<\/p>\n<p class=\"paragraph\">Durante la reuni\u00f3n tambi\u00e9n se abordaron temas vinculados a la agenda ambiental. La entidad inform\u00f3 avances en la elaboraci\u00f3n de lineamientos para una ley de gesti\u00f3n de envases.<\/p>\n<p class=\"paragraph\">El documento fue desarrollado junto a 17 c\u00e1maras sectoriales e incluye 14 lineamientos orientados a promover una regulaci\u00f3n basada en la<b> econom\u00eda circular<\/b>, con criterios de gradualidad y participaci\u00f3n del sector privado.<\/p>\n<p class=\"paragraph\">Seg\u00fan se explic\u00f3, la propuesta busca evitar la creaci\u00f3n de tributos espec\u00edficos y fomentar la inversi\u00f3n en sistemas de gesti\u00f3n eficientes, as\u00ed como la valorizaci\u00f3n de residuos.<\/p>\n<p class=\"paragraph\">Por otro lado, la UIA repas\u00f3 su participaci\u00f3n en encuentros internacionales. Representantes de la entidad participaron de una reuni\u00f3n entre uniones industriales del <b>Mercosur <\/b>y la<b> Confindustria de Italia<\/b>, con el objetivo de fortalecer v\u00ednculos productivos y promover inversiones.<\/p>\n<\/div>\n<p><script defer=\"\">try{!function(f,b,e,v,n,t,s) {if(f.fbq)return;n=f.fbq=function(){n.callMethod? n.callMethod.apply(n,arguments):n.queue.push(arguments)}; if(!f._fbq)f._fbq=n;n.push=n;n.loaded=!0;n.version='2.0'; n.queue=[];t=b.createElement(e);t.async=!0; t.src=v;s=b.getElementsByTagName(e)[0]; s.parentNode.insertBefore(t,s)}(window, document,'script', ' fbq('init', '336383993555320'); fbq('track', 'PageView'); fbq('track', 'ViewContent');}catch(error){console.log(\"Error al inicializar facebookPixelRawCodeScript:\",error);}<\/script><\/p>\n","protected":false},"excerpt":{"rendered":"<p>La industria metal\u00fargica requiere grandes vol\u00famenes de gas para alimentar hornos y sostener procesos de alta temperatura (Reuters) La Uni\u00f3n Industrial Argentina (UIA) expres\u00f3 su preocupaci\u00f3n por el abastecimiento de Gas Natural Licuado (GNL) de cara al invierno y advirti\u00f3 por el impacto que podr\u00edan tener eventuales restricciones en el suministro y el aumento de [&hellip;]<\/p>\n","protected":false},"author":2,"featured_media":87940,"comment_status":"","ping_status":"","sticky":false,"template":"","format":"standard","meta":{"footnotes":""},"categories":[2],"tags":[],"_links":{"self":[{"href":"https:\/\/maxradio923.com.ar\/index.php\/wp-json\/wp\/v2\/posts\/87939"}],"collection":[{"href":"https:\/\/maxradio923.com.ar\/index.php\/wp-json\/wp\/v2\/posts"}],"about":[{"href":"https:\/\/maxradio923.com.ar\/index.php\/wp-json\/wp\/v2\/types\/post"}],"author":[{"embeddable":true,"href":"https:\/\/maxradio923.com.ar\/index.php\/wp-json\/wp\/v2\/users\/2"}],"replies":[{"embeddable":true,"href":"https:\/\/maxradio923.com.ar\/index.php\/wp-json\/wp\/v2\/comments?post=87939"}],"version-history":[{"count":0,"href":"https:\/\/maxradio923.com.ar\/index.php\/wp-json\/wp\/v2\/posts\/87939\/revisions"}],"wp:featuredmedia":[{"embeddable":true,"href":"https:\/\/maxradio923.com.ar\/index.php\/wp-json\/wp\/v2\/media\/87940"}],"wp:attachment":[{"href":"https:\/\/maxradio923.com.ar\/index.php\/wp-json\/wp\/v2\/media?parent=87939"}],"wp:term":[{"taxonomy":"category","embeddable":true,"href":"https:\/\/maxradio923.com.ar\/index.php\/wp-json\/wp\/v2\/categories?post=87939"},{"taxonomy":"post_tag","embeddable":true,"href":"https:\/\/maxradio923.com.ar\/index.php\/wp-json\/wp\/v2\/tags?post=87939"}],"curies":[{"name":"wp","href":"https:\/\/api.w.org\/{rel}","templated":true}]}}