{"id":87931,"date":"2026-04-28T21:14:02","date_gmt":"2026-04-29T00:14:02","guid":{"rendered":"https:\/\/maxradio923.com.ar\/index.php\/2026\/04\/28\/caputo-se-reunio-con-legisladores-aliados-y-busca-validar-el-acuerdo-con-los-fondos-buitre-en-el-senado\/"},"modified":"2026-04-28T21:14:02","modified_gmt":"2026-04-29T00:14:02","slug":"caputo-se-reunio-con-legisladores-aliados-y-busca-validar-el-acuerdo-con-los-fondos-buitre-en-el-senado","status":"publish","type":"post","link":"https:\/\/maxradio923.com.ar\/index.php\/2026\/04\/28\/caputo-se-reunio-con-legisladores-aliados-y-busca-validar-el-acuerdo-con-los-fondos-buitre-en-el-senado\/","title":{"rendered":"Caputo se reuni\u00f3 con legisladores aliados y busca validar el acuerdo con los fondos buitre en el Senado"},"content":{"rendered":"<p><\/p>\n<div>\n<div class=\"visual__image image-initial-width\"><picture><source srcset=\"https:\/\/www.infobae.com\/resizer\/v2\/AD2CXN3FQVF2LMO7X3IRABTXAY.jpeg?auth=a156635034202903dfee0a6bf1e98a3e2217ae72471b9864b422be57e8834ade&amp;smart=true&amp;width=992&amp;height=741&amp;quality=85\" media=\"(min-width: 1000px)\"\/><source srcset=\"https:\/\/www.infobae.com\/resizer\/v2\/AD2CXN3FQVF2LMO7X3IRABTXAY.jpeg?auth=a156635034202903dfee0a6bf1e98a3e2217ae72471b9864b422be57e8834ade&amp;smart=true&amp;width=768&amp;height=573&amp;quality=85\" media=\"(min-width: 768px)\"\/><source srcset=\"https:\/\/www.infobae.com\/resizer\/v2\/AD2CXN3FQVF2LMO7X3IRABTXAY.jpeg?auth=a156635034202903dfee0a6bf1e98a3e2217ae72471b9864b422be57e8834ade&amp;smart=true&amp;width=577&amp;height=431&amp;quality=85\" media=\"(min-width: 580px)\"\/><source srcset=\"https:\/\/www.infobae.com\/resizer\/v2\/AD2CXN3FQVF2LMO7X3IRABTXAY.jpeg?auth=a156635034202903dfee0a6bf1e98a3e2217ae72471b9864b422be57e8834ade&amp;smart=true&amp;width=420&amp;height=314&amp;quality=85\" media=\"(min-width: 350px)\"\/><source srcset=\"https:\/\/www.infobae.com\/resizer\/v2\/AD2CXN3FQVF2LMO7X3IRABTXAY.jpeg?auth=a156635034202903dfee0a6bf1e98a3e2217ae72471b9864b422be57e8834ade&amp;smart=true&amp;width=350&amp;height=261&amp;quality=85\" media=\"(min-width: 80px)\"\/><img alt=\"reuni\u00f3n Luis Caputo, Patricia Bullrich y senadores aliados por acuerdo con fondos buitres\" class=\"global-image\" decoding=\"async\" fetchpriority=\"high\" height=\"896\" loading=\"eager\" src=\"https:\/\/www.infobae.com\/resizer\/v2\/AD2CXN3FQVF2LMO7X3IRABTXAY.jpeg?auth=a156635034202903dfee0a6bf1e98a3e2217ae72471b9864b422be57e8834ade&amp;smart=true&amp;width=350&amp;height=261&amp;quality=85\" width=\"1200\"\/><\/picture><figcaption class=\"article-figcaption-img\">El ministro de Econom\u00eda, Luis Caputo, y la jefa de la bancada oficialista en el Senado, Patricia Bullrich, encabezaron una reuni\u00f3n con aliados en la previa de un plenario clave para aprobar el acuerdo con los fondos buitre.<\/figcaption><\/div>\n<p class=\"paragraph\">En v\u00edsperas de un <b>plenario clave<\/b> en el Senado para para validar un acuerdo con <b>fondos buitre por USD 171 millones<\/b>, el ministro de Econom\u00eda, <b>Luis Caputo<\/b>, y la jefa del bloque de senadores de La Libertad Avanza, <b>Patricia Bullrich<\/b>, mantuvieron una reuni\u00f3n junto a legisladores del denominado \u201cGrupo de los 44 aliados\u201d, en la que abordaron la necesidad de <b>aprobar el entendimiento con los holdouts antes del 30 de abril<\/b>. Adem\u00e1s, analizaron el avance de las econom\u00edas regionales, la importancia del equilibrio fiscal y un pedido de los parlamentarios sobre la coparticipaci\u00f3n a las provincias.<\/p>\n<p class=\"paragraph\">\u201cCon Luis Caputo y su equipo analizamos el avance de las obras estrat\u00e9gicas en cada provincia, la situaci\u00f3n de las econom\u00edas regionales y sus principales desaf\u00edos. Coincidimos en la<b> importancia de sostener el equilibrio fiscal<\/b>, condici\u00f3n indispensable para ordenar la Argentina y consolidar el progreso de todos los argentinos\u201d, indic\u00f3 Bullrich tras el c\u00f3nclave.<\/p>\n<p class=\"paragraph\">Del encuentro participaron, entre otros, el senador<b> Eduardo Vischi<\/b>, presidente del bloque UCR; <b>Carlos Mauricio Esp\u00ednola<\/b>, del bloque Provincias Unidas; <b>Carlos Arce<\/b>, del Frente Renovador de la Concordia Social; <b>Edith Terenzi<\/b>, de Despierta Chubut; <b>Beatriz \u00c1vila<\/b>, de Independencia; <b>Flavia Roy\u00f3n<\/b>, de Primero Los Salte\u00f1os;<b> Julieta Corroza<\/b>, de La Neuquinidad; y <b>Bartolom\u00e9 Abdala<\/b>, de La Libertad Avanza.<\/p>\n<p class=\"paragraph\">Seg\u00fan lo informado, se discutieron las problem\u00e1ticas espec\u00edficas de las econom\u00edas regionales y la evoluci\u00f3n de las obras, en un contexto en el que el Gobierno busca sostener los \u201cfundamentos econ\u00f3micos\u201d, con especial foco en el equilibrio fiscal.<\/p>\n<div class=\"visual__image\"><picture><source srcset=\"https:\/\/www.infobae.com\/resizer\/v2\/RRSENCUBCZGU3ONL66XSBIWYUY.jpg?auth=6282f4f48bf8f76eeb0f9b4e08a1a4fbc56513abf80c859ac4a5ce2029670004&amp;smart=true&amp;width=992&amp;height=558&amp;quality=85\" media=\"(min-width: 1000px)\"\/><source srcset=\"https:\/\/www.infobae.com\/resizer\/v2\/RRSENCUBCZGU3ONL66XSBIWYUY.jpg?auth=6282f4f48bf8f76eeb0f9b4e08a1a4fbc56513abf80c859ac4a5ce2029670004&amp;smart=true&amp;width=768&amp;height=432&amp;quality=85\" media=\"(min-width: 768px)\"\/><source srcset=\"https:\/\/www.infobae.com\/resizer\/v2\/RRSENCUBCZGU3ONL66XSBIWYUY.jpg?auth=6282f4f48bf8f76eeb0f9b4e08a1a4fbc56513abf80c859ac4a5ce2029670004&amp;smart=true&amp;width=577&amp;height=325&amp;quality=85\" media=\"(min-width: 580px)\"\/><source srcset=\"https:\/\/www.infobae.com\/resizer\/v2\/RRSENCUBCZGU3ONL66XSBIWYUY.jpg?auth=6282f4f48bf8f76eeb0f9b4e08a1a4fbc56513abf80c859ac4a5ce2029670004&amp;smart=true&amp;width=420&amp;height=236&amp;quality=85\" media=\"(min-width: 350px)\"\/><source srcset=\"https:\/\/www.infobae.com\/resizer\/v2\/RRSENCUBCZGU3ONL66XSBIWYUY.jpg?auth=6282f4f48bf8f76eeb0f9b4e08a1a4fbc56513abf80c859ac4a5ce2029670004&amp;smart=true&amp;width=350&amp;height=197&amp;quality=85\" media=\"(min-width: 80px)\"\/><img alt=\"Primer plano de Luis Toto Caputo, un hombre de cabello gris y traje azul, con camisa celeste abierta, gesticulando con ambas manos frente a un fondo azul\" class=\"global-image\" decoding=\"async\" fetchpriority=\"low\" height=\"1080\" loading=\"lazy\" src=\"https:\/\/www.infobae.com\/resizer\/v2\/RRSENCUBCZGU3ONL66XSBIWYUY.jpg?auth=6282f4f48bf8f76eeb0f9b4e08a1a4fbc56513abf80c859ac4a5ce2029670004&amp;smart=true&amp;width=350&amp;height=197&amp;quality=85\" width=\"1920\"\/><\/picture><figcaption class=\"article-figcaption-img\">El ministro de Econom\u00eda Luis Caputo busca destrabar el acuerdo con los fondos buitre en el Senado. (Maximiliano Luna)<\/figcaption><\/div>\n<p class=\"paragraph\">Fuentes presentes en el encuentro explicaron en cuanto al <b>acuerdo con los dos fondos buitre, por un total de USD 171 millones<\/b>, el mensaje enviado por el Poder Ejecutivo al Congreso establece que, si el proyecto no es aprobado por ambas c\u00e1maras antes del 30 de abril,<b> se podr\u00eda reanudar el litigio en condiciones financieras considerablemente m\u00e1s desfavorables <\/b>para el pa\u00eds. <\/p>\n<p class=\"paragraph\">Sin embargo, las fuentes indicaron que, seg\u00fan lo transmitido por Econom\u00eda durante la reuni\u00f3n, <b>no se trata de una fecha l\u00edmite estricta<\/b>, sino que la aprobaci\u00f3n en el Senado antes del jueves representar\u00eda un <b>gesto positivo<\/b>. Por ese motivo, se espera que el dictamen correspondiente se emita en la jornada de ma\u00f1ana.<\/p>\n<p class=\"paragraph\">En efecto, las comisiones de <b>Presupuesto y Hacienda, junto con la de Econom\u00eda Nacional e Inversi\u00f3n del Senado<\/b>, tienen previsto realizar el mi\u00e9rcoles un plenario para tratar el acuerdo alcanzado entre el Gobierno y los fondos buitre, que incluye el mencionado desembolso. En el mensaje enviado por el Poder Ejecutivo al Congreso se establece el 30 de abril como plazo para evitar que el litigio contin\u00fae \u201cbajo condiciones financieras significativamente m\u00e1s gravosas\u201d.<\/p>\n<p class=\"paragraph\">El entendimiento contempla que <b>Bainbridge Ltd.<\/b> y<b> Attestor Value Master Fund LP<\/b> aceptar\u00edan una <b>reducci\u00f3n superior al 30%<\/b> sobre el monto reconocido en fallos judiciales emitidos en Estados Unidos. De acuerdo con la propuesta oficial, la Argentina pagar\u00eda USD 67 millones a Bainbridge y USD 104 millones a Attestor.<\/p>\n<div class=\"visual__image\"><picture><source srcset=\"https:\/\/www.infobae.com\/resizer\/v2\/2E77WSFJURCR7HOWUNHCT2AFM4.JPG?auth=56c08039159f1a2808136514e28be5a61bbde8ca935cd013259ff5395e658b7f&amp;smart=true&amp;width=992&amp;height=661&amp;quality=85\" media=\"(min-width: 1000px)\"\/><source srcset=\"https:\/\/www.infobae.com\/resizer\/v2\/2E77WSFJURCR7HOWUNHCT2AFM4.JPG?auth=56c08039159f1a2808136514e28be5a61bbde8ca935cd013259ff5395e658b7f&amp;smart=true&amp;width=768&amp;height=512&amp;quality=85\" media=\"(min-width: 768px)\"\/><source srcset=\"https:\/\/www.infobae.com\/resizer\/v2\/2E77WSFJURCR7HOWUNHCT2AFM4.JPG?auth=56c08039159f1a2808136514e28be5a61bbde8ca935cd013259ff5395e658b7f&amp;smart=true&amp;width=577&amp;height=385&amp;quality=85\" media=\"(min-width: 580px)\"\/><source srcset=\"https:\/\/www.infobae.com\/resizer\/v2\/2E77WSFJURCR7HOWUNHCT2AFM4.JPG?auth=56c08039159f1a2808136514e28be5a61bbde8ca935cd013259ff5395e658b7f&amp;smart=true&amp;width=420&amp;height=280&amp;quality=85\" media=\"(min-width: 350px)\"\/><source srcset=\"https:\/\/www.infobae.com\/resizer\/v2\/2E77WSFJURCR7HOWUNHCT2AFM4.JPG?auth=56c08039159f1a2808136514e28be5a61bbde8ca935cd013259ff5395e658b7f&amp;smart=true&amp;width=350&amp;height=233&amp;quality=85\" media=\"(min-width: 80px)\"\/><img alt=\"El Gobierno busca asegurarse la aprobaci\u00f3n del acuerdo con los fondos buitre en el Senado. (Comunicaci\u00f3n Senado)\" class=\"global-image\" decoding=\"async\" fetchpriority=\"low\" height=\"2000\" loading=\"lazy\" src=\"https:\/\/www.infobae.com\/resizer\/v2\/2E77WSFJURCR7HOWUNHCT2AFM4.JPG?auth=56c08039159f1a2808136514e28be5a61bbde8ca935cd013259ff5395e658b7f&amp;smart=true&amp;width=350&amp;height=233&amp;quality=85\" width=\"3000\"\/><\/picture><figcaption class=\"article-figcaption-img\">El Gobierno busca asegurarse la aprobaci\u00f3n del acuerdo con los fondos buitre en el Senado. (Comunicaci\u00f3n Senado)<\/figcaption><\/div>\n<p class=\"paragraph\">El esquema elegido sigue el modelo \u201c<b>Entrega contra Pago<\/b>\u201d (DVP): los fondos se transferir\u00e1n de manera simult\u00e1nea a la cancelaci\u00f3n de los bonos, mientras que los acreedores asumir\u00e1n los gastos legales derivados del proceso judicial. Los convenios tambi\u00e9n contemplan una cl\u00e1usula de<i> standstill<\/i>, que impide nuevas demandas o acciones legales por parte de los acreedores, as\u00ed como interferencias en operaciones financieras hasta que se concrete la operaci\u00f3n.<\/p>\n<p class=\"paragraph\">El texto remitido al Congreso, firmado por <b>Javier Milei<\/b>, el ministro de Justicia, <b>Juan Bautista Mahiques<\/b>, y el jefe de Gabinete, <b>Manuel Adorni<\/b>, se\u00f1ala adem\u00e1s que la aprobaci\u00f3n del acuerdo permitir\u00e1 \u201c<b>la finalizaci\u00f3n de la investigaci\u00f3n en curso sobre los bienes<\/b>\u201d del pa\u00eds, en referencia a los procesos de \u201cDiscovery\u201d vinculados a las finanzas, privatizaciones, cuentas bancarias y otros activos argentinos.<\/p>\n<p class=\"paragraph\">Por otra parte, uno de los pedidos trasladados al jefe del Palacio de Hacienda durante la reuni\u00f3n con el \u201cGrupo de los 44\u2033 fue la<b> extensi\u00f3n en los plazos de devoluci\u00f3n de los <\/b><b>adelantos de coparticipaci\u00f3n<\/b><b> otorgados a varias provincias<\/b>. Hasta el momento, la reembolso deb\u00eda realizarse en cuatro meses, aunque se encuentra en an\u00e1lisis la posibilidad de extender ese plazo a seis u ocho meses, seg\u00fan detallaron los interlocutores.<\/p>\n<div class=\"visual__image\"><picture><source srcset=\"https:\/\/www.infobae.com\/resizer\/v2\/JWUH2AST7RHF5G37I4S23KIHJY.png?auth=63609f44d6c796933cf28cc791bccb6b8a76e6b3aefc73185dd550e1b77c7ce9&amp;smart=true&amp;width=992&amp;height=747&amp;quality=85\" media=\"(min-width: 1000px)\"\/><source srcset=\"https:\/\/www.infobae.com\/resizer\/v2\/JWUH2AST7RHF5G37I4S23KIHJY.png?auth=63609f44d6c796933cf28cc791bccb6b8a76e6b3aefc73185dd550e1b77c7ce9&amp;smart=true&amp;width=768&amp;height=578&amp;quality=85\" media=\"(min-width: 768px)\"\/><source srcset=\"https:\/\/www.infobae.com\/resizer\/v2\/JWUH2AST7RHF5G37I4S23KIHJY.png?auth=63609f44d6c796933cf28cc791bccb6b8a76e6b3aefc73185dd550e1b77c7ce9&amp;smart=true&amp;width=577&amp;height=435&amp;quality=85\" media=\"(min-width: 580px)\"\/><source srcset=\"https:\/\/www.infobae.com\/resizer\/v2\/JWUH2AST7RHF5G37I4S23KIHJY.png?auth=63609f44d6c796933cf28cc791bccb6b8a76e6b3aefc73185dd550e1b77c7ce9&amp;smart=true&amp;width=420&amp;height=316&amp;quality=85\" media=\"(min-width: 350px)\"\/><source srcset=\"https:\/\/www.infobae.com\/resizer\/v2\/JWUH2AST7RHF5G37I4S23KIHJY.png?auth=63609f44d6c796933cf28cc791bccb6b8a76e6b3aefc73185dd550e1b77c7ce9&amp;smart=true&amp;width=350&amp;height=264&amp;quality=85\" media=\"(min-width: 80px)\"\/><img alt=\"12 provincias fueron autorizadas para recibir adelantos de la coparticipaci\u00f3n en 2026. (Presidencia)\" class=\"global-image\" decoding=\"async\" fetchpriority=\"low\" height=\"1580\" loading=\"lazy\" src=\"https:\/\/www.infobae.com\/resizer\/v2\/JWUH2AST7RHF5G37I4S23KIHJY.png?auth=63609f44d6c796933cf28cc791bccb6b8a76e6b3aefc73185dd550e1b77c7ce9&amp;smart=true&amp;width=350&amp;height=264&amp;quality=85\" width=\"2098\"\/><\/picture><figcaption class=\"article-figcaption-img\">12 provincias fueron autorizadas para recibir adelantos de la coparticipaci\u00f3n en 2026. (Presidencia)<\/figcaption><\/div>\n<p class=\"paragraph\">A trav\u00e9s del Decreto 219, el Gobierno implement\u00f3 un sistema de adelantos de coparticipaci\u00f3n destinado a doce provincias con problemas financieros. El texto oficial fija un <b>l\u00edmite m\u00e1ximo de $400.000 millones para estos anticipos<\/b>, cuyo monto se calcula seg\u00fan el coeficiente de coparticipaci\u00f3n que le corresponde a cada provincia.<\/p>\n<p class=\"paragraph\">La disposici\u00f3n habilita anticipos sobre los fondos de coparticipaci\u00f3n federal, que deber\u00e1n ser reintegrados dentro del mismo a\u00f1o fiscal. Estos adelantos tendr\u00e1n <b>una tasa nominal anual fija del 15% <\/b>y se devolver\u00e1n mediante retenciones autom\u00e1ticas sobre los recursos coparticipables. La definici\u00f3n de los montos para cada provincia quedar\u00e1 en manos de la Secretar\u00eda de Hacienda, que evaluar\u00e1 la capacidad de pago y la proporci\u00f3n de recaudaci\u00f3n de impuestos nacionales correspondiente a cada jurisdicci\u00f3n.<\/p>\n<p class=\"paragraph\">Entre las provincias que podr\u00e1n acceder a este mecanismo figuran <b>Catamarca, Chaco, Chubut, Corrientes, La Rioja, Mendoza, Misiones, R\u00edo Negro, Salta, Santa Cruz, Tierra del Fuego <\/b>y <b>Tucum\u00e1n<\/b>, todas con alg\u00fan nivel de sinton\u00eda pol\u00edtica con el Gobierno nacional. El l\u00edmite total autorizado es de $400.000 millones, a distribuirse seg\u00fan las necesidades planteadas por cada provincia y el an\u00e1lisis t\u00e9cnico de Hacienda.<\/p>\n<\/div>\n<p><script defer=\"\">try{!function(f,b,e,v,n,t,s) {if(f.fbq)return;n=f.fbq=function(){n.callMethod? n.callMethod.apply(n,arguments):n.queue.push(arguments)}; if(!f._fbq)f._fbq=n;n.push=n;n.loaded=!0;n.version='2.0'; n.queue=[];t=b.createElement(e);t.async=!0; t.src=v;s=b.getElementsByTagName(e)[0]; s.parentNode.insertBefore(t,s)}(window, document,'script', ' fbq('init', '336383993555320'); fbq('track', 'PageView'); fbq('track', 'ViewContent');}catch(error){console.log(\"Error al inicializar facebookPixelRawCodeScript:\",error);}<\/script><\/p>\n","protected":false},"excerpt":{"rendered":"<p>El ministro de Econom\u00eda, Luis Caputo, y la jefa de la bancada oficialista en el Senado, Patricia Bullrich, encabezaron una reuni\u00f3n con aliados en la previa de un plenario clave para aprobar el acuerdo con los fondos buitre. En v\u00edsperas de un plenario clave en el Senado para para validar un acuerdo con fondos buitre [&hellip;]<\/p>\n","protected":false},"author":2,"featured_media":87932,"comment_status":"","ping_status":"","sticky":false,"template":"","format":"standard","meta":{"footnotes":""},"categories":[2],"tags":[],"_links":{"self":[{"href":"https:\/\/maxradio923.com.ar\/index.php\/wp-json\/wp\/v2\/posts\/87931"}],"collection":[{"href":"https:\/\/maxradio923.com.ar\/index.php\/wp-json\/wp\/v2\/posts"}],"about":[{"href":"https:\/\/maxradio923.com.ar\/index.php\/wp-json\/wp\/v2\/types\/post"}],"author":[{"embeddable":true,"href":"https:\/\/maxradio923.com.ar\/index.php\/wp-json\/wp\/v2\/users\/2"}],"replies":[{"embeddable":true,"href":"https:\/\/maxradio923.com.ar\/index.php\/wp-json\/wp\/v2\/comments?post=87931"}],"version-history":[{"count":0,"href":"https:\/\/maxradio923.com.ar\/index.php\/wp-json\/wp\/v2\/posts\/87931\/revisions"}],"wp:featuredmedia":[{"embeddable":true,"href":"https:\/\/maxradio923.com.ar\/index.php\/wp-json\/wp\/v2\/media\/87932"}],"wp:attachment":[{"href":"https:\/\/maxradio923.com.ar\/index.php\/wp-json\/wp\/v2\/media?parent=87931"}],"wp:term":[{"taxonomy":"category","embeddable":true,"href":"https:\/\/maxradio923.com.ar\/index.php\/wp-json\/wp\/v2\/categories?post=87931"},{"taxonomy":"post_tag","embeddable":true,"href":"https:\/\/maxradio923.com.ar\/index.php\/wp-json\/wp\/v2\/tags?post=87931"}],"curies":[{"name":"wp","href":"https:\/\/api.w.org\/{rel}","templated":true}]}}