{"id":87919,"date":"2026-04-28T17:58:02","date_gmt":"2026-04-28T20:58:02","guid":{"rendered":"https:\/\/maxradio923.com.ar\/index.php\/2026\/04\/28\/por-que-me-dicen-vendepatria-alumnos-de-secundaria-abuchearon-al-ceo-de-una-fintech-en-un-megaevento-de-emprendedores\/"},"modified":"2026-04-28T17:58:02","modified_gmt":"2026-04-28T20:58:02","slug":"por-que-me-dicen-vendepatria-alumnos-de-secundaria-abuchearon-al-ceo-de-una-fintech-en-un-megaevento-de-emprendedores","status":"publish","type":"post","link":"https:\/\/maxradio923.com.ar\/index.php\/2026\/04\/28\/por-que-me-dicen-vendepatria-alumnos-de-secundaria-abuchearon-al-ceo-de-una-fintech-en-un-megaevento-de-emprendedores\/","title":{"rendered":"\u201c\u00bfPor qu\u00e9 me dicen vendepatria?\u201d: alumnos de secundaria abuchearon al CEO de una fintech en un megaevento de emprendedores"},"content":{"rendered":"<p><\/p>\n<div>\n<div class=\"jwplayer-ctn\"><figcaption class=\"jwplayer-figcaption\">Ariel Sbdar, cofundador y CEO de Cocos, intent\u00f3 ofrecer una conferencia en el evento Experiencia Endeavor Sub20<\/figcaption><\/div>\n<p class=\"paragraph\"><b>Ariel Sbdar<\/b>, CEO y cofundador de Cocos, se subi\u00f3 al escenario del <b>Movistar Arena<\/b> este martes de 2026 con una idea clara: dar una charla sobre <b>inteligencia artificial<\/b>, inversiones y emprendimiento frente a m\u00e1s de 12.000 estudiantes de todo el pa\u00eds. No lleg\u00f3 a desarrollarla. Apenas tom\u00f3 el micr\u00f3fono, un sector del p\u00fablico lo recibi\u00f3 con c\u00e1nticos de <b>\u201cla patria no se vende\u201d<\/b> y lo increp\u00f3 con el apodo \u201cvendepatria\u201d. El evento era <b>Experiencia Endeavor Sub20<\/b>, el encuentro anual que <b>Endeavor Argentina<\/b> organiza para alumnos de los \u00faltimos a\u00f1os del secundario en el estadio porte\u00f1o.<\/p>\n<p class=\"paragraph\">Ante los abucheos, el cofundador de <b>Cocos Capital<\/b> pregunt\u00f3 desde el escenario: \u201c\u00bfPero por qu\u00e9 me dicen vendepatria?\u201d. La respuesta lleg\u00f3 desde el p\u00fablico con m\u00e1s c\u00e1nticos. Sbdar no pudo continuar. Seg\u00fan relat\u00f3 \u00e9l mismo en un video grabado a la salida del evento, los c\u00e1nticos <b>\u201ctaparon todo lo que ten\u00eda para decir o gran parte de lo que yo ten\u00eda para decir\u201d<\/b>. Reconoci\u00f3 adem\u00e1s que lleg\u00f3 al evento sin diapositivas preparadas y que su plan era apoyarse en la herramienta de inteligencia artificial Claude para estructurar la charla en vivo.<\/p>\n<p class=\"paragraph\">\u201cNo pude dar la charla, y eso es una oportunidad que se pierde para muchos j\u00f3venes que estaban ah\u00ed con ganas de aprender y participar. Me escribieron varios que se quedaron con esa expectativa\u201d, dijo Sbdar a <i>Infobae<\/i>.<\/p>\n<div class=\"video-player-vertical video-player-vertical-body\">\n<p><h2 class=\"video-description\">El video muestra a un hombre dirigi\u00e9ndose a c\u00e1mara en dos ubicaciones. Primero, se encuentra dentro de un gran recinto con asientos visibles, identificado en pantalla como Movistar Arena. El hombre viste una sudadera oscura y gesticula. Posteriormente, aparece sentado en el interior de un veh\u00edculo. Textos superpuestos hacen referencia a &#8220;Movistar Arena&#8221;, &#8220;inversiones&#8221; y &#8220;educaci\u00f3n financiera&#8221;. Este material es una pieza de contenido educativo o promocional.<\/h2>\n<\/p>\n<\/div>\n<p class=\"paragraph\">\u201cYo fui a hablar de algo concreto: c\u00f3mo invertir, entender el dinero y construir futuro. Eso es lo que hacemos en Cocos todos los d\u00edas. Esto no cambia lo importante. Al contrario, refuerza una convicci\u00f3n: hacen falta m\u00e1s espacios donde se pueda aprender y compartir conocimiento\u201d, agreg\u00f3 el emprendedor.<\/p>\n<p class=\"paragraph\">\u201cNuestro compromiso es con la educaci\u00f3n financiera y con generar oportunidades. Y voy a seguir yendo a hablar con j\u00f3venes, porque estoy convencido de que ese es el camino\u201d, concluy\u00f3.<\/p>\n<p class=\"paragraph\">La reacci\u00f3n del p\u00fablico se tom\u00f3 de un episodio del pasado reciente. Los estudiantes que abuchearon a Sbdar lo vincularon al <b>esc\u00e1ndalo de la criptomoneda $LIBRA<\/b>, el proyecto que el presidente <b>Javier Milei<\/b> promocion\u00f3 en sus redes sociales el 14 de febrero de 2025. Esa noche, el precio del token se multiplic\u00f3 en minutos y colaps\u00f3 horas despu\u00e9s. Sus creadores retiraron cerca de <b>90 millones de d\u00f3lares<\/b> una vez que el valor alcanz\u00f3 su pico, en lo que se conoce como un <i>rug pull<\/i>. Las p\u00e9rdidas totales del episodio se estimaron en <b>251 millones de d\u00f3lares<\/b> y afectaron a unas <b>44.000 personas<\/b>.<\/p>\n<p class=\"paragraph\">Sbdar estuvo entre los primeros en amplificar el lanzamiento en la red social X. Public\u00f3 mensajes como \u201c\u00bfEntienden que $LIBRA de Milei ya vale m\u00e1s que much\u00edsimas compa\u00f1\u00edas argentinas?\u201d, aunque luego aclar\u00f3 que no se trataba de una recomendaci\u00f3n de compra y que no ten\u00eda vinculaci\u00f3n con el proyecto. Esa aclaraci\u00f3n no fue suficiente para borrar su nombre de la conversaci\u00f3n p\u00fablica sobre el caso.<\/p>\n<p class=\"paragraph\">El evento que lo convoc\u00f3 tiene un perfil bien definido. Bajo el lema \u201cLo que no existe, podemos inventarlo\u201d, la edici\u00f3n 2026 de Experiencia Endeavor Sub20 reuni\u00f3 en el Movistar Arena a estudiantes de escuelas p\u00fablicas y privadas de todo el pa\u00eds. El line-up de speakers incluy\u00f3 a <b>Mart\u00edn Migoya<\/b>, cofundador y CEO de <b>Globant<\/b> y presidente de Endeavor Argentina; <b>Alejandro V\u00e1zquez<\/b>, cofundador y presidente de <b>Tiendanube<\/b>; y <b>Mar\u00eda Julia Bearzi<\/b>, directora ejecutiva de Endeavor Argentina, entre otros referentes del ecosistema emprendedor. El objetivo declarado del encuentro es acercar a los j\u00f3venes historias reales de quienes construyeron su propio camino profesional.<\/p>\n<p class=\"paragraph\">Bearzi resumi\u00f3 el esp\u00edritu del evento antes de que se realizara: \u201cSembrar mentalidad emprendedora a los 17 a\u00f1os no es opcional. Es urgente. Los j\u00f3venes no necesitan que los motiven: necesitan ver que hay un camino posible y que ese camino se construye, aunque no tengas todo claro cuando arranc\u00e1s\u201d. El episodio protagonizado por Sbdar irrumpi\u00f3 en ese marco.<\/p>\n<p class=\"paragraph\">Tras salir del Movistar Arena, Sbdar grab\u00f3 un video en el que interpret\u00f3 lo ocurrido como una expresi\u00f3n de la grieta pol\u00edtica que, a su juicio, se extiende a espacios que deber\u00edan estar al margen de ella. <b>\u201cEstamos m\u00e1s concentrados en la grieta en todos lados, en vez de concentrarnos en avanzar como pa\u00eds\u201d<\/b>, dijo. Anunci\u00f3 que subir\u00e1 la charla que no pudo dar para que quienes quieran verla puedan acceder, y reafirm\u00f3 que el compromiso de Cocos es con la <b>educaci\u00f3n financiera<\/b>.<\/p>\n<p class=\"paragraph\">El esc\u00e1ndalo $LIBRA, que sirvi\u00f3 de detonante para los abucheos, todav\u00eda no se cerr\u00f3. Una comisi\u00f3n investigadora del Congreso argentino concluy\u00f3 que Milei \u201cpudo haber brindado colaboraci\u00f3n indispensable para la ejecuci\u00f3n del esquema\u201d y que us\u00f3 su investidura para beneficiar a un grupo con informaci\u00f3n privilegiada. El caso permanece bajo investigaci\u00f3n judicial tanto en Argentina como en Estados Unidos.<\/p>\n<\/div>\n<p><script defer=\"\">try{!function(f,b,e,v,n,t,s) {if(f.fbq)return;n=f.fbq=function(){n.callMethod? n.callMethod.apply(n,arguments):n.queue.push(arguments)}; if(!f._fbq)f._fbq=n;n.push=n;n.loaded=!0;n.version='2.0'; n.queue=[];t=b.createElement(e);t.async=!0; t.src=v;s=b.getElementsByTagName(e)[0]; s.parentNode.insertBefore(t,s)}(window, document,'script', ' fbq('init', '336383993555320'); fbq('track', 'PageView'); fbq('track', 'ViewContent');}catch(error){console.log(\"Error al inicializar facebookPixelRawCodeScript:\",error);}<\/script><\/p>\n","protected":false},"excerpt":{"rendered":"<p>Ariel Sbdar, cofundador y CEO de Cocos, intent\u00f3 ofrecer una conferencia en el evento Experiencia Endeavor Sub20 Ariel Sbdar, CEO y cofundador de Cocos, se subi\u00f3 al escenario del Movistar Arena este martes de 2026 con una idea clara: dar una charla sobre inteligencia artificial, inversiones y emprendimiento frente a m\u00e1s de 12.000 estudiantes de [&hellip;]<\/p>\n","protected":false},"author":2,"featured_media":87920,"comment_status":"","ping_status":"","sticky":false,"template":"","format":"standard","meta":{"footnotes":""},"categories":[2],"tags":[],"_links":{"self":[{"href":"https:\/\/maxradio923.com.ar\/index.php\/wp-json\/wp\/v2\/posts\/87919"}],"collection":[{"href":"https:\/\/maxradio923.com.ar\/index.php\/wp-json\/wp\/v2\/posts"}],"about":[{"href":"https:\/\/maxradio923.com.ar\/index.php\/wp-json\/wp\/v2\/types\/post"}],"author":[{"embeddable":true,"href":"https:\/\/maxradio923.com.ar\/index.php\/wp-json\/wp\/v2\/users\/2"}],"replies":[{"embeddable":true,"href":"https:\/\/maxradio923.com.ar\/index.php\/wp-json\/wp\/v2\/comments?post=87919"}],"version-history":[{"count":0,"href":"https:\/\/maxradio923.com.ar\/index.php\/wp-json\/wp\/v2\/posts\/87919\/revisions"}],"wp:featuredmedia":[{"embeddable":true,"href":"https:\/\/maxradio923.com.ar\/index.php\/wp-json\/wp\/v2\/media\/87920"}],"wp:attachment":[{"href":"https:\/\/maxradio923.com.ar\/index.php\/wp-json\/wp\/v2\/media?parent=87919"}],"wp:term":[{"taxonomy":"category","embeddable":true,"href":"https:\/\/maxradio923.com.ar\/index.php\/wp-json\/wp\/v2\/categories?post=87919"},{"taxonomy":"post_tag","embeddable":true,"href":"https:\/\/maxradio923.com.ar\/index.php\/wp-json\/wp\/v2\/tags?post=87919"}],"curies":[{"name":"wp","href":"https:\/\/api.w.org\/{rel}","templated":true}]}}