{"id":87912,"date":"2026-04-28T16:33:03","date_gmt":"2026-04-28T19:33:03","guid":{"rendered":"https:\/\/maxradio923.com.ar\/index.php\/2026\/04\/28\/verguenza-el-duro-reclamo-de-esteban-bullrich-contra-una-plataforma-financiera-y-la-respuesta-del-ceo-global-de-la-compania\/"},"modified":"2026-04-28T16:33:03","modified_gmt":"2026-04-28T19:33:03","slug":"verguenza-el-duro-reclamo-de-esteban-bullrich-contra-una-plataforma-financiera-y-la-respuesta-del-ceo-global-de-la-compania","status":"publish","type":"post","link":"https:\/\/maxradio923.com.ar\/index.php\/2026\/04\/28\/verguenza-el-duro-reclamo-de-esteban-bullrich-contra-una-plataforma-financiera-y-la-respuesta-del-ceo-global-de-la-compania\/","title":{"rendered":"\u201cVerg\u00fcenza\u201d: el duro reclamo de Esteban Bullrich contra una plataforma financiera y la respuesta del CEO global de la compa\u00f1\u00eda"},"content":{"rendered":"<p><\/p>\n<div>\n<div class=\"visual__image image-initial-width\"><picture><source srcset=\"https:\/\/www.infobae.com\/resizer\/v2\/VGU6WTIZWZH2HMERKAG5N6RZSY.JPG?auth=b971cf24085d41106c25bdff0e95d72c182ea93ebc25a4ccf1b5c1bc00ca00a5&amp;smart=true&amp;width=992&amp;height=661&amp;quality=85\" media=\"(min-width: 1000px)\"\/><source srcset=\"https:\/\/www.infobae.com\/resizer\/v2\/VGU6WTIZWZH2HMERKAG5N6RZSY.JPG?auth=b971cf24085d41106c25bdff0e95d72c182ea93ebc25a4ccf1b5c1bc00ca00a5&amp;smart=true&amp;width=768&amp;height=512&amp;quality=85\" media=\"(min-width: 768px)\"\/><source srcset=\"https:\/\/www.infobae.com\/resizer\/v2\/VGU6WTIZWZH2HMERKAG5N6RZSY.JPG?auth=b971cf24085d41106c25bdff0e95d72c182ea93ebc25a4ccf1b5c1bc00ca00a5&amp;smart=true&amp;width=577&amp;height=384&amp;quality=85\" media=\"(min-width: 580px)\"\/><source srcset=\"https:\/\/www.infobae.com\/resizer\/v2\/VGU6WTIZWZH2HMERKAG5N6RZSY.JPG?auth=b971cf24085d41106c25bdff0e95d72c182ea93ebc25a4ccf1b5c1bc00ca00a5&amp;smart=true&amp;width=420&amp;height=280&amp;quality=85\" media=\"(min-width: 350px)\"\/><source srcset=\"https:\/\/www.infobae.com\/resizer\/v2\/VGU6WTIZWZH2HMERKAG5N6RZSY.JPG?auth=b971cf24085d41106c25bdff0e95d72c182ea93ebc25a4ccf1b5c1bc00ca00a5&amp;smart=true&amp;width=350&amp;height=233&amp;quality=85\" media=\"(min-width: 80px)\"\/><img alt=\"Binance es el principal exchange de criptomonedas a nivel global. REUTERS\/Dado Ruvic\/Illustration\" class=\"global-image\" decoding=\"async\" fetchpriority=\"high\" height=\"533\" loading=\"eager\" src=\"https:\/\/www.infobae.com\/resizer\/v2\/VGU6WTIZWZH2HMERKAG5N6RZSY.JPG?auth=b971cf24085d41106c25bdff0e95d72c182ea93ebc25a4ccf1b5c1bc00ca00a5&amp;smart=true&amp;width=350&amp;height=233&amp;quality=85\" width=\"800\"\/><\/picture><figcaption class=\"article-figcaption-img\">Binance es el principal exchange de criptomonedas a nivel global. REUTERS\/Dado Ruvic\/Illustration<\/figcaption><\/div>\n<p class=\"paragraph\">El ex senador nacional y ex ministro de Educaci\u00f3n porte\u00f1o <b>Esteban Bullrich<\/b> expres\u00f3 su malestar por los problemas de accesibilidad en una plataforma financiera. El dirigente del PRO, quien padece ELA, dirigi\u00f3 sus cr\u00edticas a <b>Binance<\/b>, el principal exchange de criptomonedas a nivel global, debido a la ausencia de respuestas de la empresa ante fallas en el sistema de identificaci\u00f3n facial.<\/p>\n<p class=\"paragraph\">\u201cLa <b>ELA (Esclerosis Lateral Amiotr\u00f3fica)<\/b> se est\u00e1 llevando mi cuerpo. No deber\u00eda llevarse tambi\u00e9n mi dinero. Hace 5 meses, <b>el Face ID de Binance dej\u00f3 de reconocerme porque la enfermedad cambi\u00f3 mi rostro. Su respuesta: nada<\/b>. Ninguna alternativa accesible para usuarios con discapacidades\u201d, reclam\u00f3 Bullrich a trav\u00e9s de su cuenta de X. <\/p>\n<p class=\"paragraph\">\u201cEsto es lo que pasa cuando una plataforma que mueve miles de millones trata la accesibilidad como algo opcional. Verg\u00fcenza para ti, Binance\u201d, manifest\u00f3 Bullrich. En su mensaje, escrito en ingl\u00e9s, arrob\u00f3 a <b>Changpeng Zhao <\/b>y a <b>Richard Teng, <\/b>fundador y CEO de la plataforma global, respectivamente.<\/p>\n<p class=\"paragraph\">La respuesta del CEO de Binance tambi\u00e9n lleg\u00f3 a trav\u00e9s de X. Desde su cuenta personal, <b>Teng <\/b>asegur\u00f3: \u201cEsteban, vi tu publicaci\u00f3n y quise <b>responder personalmente<\/b>. Lo siento, esto sucedi\u00f3. Estoy comprometido a asegurarme de que cerremos esta brecha de accesibilidad para cada usuario que enfrente desaf\u00edos similares. Gracias por alzar la voz\u201d.<\/p>\n<div class=\"visual__image\"><picture><source srcset=\"https:\/\/www.infobae.com\/resizer\/v2\/T4ZUPPYANBCCRCUVX6XT367QBU.jpg?auth=92563ccac7e627c49ca9358246a6c62792ed80a0e105f044d5b3ddc692fe1481&amp;smart=true&amp;width=992&amp;height=558&amp;quality=85\" media=\"(min-width: 1000px)\"\/><source srcset=\"https:\/\/www.infobae.com\/resizer\/v2\/T4ZUPPYANBCCRCUVX6XT367QBU.jpg?auth=92563ccac7e627c49ca9358246a6c62792ed80a0e105f044d5b3ddc692fe1481&amp;smart=true&amp;width=768&amp;height=432&amp;quality=85\" media=\"(min-width: 768px)\"\/><source srcset=\"https:\/\/www.infobae.com\/resizer\/v2\/T4ZUPPYANBCCRCUVX6XT367QBU.jpg?auth=92563ccac7e627c49ca9358246a6c62792ed80a0e105f044d5b3ddc692fe1481&amp;smart=true&amp;width=577&amp;height=325&amp;quality=85\" media=\"(min-width: 580px)\"\/><source srcset=\"https:\/\/www.infobae.com\/resizer\/v2\/T4ZUPPYANBCCRCUVX6XT367QBU.jpg?auth=92563ccac7e627c49ca9358246a6c62792ed80a0e105f044d5b3ddc692fe1481&amp;smart=true&amp;width=420&amp;height=236&amp;quality=85\" media=\"(min-width: 350px)\"\/><source srcset=\"https:\/\/www.infobae.com\/resizer\/v2\/T4ZUPPYANBCCRCUVX6XT367QBU.jpg?auth=92563ccac7e627c49ca9358246a6c62792ed80a0e105f044d5b3ddc692fe1481&amp;smart=true&amp;width=350&amp;height=197&amp;quality=85\" media=\"(min-width: 80px)\"\/><img alt=\"Captura de pantalla de un tuit de Esteban Bullrich. El texto dice que la ELA se est\u00e1 llevando su cuerpo y no deber\u00eda llevarse tambi\u00e9n su dinero, denunciando a Binance\" class=\"global-image\" decoding=\"async\" fetchpriority=\"low\" height=\"1080\" loading=\"lazy\" src=\"https:\/\/www.infobae.com\/resizer\/v2\/T4ZUPPYANBCCRCUVX6XT367QBU.jpg?auth=92563ccac7e627c49ca9358246a6c62792ed80a0e105f044d5b3ddc692fe1481&amp;smart=true&amp;width=350&amp;height=197&amp;quality=85\" width=\"1920\"\/><\/picture><figcaption class=\"article-figcaption-img\">El exsenador Esteban Bullrich publica un tuit en el que denuncia a Binance por falta de alternativas accesibles despu\u00e9s de que su Face ID dejara de funcionar debido a los cambios provocados por la ELA. (X)<\/figcaption><\/div>\n<p class=\"paragraph\">R\u00e1pidamente, el ex funcionario recibi\u00f3 el apoyo de los usuarios, incluido <b>Pierpaolo Barbieri<\/b>, fundador de Ual\u00e1. A su vez, el economista <b>Roberto Cachanosky<\/b>, sostuvo: \u201cDevu\u00e9lvanle sus ahorros. Alg\u00fan mecanismo de comunicaci\u00f3n con el acreedor tiene que tener el sistema. Si ofrecen manejar el dinero de la gente, h\u00e1ganlo con seriedad\u201d.<\/p>\n<p class=\"paragraph\">Incluso,<b> Fernando Blanco Mui\u00f1o<\/b>, subsecretario de Defensa del Consumidor y Lealtad Comercial, detall\u00f3: \u201cDe acuerdo al art\u00edculo 8 bis de la Ley 24.240 y la Disposici\u00f3n 137\/24 <b>vamos a impulsar la actuaci\u00f3n de oficio <\/b>para que el proveedor encuadre la validaci\u00f3n de identidad para cumplir con el trato equitativo y digno\u201d.<\/p>\n<div class=\"visual__image\"><picture><source srcset=\"https:\/\/www.infobae.com\/resizer\/v2\/DJRE7WBJPVGYJNF64244AEECW4.jpg?auth=7912d404b08b9685e4de383a7958b11a9ab9a7365864e5f5567f1d7df75e0533&amp;smart=true&amp;width=992&amp;height=459&amp;quality=85\" media=\"(min-width: 1000px)\"\/><source srcset=\"https:\/\/www.infobae.com\/resizer\/v2\/DJRE7WBJPVGYJNF64244AEECW4.jpg?auth=7912d404b08b9685e4de383a7958b11a9ab9a7365864e5f5567f1d7df75e0533&amp;smart=true&amp;width=768&amp;height=355&amp;quality=85\" media=\"(min-width: 768px)\"\/><source srcset=\"https:\/\/www.infobae.com\/resizer\/v2\/DJRE7WBJPVGYJNF64244AEECW4.jpg?auth=7912d404b08b9685e4de383a7958b11a9ab9a7365864e5f5567f1d7df75e0533&amp;smart=true&amp;width=577&amp;height=267&amp;quality=85\" media=\"(min-width: 580px)\"\/><source srcset=\"https:\/\/www.infobae.com\/resizer\/v2\/DJRE7WBJPVGYJNF64244AEECW4.jpg?auth=7912d404b08b9685e4de383a7958b11a9ab9a7365864e5f5567f1d7df75e0533&amp;smart=true&amp;width=420&amp;height=194&amp;quality=85\" media=\"(min-width: 350px)\"\/><source srcset=\"https:\/\/www.infobae.com\/resizer\/v2\/DJRE7WBJPVGYJNF64244AEECW4.jpg?auth=7912d404b08b9685e4de383a7958b11a9ab9a7365864e5f5567f1d7df75e0533&amp;smart=true&amp;width=350&amp;height=162&amp;quality=85\" media=\"(min-width: 80px)\"\/><img alt=\"Captura de pantalla de un tuit de Binance Argentina donde se disculpa con Esteban por un problema de accesibilidad y menciona que lo est\u00e1n escalando internamente\" class=\"global-image\" decoding=\"async\" fetchpriority=\"low\" height=\"888\" loading=\"lazy\" src=\"https:\/\/www.infobae.com\/resizer\/v2\/DJRE7WBJPVGYJNF64244AEECW4.jpg?auth=7912d404b08b9685e4de383a7958b11a9ab9a7365864e5f5567f1d7df75e0533&amp;smart=true&amp;width=350&amp;height=162&amp;quality=85\" width=\"1920\"\/><\/picture><figcaption class=\"article-figcaption-img\">Binance Argentina public\u00f3 un tuit pidiendo disculpas (X)<\/figcaption><\/div>\n<p class=\"paragraph\">En respuesta a Bullrich, la cuenta oficial de Binance indic\u00f3: \u201cEsteban, te escuchamos y lamentamos que esto haya pasado. Nuestro equipo ya se est\u00e1 comunicando con vos directamente para resolverlo. Tambi\u00e9n lo estamos escalando internamente como<b> una falla de accesibilidad<\/b> que necesitamos corregir. Gracias por alzar la voz y por exigirnos m\u00e1s\u201d.<\/p>\n<p class=\"paragraph\">Fuentes de <b>Binance <\/b>se\u00f1alaron a <b>Infobae <\/b>que est\u00e1n en contacto con Bullrich para solucionar su problema, aunque no dieron detalles acerca de si el mismo fue resuelto.<\/p>\n<div class=\"visual__image\"><picture><source srcset=\"https:\/\/www.infobae.com\/resizer\/v2\/UTLZFBYZXBE65K2SNRWQP6LLLU.jpg?auth=00406a577edaa55d73dca05e6dce5cd09037f6a5a6814fea9540a652583f45e8&amp;smart=true&amp;width=992&amp;height=558&amp;quality=85\" media=\"(min-width: 1000px)\"\/><source srcset=\"https:\/\/www.infobae.com\/resizer\/v2\/UTLZFBYZXBE65K2SNRWQP6LLLU.jpg?auth=00406a577edaa55d73dca05e6dce5cd09037f6a5a6814fea9540a652583f45e8&amp;smart=true&amp;width=768&amp;height=432&amp;quality=85\" media=\"(min-width: 768px)\"\/><source srcset=\"https:\/\/www.infobae.com\/resizer\/v2\/UTLZFBYZXBE65K2SNRWQP6LLLU.jpg?auth=00406a577edaa55d73dca05e6dce5cd09037f6a5a6814fea9540a652583f45e8&amp;smart=true&amp;width=577&amp;height=325&amp;quality=85\" media=\"(min-width: 580px)\"\/><source srcset=\"https:\/\/www.infobae.com\/resizer\/v2\/UTLZFBYZXBE65K2SNRWQP6LLLU.jpg?auth=00406a577edaa55d73dca05e6dce5cd09037f6a5a6814fea9540a652583f45e8&amp;smart=true&amp;width=420&amp;height=236&amp;quality=85\" media=\"(min-width: 350px)\"\/><source srcset=\"https:\/\/www.infobae.com\/resizer\/v2\/UTLZFBYZXBE65K2SNRWQP6LLLU.jpg?auth=00406a577edaa55d73dca05e6dce5cd09037f6a5a6814fea9540a652583f45e8&amp;smart=true&amp;width=350&amp;height=197&amp;quality=85\" media=\"(min-width: 80px)\"\/><img alt=\"El mensaje de Esteban Bullrich antes de las elecciones\" class=\"global-image\" decoding=\"async\" fetchpriority=\"low\" height=\"1080\" loading=\"lazy\" src=\"https:\/\/www.infobae.com\/resizer\/v2\/UTLZFBYZXBE65K2SNRWQP6LLLU.jpg?auth=00406a577edaa55d73dca05e6dce5cd09037f6a5a6814fea9540a652583f45e8&amp;smart=true&amp;width=350&amp;height=197&amp;quality=85\" width=\"1920\"\/><\/picture><figcaption class=\"article-figcaption-img\">Bullrich: \u201cLa ELA (Esclerosis Lateral Amiotr\u00f3fica) se est\u00e1 llevando mi cuerpo. No deber\u00eda llevarse tambi\u00e9n mi dinero&#8221;<\/figcaption><\/div>\n<p class=\"paragraph\">Binance es una de las plataformas de intercambio de criptomonedas m\u00e1s grandes del mundo. Fue fundada en 2017 por <b>Changpeng Zhao<\/b> (conocido como \u201cCZ\u201d), desde entonces se ha consolidado como un actor central en el ecosistema cripto global.<\/p>\n<p class=\"paragraph\">La plataforma implementa medidas de seguridad como autenticaci\u00f3n de dos factores (2FA), que es donde ocurri\u00f3 la falla identificada por Bullrich.<\/p>\n<p class=\"paragraph\">Cabe recordar que Bullrich fue diagnosticado con ELA en 2021. Desde entonces, se ha convertido en un referente en la lucha contra la enfermedad y en la concientizaci\u00f3n tanto a nivel p\u00fablico como en otros \u00e1mbitos. <\/p>\n<p class=\"paragraph\">La ELA es una enfermedad degenerativa del sistema nervioso que afecta progresivamente a las neuronas motoras, produciendo par\u00e1lisis de los m\u00fasculos voluntarios, afectando la movilidad, el habla, la degluci\u00f3n y la respiraci\u00f3n. La mayor\u00eda de los casos son espor\u00e1dicos y la enfermedad no tiene cura conocida en la actualidad, por lo que el acompa\u00f1amiento interdisciplinario es fundamental para los pacientes y sus familias.<\/p>\n<div class=\"visual__image\"><picture><source srcset=\"https:\/\/www.infobae.com\/resizer\/v2\/R3H2BFM6CBAHRN4JSJYVWN6PG4.JPG?auth=55fa9c803890ed63ae208e0b22fed690f912b44c68256b0181930d489783932b&amp;smart=true&amp;width=992&amp;height=660&amp;quality=85\" media=\"(min-width: 1000px)\"\/><source srcset=\"https:\/\/www.infobae.com\/resizer\/v2\/R3H2BFM6CBAHRN4JSJYVWN6PG4.JPG?auth=55fa9c803890ed63ae208e0b22fed690f912b44c68256b0181930d489783932b&amp;smart=true&amp;width=768&amp;height=511&amp;quality=85\" media=\"(min-width: 768px)\"\/><source srcset=\"https:\/\/www.infobae.com\/resizer\/v2\/R3H2BFM6CBAHRN4JSJYVWN6PG4.JPG?auth=55fa9c803890ed63ae208e0b22fed690f912b44c68256b0181930d489783932b&amp;smart=true&amp;width=577&amp;height=384&amp;quality=85\" media=\"(min-width: 580px)\"\/><source srcset=\"https:\/\/www.infobae.com\/resizer\/v2\/R3H2BFM6CBAHRN4JSJYVWN6PG4.JPG?auth=55fa9c803890ed63ae208e0b22fed690f912b44c68256b0181930d489783932b&amp;smart=true&amp;width=420&amp;height=280&amp;quality=85\" media=\"(min-width: 350px)\"\/><source srcset=\"https:\/\/www.infobae.com\/resizer\/v2\/R3H2BFM6CBAHRN4JSJYVWN6PG4.JPG?auth=55fa9c803890ed63ae208e0b22fed690f912b44c68256b0181930d489783932b&amp;smart=true&amp;width=350&amp;height=233&amp;quality=85\" media=\"(min-width: 80px)\"\/><img alt=\"Richard Teng, CEO de Binance. REUTERS\/Hollie Adams\" class=\"global-image\" decoding=\"async\" fetchpriority=\"low\" height=\"3664\" loading=\"lazy\" src=\"https:\/\/www.infobae.com\/resizer\/v2\/R3H2BFM6CBAHRN4JSJYVWN6PG4.JPG?auth=55fa9c803890ed63ae208e0b22fed690f912b44c68256b0181930d489783932b&amp;smart=true&amp;width=350&amp;height=233&amp;quality=85\" width=\"5504\"\/><\/picture><figcaption class=\"article-figcaption-img\">Richard Teng, CEO de Binance. REUTERS\/Hollie Adams<\/figcaption><\/div>\n<p class=\"paragraph\">Bullrich y su familia impulsan la Fundaci\u00f3n Esteban Bullrich, que desde 2022 lleva adelante una tarea activa en el acompa\u00f1amiento a personas con ELA y en la formaci\u00f3n de m\u00e9dicos y enfermeros para el abordaje integral de la patolog\u00eda. <\/p>\n<p class=\"paragraph\">La Fundaci\u00f3n ha realizado eventos para recaudar fondos y fomentar la innovaci\u00f3n, como la gala solidaria en el Teatro Col\u00f3n en 2025 (coincidiendo con el D\u00eda Internacional de la ELA), donde se detallaron los logros de la fundaci\u00f3n: m\u00e1s de 700 familias acompa\u00f1adas, m\u00e1s de 4.200 estudiantes y profesionales de la salud formados y una red de 34 organizaciones aliadas y 162 voluntarios. <\/p>\n<p class=\"paragraph\">Adem\u00e1s, desarrollaron iniciativas como un registro nacional de personas con ELA y encuentros peri\u00f3dicos para el intercambio de experiencias y capacitaciones sobre cuidados y apoyo a pacientes y sus familias. <\/p>\n<\/div>\n<p><script defer=\"\">try{!function(f,b,e,v,n,t,s) {if(f.fbq)return;n=f.fbq=function(){n.callMethod? n.callMethod.apply(n,arguments):n.queue.push(arguments)}; if(!f._fbq)f._fbq=n;n.push=n;n.loaded=!0;n.version='2.0'; n.queue=[];t=b.createElement(e);t.async=!0; t.src=v;s=b.getElementsByTagName(e)[0]; s.parentNode.insertBefore(t,s)}(window, document,'script', ' fbq('init', '336383993555320'); fbq('track', 'PageView'); fbq('track', 'ViewContent');}catch(error){console.log(\"Error al inicializar facebookPixelRawCodeScript:\",error);}<\/script><\/p>\n","protected":false},"excerpt":{"rendered":"<p>Binance es el principal exchange de criptomonedas a nivel global. REUTERS\/Dado Ruvic\/Illustration El ex senador nacional y ex ministro de Educaci\u00f3n porte\u00f1o Esteban Bullrich expres\u00f3 su malestar por los problemas de accesibilidad en una plataforma financiera. El dirigente del PRO, quien padece ELA, dirigi\u00f3 sus cr\u00edticas a Binance, el principal exchange de criptomonedas a nivel [&hellip;]<\/p>\n","protected":false},"author":2,"featured_media":87913,"comment_status":"","ping_status":"","sticky":false,"template":"","format":"standard","meta":{"footnotes":""},"categories":[2],"tags":[],"_links":{"self":[{"href":"https:\/\/maxradio923.com.ar\/index.php\/wp-json\/wp\/v2\/posts\/87912"}],"collection":[{"href":"https:\/\/maxradio923.com.ar\/index.php\/wp-json\/wp\/v2\/posts"}],"about":[{"href":"https:\/\/maxradio923.com.ar\/index.php\/wp-json\/wp\/v2\/types\/post"}],"author":[{"embeddable":true,"href":"https:\/\/maxradio923.com.ar\/index.php\/wp-json\/wp\/v2\/users\/2"}],"replies":[{"embeddable":true,"href":"https:\/\/maxradio923.com.ar\/index.php\/wp-json\/wp\/v2\/comments?post=87912"}],"version-history":[{"count":0,"href":"https:\/\/maxradio923.com.ar\/index.php\/wp-json\/wp\/v2\/posts\/87912\/revisions"}],"wp:featuredmedia":[{"embeddable":true,"href":"https:\/\/maxradio923.com.ar\/index.php\/wp-json\/wp\/v2\/media\/87913"}],"wp:attachment":[{"href":"https:\/\/maxradio923.com.ar\/index.php\/wp-json\/wp\/v2\/media?parent=87912"}],"wp:term":[{"taxonomy":"category","embeddable":true,"href":"https:\/\/maxradio923.com.ar\/index.php\/wp-json\/wp\/v2\/categories?post=87912"},{"taxonomy":"post_tag","embeddable":true,"href":"https:\/\/maxradio923.com.ar\/index.php\/wp-json\/wp\/v2\/tags?post=87912"}],"curies":[{"name":"wp","href":"https:\/\/api.w.org\/{rel}","templated":true}]}}