{"id":87910,"date":"2026-04-28T16:32:03","date_gmt":"2026-04-28T19:32:03","guid":{"rendered":"https:\/\/maxradio923.com.ar\/index.php\/2026\/04\/28\/charly-garcia-fue-dado-de-alta-a-una-semana-de-una-cirugia-de-rinon\/"},"modified":"2026-04-28T16:32:03","modified_gmt":"2026-04-28T19:32:03","slug":"charly-garcia-fue-dado-de-alta-a-una-semana-de-una-cirugia-de-rinon","status":"publish","type":"post","link":"https:\/\/maxradio923.com.ar\/index.php\/2026\/04\/28\/charly-garcia-fue-dado-de-alta-a-una-semana-de-una-cirugia-de-rinon\/","title":{"rendered":"Charly Garc\u00eda fue dado de alta, a una semana de una cirug\u00eda de ri\u00f1\u00f3n"},"content":{"rendered":"<p><\/p>\n<div>\n<p class=\"com-paragraph  --capital --s\">Siete d\u00edas despu\u00e9s de su operaci\u00f3n de ri\u00f1\u00f3n, <strong>Charly Garc\u00eda fue dado de alta <\/strong>y se encuentra en su casa desde el lunes. <strong>La operaci\u00f3n, que era programada<\/strong>, se hab\u00eda realizado en el Instituto Argentino del Diagn\u00f3stico y Tratamiento (IADT). Durante la \u00faltima semana permaneci\u00f3 internado en una habitaci\u00f3n com\u00fan, donde qued\u00f3 en observaci\u00f3n y a la espera del alta que ocurri\u00f3 reci\u00e9n pasado el fin de semana.<\/p>\n<p class=\"com-paragraph   --s\">Tras esos primeros d\u00edas, Tato, su asistente personal, asegur\u00f3 en un mensaje enviado al programa <em>LAM,<\/em> que Charly hab\u00eda sido sometido a <strong>una nefrectom\u00eda parcial<\/strong>, una cirug\u00eda donde se extirpa parte del ri\u00f1\u00f3n, que fue exitosa. <\/p>\n<p class=\"com-paragraph   --s\">M\u00e1s tarde, en di\u00e1logo con <strong>LA NACION<\/strong>, la familia del m\u00fasico coment\u00f3 que el artista estaba <strong>\u201cs\u00faper\u201d<\/strong>. De muy buen \u00e1nimo, Charly ya le manifest\u00f3 a los suyos que quer\u00eda regresar a su casa. <strong>\u201cEst\u00e1 bien y no se sabe a\u00fan cu\u00e1ndo le dar\u00e1n el alta\u201d<\/strong>, se\u00f1alaron. Y por la cercan\u00eda con el fin de semana, pensaron que podr\u00eda ser despu\u00e9s, como efectivamente ocurri\u00f3 ayer.<\/p>\n<p class=\"com-paragraph   --s\">Los m\u00e9dicos aseguraron que todo hab\u00eda resultado sin complicaciones. Incluso se emiti\u00f3 un comunicado para llevar tranquilidad sobre la salud del artista. \u201cSe informa que Charly Garc\u00eda fue sometido el pasado 21 de abril a una cirug\u00eda programada de ri\u00f1\u00f3n en el IADT. La operaci\u00f3n se realiz\u00f3 seg\u00fan lo previsto y Charly se encuentra bien, evolucionando favorablemente y recuper\u00e1ndose en una habitaci\u00f3n com\u00fan, sin presentar complicaciones hasta el momento\u201d, escribieron sus familiares. \u201cPara llevar tranquilidad es importante aclarar que en ning\u00fan momento requiri\u00f3 di\u00e1lisis ni ninguna intervenci\u00f3n adicional fuera de las habituales para este tipo de procedimiento. Agradecemos de coraz\u00f3n el cari\u00f1o, la preocupaci\u00f3n y el respeto de siempre\u201d.<\/p>\n<p class=\"com-paragraph   --s\">Durante los \u00faltimos a\u00f1os, Garc\u00eda abandon\u00f3 su vida que era, exclusivamente, intramuros, para socializar. Adem\u00e1s, recibi\u00f3 varios homenajes. Se inaugur\u00f3 la \u201cEsquina Charly Garc\u00eda\u201d como corolario de una serie de tributos citadinos que comenzaron en Nueva York, varios a\u00f1os atr\u00e1s, al distinguir el lugar donde existi\u00f3 el mural de la tapa de su disco<em> Clics Modernos<\/em>. Adem\u00e1s, su cumplea\u00f1os de 2025 se convirti\u00f3 en una gran peregrinaci\u00f3n de fans, de todas las edades, hasta la puerta de su casa.<\/p>\n<div class=\"content-media\">\n<section role=\"button\" class=\"mod-media   \">\n<figure role=\"button\" tabindex=\"0\" class=\"mod-figure \"><figcaption class=\"mod-figcaption\"><span class=\"com-text --caption --twoxs\">En el cumplea\u00f1os 74 de Charly Garc\u00eda la gente se acerc\u00f3 a la puerta de la casa (Santa Fe y Coronel Diaz)<\/span><span class=\"com-text --credit --twoxs\">Soledad Aznarez<\/span><\/figcaption><\/figure>\n<\/section>\n<\/div>\n<p class=\"com-paragraph   --s\">Tambi\u00e9n recibi\u00f3 los mejores galardones: fue declarado Doctor Honoris Causa por la Universidad de Buenos Aires y recibi\u00f3 en premio Konex de Brillante. Y tal vez lo m\u00e1s llamativo, luego de haber sido una estrella de rock a tiempo completo, es que se lo vio convertido en un habitu\u00e9 de recitales, como si fuera un fan m\u00e1s de m\u00fasicos a los que ha admirado, a lo largo de los a\u00f1os. De Chrissie Hynde a Gilberto Gil, de Sting a Andy Summers, en primera fila, o saludando a los protagonistas de esas noches, en camarines. <\/p>\n<div class=\"content-media\">\n<section role=\"button\" class=\"mod-media   \">\n<figure role=\"button\" tabindex=\"0\" class=\"mod-figure \"><figcaption class=\"mod-figcaption\"><span class=\"com-text --caption --twoxs\">&#8220;Una salida por Buenos Aires con el jefe&#8221;, escribi\u00f3 Rosario Ortega a la hora de mostrar su paseo junto a Charly Garc\u00eda<\/span><\/figcaption><\/figure>\n<\/section>\n<\/div>\n<p class=\"com-paragraph   --s\">Recientemente fue visto <strong>en uno de los shows de la banda AC\/DC<\/strong> en el estadio Monumental. Las im\u00e1genes fueron compartidas por Fabi\u00e1n \u201cZorrito\u201d Quintiero. Previamente, en enero, Rosario Ortega, hija del cantante Palito Ortega, lo hab\u00eda retratado en una salida cotidiana por Buenos Aires. \u201cUna salida por Buenos Aires con el jefe\u201d, escribi\u00f3 la artista al difundir la escena musicalizada con un tema de Steely Dan.<\/p>\n<section class=\"container-center-100 mb-40 border border-bottom border-thin border-neutral-light-700\">\n<hr\/>\n<\/section>\n<\/div>\n<p><script id=\"facebookpixel\" defer=\"\" type=\"text\/javascript\">\n        !function(f,b,e,v,n,t,s)\n        {if(f.fbq)return;n=f.fbq=function(){n.callMethod?\n        n.callMethod.apply(n,arguments):n.queue.push(arguments)};\n        if(!f._fbq)f._fbq=n;n.push=n;n.loaded=!0;n.version='2.0';\n        n.queue=[];t=b.createElement(e);t.async=!0;\n        t.src=v;s=b.getElementsByTagName(e)[0];\n        s.parentNode.insertBefore(t,s)}(window, document,'script',\n        '\n        fbq('init', '492459597522335');\n        fbq('track', 'PageView');\n    <\/script><\/p>\n","protected":false},"excerpt":{"rendered":"<p>Siete d\u00edas despu\u00e9s de su operaci\u00f3n de ri\u00f1\u00f3n, Charly Garc\u00eda fue dado de alta y se encuentra en su casa desde el lunes. La operaci\u00f3n, que era programada, se hab\u00eda realizado en el Instituto Argentino del Diagn\u00f3stico y Tratamiento (IADT). Durante la \u00faltima semana permaneci\u00f3 internado en una habitaci\u00f3n com\u00fan, donde qued\u00f3 en observaci\u00f3n y [&hellip;]<\/p>\n","protected":false},"author":2,"featured_media":87911,"comment_status":"","ping_status":"","sticky":false,"template":"","format":"standard","meta":{"footnotes":""},"categories":[14],"tags":[],"_links":{"self":[{"href":"https:\/\/maxradio923.com.ar\/index.php\/wp-json\/wp\/v2\/posts\/87910"}],"collection":[{"href":"https:\/\/maxradio923.com.ar\/index.php\/wp-json\/wp\/v2\/posts"}],"about":[{"href":"https:\/\/maxradio923.com.ar\/index.php\/wp-json\/wp\/v2\/types\/post"}],"author":[{"embeddable":true,"href":"https:\/\/maxradio923.com.ar\/index.php\/wp-json\/wp\/v2\/users\/2"}],"replies":[{"embeddable":true,"href":"https:\/\/maxradio923.com.ar\/index.php\/wp-json\/wp\/v2\/comments?post=87910"}],"version-history":[{"count":0,"href":"https:\/\/maxradio923.com.ar\/index.php\/wp-json\/wp\/v2\/posts\/87910\/revisions"}],"wp:featuredmedia":[{"embeddable":true,"href":"https:\/\/maxradio923.com.ar\/index.php\/wp-json\/wp\/v2\/media\/87911"}],"wp:attachment":[{"href":"https:\/\/maxradio923.com.ar\/index.php\/wp-json\/wp\/v2\/media?parent=87910"}],"wp:term":[{"taxonomy":"category","embeddable":true,"href":"https:\/\/maxradio923.com.ar\/index.php\/wp-json\/wp\/v2\/categories?post=87910"},{"taxonomy":"post_tag","embeddable":true,"href":"https:\/\/maxradio923.com.ar\/index.php\/wp-json\/wp\/v2\/tags?post=87910"}],"curies":[{"name":"wp","href":"https:\/\/api.w.org\/{rel}","templated":true}]}}