{"id":87903,"date":"2026-04-28T14:44:02","date_gmt":"2026-04-28T17:44:02","guid":{"rendered":"https:\/\/maxradio923.com.ar\/index.php\/2026\/04\/28\/el-gobierno-recibio-tres-ofertas-por-usd-887-millones-para-privatizar-transener-quien-se-quedo-con-la-red-electrica-del-pais\/"},"modified":"2026-04-28T14:44:02","modified_gmt":"2026-04-28T17:44:02","slug":"el-gobierno-recibio-tres-ofertas-por-usd-887-millones-para-privatizar-transener-quien-se-quedo-con-la-red-electrica-del-pais","status":"publish","type":"post","link":"https:\/\/maxradio923.com.ar\/index.php\/2026\/04\/28\/el-gobierno-recibio-tres-ofertas-por-usd-887-millones-para-privatizar-transener-quien-se-quedo-con-la-red-electrica-del-pais\/","title":{"rendered":"El Gobierno recibi\u00f3 tres ofertas por USD 887 millones para privatizar Transener: qui\u00e9n se qued\u00f3 con la red el\u00e9ctrica del pa\u00eds"},"content":{"rendered":"<p><\/p>\n<div>\n<div class=\"visual__image image-initial-width\"><picture><source srcset=\"https:\/\/www.infobae.com\/resizer\/v2\/CW26M6BTTRC53PSAWJRQ2AS2CU.png?auth=0402461687ef679e53e400343c35d91dffc68a62192c09cf009a258da56ff1cc&amp;smart=true&amp;width=992&amp;height=556&amp;quality=85\" media=\"(min-width: 1000px)\"\/><source srcset=\"https:\/\/www.infobae.com\/resizer\/v2\/CW26M6BTTRC53PSAWJRQ2AS2CU.png?auth=0402461687ef679e53e400343c35d91dffc68a62192c09cf009a258da56ff1cc&amp;smart=true&amp;width=768&amp;height=431&amp;quality=85\" media=\"(min-width: 768px)\"\/><source srcset=\"https:\/\/www.infobae.com\/resizer\/v2\/CW26M6BTTRC53PSAWJRQ2AS2CU.png?auth=0402461687ef679e53e400343c35d91dffc68a62192c09cf009a258da56ff1cc&amp;smart=true&amp;width=577&amp;height=324&amp;quality=85\" media=\"(min-width: 580px)\"\/><source srcset=\"https:\/\/www.infobae.com\/resizer\/v2\/CW26M6BTTRC53PSAWJRQ2AS2CU.png?auth=0402461687ef679e53e400343c35d91dffc68a62192c09cf009a258da56ff1cc&amp;smart=true&amp;width=420&amp;height=235&amp;quality=85\" media=\"(min-width: 350px)\"\/><source srcset=\"https:\/\/www.infobae.com\/resizer\/v2\/CW26M6BTTRC53PSAWJRQ2AS2CU.png?auth=0402461687ef679e53e400343c35d91dffc68a62192c09cf009a258da56ff1cc&amp;smart=true&amp;width=350&amp;height=196&amp;quality=85\" media=\"(min-width: 80px)\"\/><img alt=\"transener\" class=\"global-image\" decoding=\"async\" fetchpriority=\"high\" height=\"476\" loading=\"eager\" src=\"https:\/\/www.infobae.com\/resizer\/v2\/CW26M6BTTRC53PSAWJRQ2AS2CU.png?auth=0402461687ef679e53e400343c35d91dffc68a62192c09cf009a258da56ff1cc&amp;smart=true&amp;width=350&amp;height=196&amp;quality=85\" width=\"849\"\/><\/picture><figcaption class=\"article-figcaption-img\">ransener opera m\u00e1s de 20.000 kil\u00f3metros de l\u00edneas de alta y media tensi\u00f3n y responde por el 85% de la transmisi\u00f3n el\u00e9ctrica nacional<\/figcaption><\/div>\n<p class=\"paragraph\">El Estado argentino avanza hacia su retiro definitivo de la estructura accionaria de Transener, el principal operador de transmisi\u00f3n el\u00e9ctrica en alta tensi\u00f3n del pa\u00eds. Seg\u00fan confirm\u00f3 la Secretar\u00eda de Energ\u00eda este martes, el Gobierno recibi\u00f3 ofertas econ\u00f3micas por un total de <b>USD 887 millones para quedarse con el 50% de Citelec<\/b>, la sociedad que controla la empresa y cuyo capital accionario el Estado comparte con Pampa Energ\u00eda.<\/p>\n<p class=\"paragraph\">El consorcio conformado por <b>Genneia S.A.<\/b> y <b>Edison Transmisi\u00f3n S.A.<\/b> present\u00f3 la oferta ganadora, con <b>USD 356.174.811,78<\/b>, y se convertir\u00e1 -sujero a confirmaci\u00f3n oficial- en el nuevo co-controlante de Citelec junto a la firma dirigida por <b>Marcelo Mindlin<\/b>. <\/p>\n<p class=\"paragraph\">Las otras dos propuestas quedaron por debajo: <b>Central Puerto S.A.<\/b>, cuyos principales accionistas son la familia Miguens-Bemberg, Eduardo Escassany y Guillermo Reca, ofreci\u00f3 <b>USD 301 millones<\/b>, mientras que <b>Edenor S.A.<\/b>, encabezada por Jos\u00e9 Luis Manzano, Daniel Vila y Mauricio Filiberti, propuso <b>USD 230 millones.<\/b> El precio base fijado en el pliego de condiciones era de 206 millones de d\u00f3lares, un precio que, distintos actores del mercado consideraban subvaluado.<\/p>\n<p class=\"paragraph\">Seg\u00fan confirm\u00f3 la Secretar\u00eda de Energ\u00eda que conduce <b>Mar\u00eda Tettamanti<\/b>, las tres propuestas superaron el piso establecido, aunque solo una puede adjudicarse la operaci\u00f3n. La definici\u00f3n formal est\u00e1 prevista para mayo, conforme al cronograma oficial.<\/p>\n<p class=\"paragraph\">Detr\u00e1s del consorcio ganador se encuentran <b>Jorge Brito<\/b>, presidente y accionista de Genneia y propietario del Banco Macro, y los hermanos <b>Patricio y Juan Neuss<\/b>, del Grupo Edison, junto a socios del fondo Inverlat que incluyen a <b>Federico Salvai<\/b>, due\u00f1o de Havanna, y a los empresarios <b>Rub\u00e9n Cher\u00f1ajovsky<\/b> y <b>Luis Galli<\/b>, propietarios de <b>Newsan<\/b>. Aunque se presentaron en conjunto bajo una Uni\u00f3n Transitoria de Empresas (UTE), en la estructura resultante cada empresa actuar\u00e1 de forma independiente y las acciones quedar\u00e1n separadas.<\/p>\n<div class=\"visual__image\"><picture><source srcset=\"https:\/\/www.infobae.com\/resizer\/v2\/DJWPL4GPCRABTBD3F5PNCIGGEQ.JPG?auth=da015223b17a5c0ba616c672a8aa40544d66befa64523ed5518a7052e3f79006&amp;smart=true&amp;width=992&amp;height=662&amp;quality=85\" media=\"(min-width: 1000px)\"\/><source srcset=\"https:\/\/www.infobae.com\/resizer\/v2\/DJWPL4GPCRABTBD3F5PNCIGGEQ.JPG?auth=da015223b17a5c0ba616c672a8aa40544d66befa64523ed5518a7052e3f79006&amp;smart=true&amp;width=768&amp;height=512&amp;quality=85\" media=\"(min-width: 768px)\"\/><source srcset=\"https:\/\/www.infobae.com\/resizer\/v2\/DJWPL4GPCRABTBD3F5PNCIGGEQ.JPG?auth=da015223b17a5c0ba616c672a8aa40544d66befa64523ed5518a7052e3f79006&amp;smart=true&amp;width=577&amp;height=385&amp;quality=85\" media=\"(min-width: 580px)\"\/><source srcset=\"https:\/\/www.infobae.com\/resizer\/v2\/DJWPL4GPCRABTBD3F5PNCIGGEQ.JPG?auth=da015223b17a5c0ba616c672a8aa40544d66befa64523ed5518a7052e3f79006&amp;smart=true&amp;width=420&amp;height=280&amp;quality=85\" media=\"(min-width: 350px)\"\/><source srcset=\"https:\/\/www.infobae.com\/resizer\/v2\/DJWPL4GPCRABTBD3F5PNCIGGEQ.JPG?auth=da015223b17a5c0ba616c672a8aa40544d66befa64523ed5518a7052e3f79006&amp;smart=true&amp;width=350&amp;height=233&amp;quality=85\" media=\"(min-width: 80px)\"\/><img alt=\"Transener es el \u00fanico operador de alta tensi\u00f3n del pa\u00eds y mantiene una disponibilidad superior al 99,7 por ciento\" class=\"global-image\" decoding=\"async\" fetchpriority=\"low\" height=\"4335\" loading=\"lazy\" src=\"https:\/\/www.infobae.com\/resizer\/v2\/DJWPL4GPCRABTBD3F5PNCIGGEQ.JPG?auth=da015223b17a5c0ba616c672a8aa40544d66befa64523ed5518a7052e3f79006&amp;smart=true&amp;width=350&amp;height=233&amp;quality=85\" width=\"6500\"\/><\/picture><figcaption class=\"article-figcaption-img\">Transener es el \u00fanico operador de alta tensi\u00f3n del pa\u00eds y mantiene una disponibilidad superior al 99,7 por ciento<\/figcaption><\/div>\n<p class=\"paragraph\">La operaci\u00f3n tiene como antecedente inmediato la privatizaci\u00f3n de las principales represas hidroel\u00e9ctricas del Comahue, por las que ingresaron USD 700 millones destinados a fortalecer las reservas internacionales y otorgar liquidez fiscal frente a compromisos financieros relevantes.<\/p>\n<p class=\"paragraph\">La relevancia de la privatizaci\u00f3n de <b>Transener<\/b> radica en la escala e impacto del operador sobre la infraestructura energ\u00e9tica argentina. <b>Transener administra m\u00e1s de 12.600 kil\u00f3metros de l\u00edneas de 500 kV<\/b> que cruzan el pa\u00eds de norte a sur, y constituye la espina dorsal del Sistema Argentino de Interconexi\u00f3n (SADI). Junto a su subsidiaria <b>Transba<\/b>, responde por el <b>85% <\/b>de la transmisi\u00f3n el\u00e9ctrica nacional, con una red que se extiende aproximadamente 3.700 kil\u00f3metros entre Jujuy y Santa Cruz, y opera m\u00e1s de 20.000 kil\u00f3metros de l\u00edneas de alta y media tensi\u00f3n y 160 estaciones transformadoras.<\/p>\n<div class=\"visual__image\"><picture><source srcset=\"https:\/\/www.infobae.com\/resizer\/v2\/NMBGLPPIYBFZZAB2SRK2FB7WSA.jpg?auth=18c04f9e1b95c7e5123c7e722daef3d35043b2166dd8498cc9f2e5051bb71835&amp;smart=true&amp;width=992&amp;height=1449&amp;quality=85\" media=\"(min-width: 1000px)\"\/><source srcset=\"https:\/\/www.infobae.com\/resizer\/v2\/NMBGLPPIYBFZZAB2SRK2FB7WSA.jpg?auth=18c04f9e1b95c7e5123c7e722daef3d35043b2166dd8498cc9f2e5051bb71835&amp;smart=true&amp;width=768&amp;height=1122&amp;quality=85\" media=\"(min-width: 768px)\"\/><source srcset=\"https:\/\/www.infobae.com\/resizer\/v2\/NMBGLPPIYBFZZAB2SRK2FB7WSA.jpg?auth=18c04f9e1b95c7e5123c7e722daef3d35043b2166dd8498cc9f2e5051bb71835&amp;smart=true&amp;width=577&amp;height=843&amp;quality=85\" media=\"(min-width: 580px)\"\/><source srcset=\"https:\/\/www.infobae.com\/resizer\/v2\/NMBGLPPIYBFZZAB2SRK2FB7WSA.jpg?auth=18c04f9e1b95c7e5123c7e722daef3d35043b2166dd8498cc9f2e5051bb71835&amp;smart=true&amp;width=420&amp;height=614&amp;quality=85\" media=\"(min-width: 350px)\"\/><source srcset=\"https:\/\/www.infobae.com\/resizer\/v2\/NMBGLPPIYBFZZAB2SRK2FB7WSA.jpg?auth=18c04f9e1b95c7e5123c7e722daef3d35043b2166dd8498cc9f2e5051bb71835&amp;smart=true&amp;width=350&amp;height=511&amp;quality=85\" media=\"(min-width: 80px)\"\/><img alt=\"La red de Transener se extiende 3.700 kil\u00f3metros entre Jujuy y Santa Cruz y constituye la columna vertebral del Sistema Argentino de Interconexi\u00f3n\" class=\"global-image\" decoding=\"async\" fetchpriority=\"low\" height=\"2805\" loading=\"lazy\" src=\"https:\/\/www.infobae.com\/resizer\/v2\/NMBGLPPIYBFZZAB2SRK2FB7WSA.jpg?auth=18c04f9e1b95c7e5123c7e722daef3d35043b2166dd8498cc9f2e5051bb71835&amp;smart=true&amp;width=350&amp;height=511&amp;quality=85\" width=\"1920\"\/><\/picture><figcaption class=\"article-figcaption-img\">La red de Transener se extiende 3.700 kil\u00f3metros entre Jujuy y Santa Cruz y constituye la columna vertebral del Sistema Argentino de Interconexi\u00f3n<\/figcaption><\/div>\n<p class=\"paragraph\">La empresa es el <b>\u00fanico operador de alta tensi\u00f3n<\/b> (500-220 kV) del pa\u00eds, mantiene una disponibilidad superior al 99,7% y cuenta con m\u00e1s de 1.770 empleados distribuidos en cinco regiones operativas con centros de control integrados y monitoreo constante.<\/p>\n<p class=\"paragraph\"><b>Genneia<\/b> es la principal generadora de energ\u00edas renovables del pa\u00eds, con una capacidad instalada de m\u00e1s de 1.580 MW distribuida en ocho parques e\u00f3licos y seis solares. Desde enero de 2026, la conduce <b>Jorge Brito<\/b>, quien ya hab\u00eda presidido la compa\u00f1\u00eda entre 2015 y 2022. Brito es hijo del banquero <b>Jorge Horacio Brito<\/b>, fundador del Banco Macro, instituci\u00f3n que hoy preside. En 2024, Forbes ubic\u00f3 a la familia Brito en el puesto 13 del ranking de las 50 personas m\u00e1s ricas de Argentina, con una fortuna estimada en USD 1.450 millones. Fuera del \u00e1mbito empresarial, Jorge Brito presidi\u00f3 el Club Atl\u00e9tico River Plate entre 2021 y 2025.<\/p>\n<p class=\"paragraph\"><b>Edison Transmisi\u00f3n<\/b> es el brazo de transmisi\u00f3n de Edison Energ\u00eda, el holding que los hermanos <b>Juan y Patricio Neuss<\/b> \u2014tercera generaci\u00f3n de una familia con m\u00e1s de 120 a\u00f1os de historia en los negocios\u2014 conformaron junto a un grupo de inversores locales. Sus socios son <b>Inverlat Investments<\/b>, fondo integrado por <b>Carlos Giovanelli<\/b>, <b>Dami\u00e1n Pozzoli<\/b>, <b>Guillermo Stanley<\/b> y <b>Federico Salvai<\/b> \u2014ex jefe de Gabinete de la gobernaci\u00f3n bonaerense durante la gesti\u00f3n de Mar\u00eda Eugenia Vidal\u2014, adem\u00e1s de <b>Rub\u00e9n Cher\u00f1ajovsky<\/b> y <b>Luis Galli<\/b>, principal accionista y CEO de Newsan, el mayor fabricante de electr\u00f3nica de Tierra del Fuego.<\/p>\n<p class=\"paragraph\">Los Neuss llegaron a esta licitaci\u00f3n con un historial de adquisiciones que los posiciona como uno de los pocos grupos locales con experiencia real en gesti\u00f3n de infraestructura energ\u00e9tica regulada. El grupo ya opera <b>Edersa<\/b>, la distribuidora el\u00e9ctrica que abastece a m\u00e1s de 280.000 usuarios en R\u00edo Negro, y <b>Harz Energy<\/b>, una generadora solar en C\u00f3rdoba. A principios de 2024 sum\u00f3 las distribuidoras de Tucum\u00e1n (<b>EDET<\/b>) y Jujuy (<b>Ejesa<\/b>), la transportista <b>Litsa<\/b> y la hidroel\u00e9ctrica <b>Cempsa<\/b>, operadora de la represa Potrerillos en Mendoza. A fines del a\u00f1o pasado superaron a la estadounidense <b>AES<\/b> \u2014que ven\u00eda operando la represa de Alicur\u00e1 desde mediados de los a\u00f1os 90\u2014 y a <b>Aconcagua Energ\u00eda<\/b> en Cerros Colorados, por un total de USD 226 millones.<\/p>\n<p class=\"paragraph\">La licitaci\u00f3n nacional e internacional habilit\u00f3 solo a empresas previamente precalificadas por la <b>Comisi\u00f3n Evaluadora.<\/b> El objetivo central del Gobierno fue captar fondos para el Tesoro y reimpulsar la inversi\u00f3n privada en infraestructura esencial, con continuidad del servicio bajo supervisi\u00f3n del Ente Nacional Regulador de la Electricidad (<b>ENRE<\/b>). En los documentos de Energ\u00eda Argentina S.A. (<b>ENARSA<\/b>) que describen la compa\u00f1\u00eda para su venta, las concesiones otorgadas se definen como <b>\u201cmonopolios naturales regulados\u201d <\/b>con plazos de hasta 95 a\u00f1os para la operaci\u00f3n de la red de alta tensi\u00f3n.<\/p>\n<p class=\"paragraph\">La privatizaci\u00f3n se enmarca en la Ley 27.742 \u2014conocida como Ley Bases\u2014, que declar\u00f3 a ENARSA sujeta a privatizaci\u00f3n, y avanz\u00f3 a trav\u00e9s del Decreto 286\/2025 y las resoluciones ministeriales correspondientes. Forma parte de un plan m\u00e1s amplio de desinversi\u00f3n de los 15 activos de ENARSA, con el que el Gobierno busca reducir la participaci\u00f3n p\u00fablica en el sector energ\u00e9tico.<\/p>\n<\/div>\n<p><script defer=\"\">try{!function(f,b,e,v,n,t,s) {if(f.fbq)return;n=f.fbq=function(){n.callMethod? n.callMethod.apply(n,arguments):n.queue.push(arguments)}; if(!f._fbq)f._fbq=n;n.push=n;n.loaded=!0;n.version='2.0'; n.queue=[];t=b.createElement(e);t.async=!0; t.src=v;s=b.getElementsByTagName(e)[0]; s.parentNode.insertBefore(t,s)}(window, document,'script', ' fbq('init', '336383993555320'); fbq('track', 'PageView'); fbq('track', 'ViewContent');}catch(error){console.log(\"Error al inicializar facebookPixelRawCodeScript:\",error);}<\/script><\/p>\n","protected":false},"excerpt":{"rendered":"<p>ransener opera m\u00e1s de 20.000 kil\u00f3metros de l\u00edneas de alta y media tensi\u00f3n y responde por el 85% de la transmisi\u00f3n el\u00e9ctrica nacional El Estado argentino avanza hacia su retiro definitivo de la estructura accionaria de Transener, el principal operador de transmisi\u00f3n el\u00e9ctrica en alta tensi\u00f3n del pa\u00eds. Seg\u00fan confirm\u00f3 la Secretar\u00eda de Energ\u00eda este [&hellip;]<\/p>\n","protected":false},"author":2,"featured_media":87904,"comment_status":"","ping_status":"","sticky":false,"template":"","format":"standard","meta":{"footnotes":""},"categories":[2],"tags":[],"_links":{"self":[{"href":"https:\/\/maxradio923.com.ar\/index.php\/wp-json\/wp\/v2\/posts\/87903"}],"collection":[{"href":"https:\/\/maxradio923.com.ar\/index.php\/wp-json\/wp\/v2\/posts"}],"about":[{"href":"https:\/\/maxradio923.com.ar\/index.php\/wp-json\/wp\/v2\/types\/post"}],"author":[{"embeddable":true,"href":"https:\/\/maxradio923.com.ar\/index.php\/wp-json\/wp\/v2\/users\/2"}],"replies":[{"embeddable":true,"href":"https:\/\/maxradio923.com.ar\/index.php\/wp-json\/wp\/v2\/comments?post=87903"}],"version-history":[{"count":0,"href":"https:\/\/maxradio923.com.ar\/index.php\/wp-json\/wp\/v2\/posts\/87903\/revisions"}],"wp:featuredmedia":[{"embeddable":true,"href":"https:\/\/maxradio923.com.ar\/index.php\/wp-json\/wp\/v2\/media\/87904"}],"wp:attachment":[{"href":"https:\/\/maxradio923.com.ar\/index.php\/wp-json\/wp\/v2\/media?parent=87903"}],"wp:term":[{"taxonomy":"category","embeddable":true,"href":"https:\/\/maxradio923.com.ar\/index.php\/wp-json\/wp\/v2\/categories?post=87903"},{"taxonomy":"post_tag","embeddable":true,"href":"https:\/\/maxradio923.com.ar\/index.php\/wp-json\/wp\/v2\/tags?post=87903"}],"curies":[{"name":"wp","href":"https:\/\/api.w.org\/{rel}","templated":true}]}}