{"id":87893,"date":"2026-04-28T13:37:04","date_gmt":"2026-04-28T16:37:04","guid":{"rendered":"https:\/\/maxradio923.com.ar\/index.php\/2026\/04\/28\/ed-sheeran-vuelve-a-la-argentina-cuando-salen-a-la-venta-las-entradas\/"},"modified":"2026-04-28T13:37:04","modified_gmt":"2026-04-28T16:37:04","slug":"ed-sheeran-vuelve-a-la-argentina-cuando-salen-a-la-venta-las-entradas","status":"publish","type":"post","link":"https:\/\/maxradio923.com.ar\/index.php\/2026\/04\/28\/ed-sheeran-vuelve-a-la-argentina-cuando-salen-a-la-venta-las-entradas\/","title":{"rendered":"Ed Sheeran vuelve a la Argentina: cu\u00e1ndo salen a la venta las entradas"},"content":{"rendered":"<p><\/p>\n<div>\n<p class=\"com-paragraph  --capital --s\">El m\u00fasico pelirrojo m\u00e1s famoso del mundo no para de batir r\u00e9cords musicales con su m\u00e1s reciente \u00e1lbum, <em>Play<\/em>. Y ahora, a 7 a\u00f1os de su \u00faltima visita al pa\u00eds, <strong>Ed Sheeran<\/strong> anuncia un show para el <strong>29 de noviembre<\/strong> en el <strong>estadio de Hurac\u00e1n<\/strong>, en el marco de su gira<em> <\/em><em><strong>LOOP Tour<\/strong><\/em><em>. <\/em>El recital forma parte del \u00faltimo tramo de la gira latinoamericana, que concluir\u00e1 el 5 de diciembre en Brasil. <\/p>\n<p class=\"com-paragraph   --s\">Las entradas podr\u00e1n adquirirse en el sitio de Livepass, donde habr\u00e1 una preventa exclusiva para clientes del BBVA Franc\u00e9s <strong>desde el lunes 4 de mayo a las 12.<\/strong> Por otro lado, <strong>la venta general comenzar\u00e1 el martes 5 de mayo a las 12. <\/strong><\/p>\n<div class=\"content-media\">\n<section role=\"button\" class=\"mod-media   \">\n<figure role=\"button\" tabindex=\"0\" class=\"mod-figure \"><figcaption class=\"mod-figcaption\"><span class=\"com-text --caption --twoxs\">Ed Sheeran regresa a Buenos Aires este a\u00f1o<\/span><span class=\"com-text --credit --twoxs\">\u00cdndigo Press<\/span><\/figcaption><\/figure>\n<\/section>\n<\/div>\n<p class=\"com-paragraph   --s\">Tras recibir un gran apoyo del p\u00fablico argentino, el artista, uno de los m\u00e1s exitosos compositores de la actualidad, decidi\u00f3 que era hora de regresar tras sus celebrados conciertos en el Luna Park en 2015 y en el Estadio \u00danico de La Plata en 2017, donde fue ovacionado por 50.000 personas. La \u00faltima vez que estuvo Sheeran en el pa\u00eds fue en 2019: en febrero de ese a\u00f1o se present\u00f3 en el Campo de Polo y cant\u00f3 para 45 mil personas y unos meses m\u00e1s tarde regres\u00f3 al pa\u00eds con una visita de perfil bajo y disfrut\u00f3 de inc\u00f3gnito de unos d\u00edas de ocio en Buenos Aires y en Ushuaia.<\/p>\n<div class=\"content-media\">\n<section role=\"button\" class=\"mod-media   \">\n<figure role=\"button\" tabindex=\"0\" class=\"mod-figure \"><figcaption class=\"mod-figcaption\"><span class=\"com-text --caption --twoxs\">Despu\u00e9s de una primera visita en abril de 2015, cuando cant\u00f3 con la camiseta de f\u00fatbol argentina puesta y llen\u00f3 el Luna Park en dos ocasiones, el \u00eddolo volver\u00e1 a presentarse en la Argentina<\/span><span class=\"com-text --credit --twoxs\">\u00cdndigo Press<\/span><\/figcaption><\/figure>\n<\/section>\n<\/div>\n<p class=\"com-paragraph   --s\">A sus 35 a\u00f1os a\u00f1os, <strong>Ed Sheeran <\/strong>se posiciona como uno de los cantantes m\u00e1s exitosos de su generaci\u00f3n, con cuatro premios Grammy y hits como \u201cPhotograph\u201d, \u201cShape of You\u201d y \u201cThinking Out Loud\u201d, que acumulan millones de reproducciones. Pero, a pesar de la fama y el reconocimiento, elige llevar una vida reservada, privada y principalmente<strong> desprovista de un tel\u00e9fono celular<\/strong>, algo que para muchos es inconcebible. En una reciente entrevista, el m\u00fasico dej\u00f3 a todos at\u00f3nitos al revelar la decisi\u00f3n que tom\u00f3 con respecto al uso de la tecnolog\u00eda y dej\u00f3 una reflexi\u00f3n basada en su propia experiencia por la que lo llenaron de aplausos.<\/p>\n<p class=\"com-paragraph   --s\">El precio de las entradas para disfrutar del show del artista depende del sector y de la ubicaci\u00f3n:<\/p>\n<p class=\"com-paragraph   --s\"><strong>Campo trasero:<\/strong> 125.000 pesos argentinos.<\/p>\n<p class=\"com-paragraph   --s\"><strong>Platea:<\/strong> 190.000 pesos argentinos.<\/p>\n<p class=\"com-paragraph   --s\"><strong>Platea media<\/strong>: 250.000 pesos argentinos.<\/p>\n<div class=\"content-media\">\n<section role=\"button\" class=\"mod-media   \">\n<figure role=\"button\" tabindex=\"0\" class=\"mod-figure \"><figcaption class=\"mod-figcaption\"><span class=\"com-text --caption --twoxs\">Mapa de precios de Ed Sheeran en la Argentina<\/span><span class=\"com-text --credit --twoxs\">\u00cdndigo Press<\/span><\/figcaption><\/figure>\n<\/section>\n<\/div>\n<p class=\"com-paragraph   --s\"><strong>Campo delantero derecho<\/strong>: 275.000 pesos argentinos.<\/p>\n<p class=\"com-paragraph   --s\"><strong>Campo delantero izquierdo<\/strong>: 275.000 pesos argentinos.<\/p>\n<p class=\"com-paragraph   --s\"><strong>Platea preferencial: <\/strong>280.000 pesos argentinos.<\/p>\n<section class=\"container-center-100 mb-40 border border-bottom border-thin border-neutral-light-700\">\n<hr\/>\n<\/section>\n<\/div>\n<p><script id=\"facebookpixel\" defer=\"\" type=\"text\/javascript\">\n        !function(f,b,e,v,n,t,s)\n        {if(f.fbq)return;n=f.fbq=function(){n.callMethod?\n        n.callMethod.apply(n,arguments):n.queue.push(arguments)};\n        if(!f._fbq)f._fbq=n;n.push=n;n.loaded=!0;n.version='2.0';\n        n.queue=[];t=b.createElement(e);t.async=!0;\n        t.src=v;s=b.getElementsByTagName(e)[0];\n        s.parentNode.insertBefore(t,s)}(window, document,'script',\n        '\n        fbq('init', '492459597522335');\n        fbq('track', 'PageView');\n    <\/script><\/p>\n","protected":false},"excerpt":{"rendered":"<p>El m\u00fasico pelirrojo m\u00e1s famoso del mundo no para de batir r\u00e9cords musicales con su m\u00e1s reciente \u00e1lbum, Play. Y ahora, a 7 a\u00f1os de su \u00faltima visita al pa\u00eds, Ed Sheeran anuncia un show para el 29 de noviembre en el estadio de Hurac\u00e1n, en el marco de su gira LOOP Tour. El recital [&hellip;]<\/p>\n","protected":false},"author":2,"featured_media":87894,"comment_status":"","ping_status":"","sticky":false,"template":"","format":"standard","meta":{"footnotes":""},"categories":[14],"tags":[],"_links":{"self":[{"href":"https:\/\/maxradio923.com.ar\/index.php\/wp-json\/wp\/v2\/posts\/87893"}],"collection":[{"href":"https:\/\/maxradio923.com.ar\/index.php\/wp-json\/wp\/v2\/posts"}],"about":[{"href":"https:\/\/maxradio923.com.ar\/index.php\/wp-json\/wp\/v2\/types\/post"}],"author":[{"embeddable":true,"href":"https:\/\/maxradio923.com.ar\/index.php\/wp-json\/wp\/v2\/users\/2"}],"replies":[{"embeddable":true,"href":"https:\/\/maxradio923.com.ar\/index.php\/wp-json\/wp\/v2\/comments?post=87893"}],"version-history":[{"count":0,"href":"https:\/\/maxradio923.com.ar\/index.php\/wp-json\/wp\/v2\/posts\/87893\/revisions"}],"wp:featuredmedia":[{"embeddable":true,"href":"https:\/\/maxradio923.com.ar\/index.php\/wp-json\/wp\/v2\/media\/87894"}],"wp:attachment":[{"href":"https:\/\/maxradio923.com.ar\/index.php\/wp-json\/wp\/v2\/media?parent=87893"}],"wp:term":[{"taxonomy":"category","embeddable":true,"href":"https:\/\/maxradio923.com.ar\/index.php\/wp-json\/wp\/v2\/categories?post=87893"},{"taxonomy":"post_tag","embeddable":true,"href":"https:\/\/maxradio923.com.ar\/index.php\/wp-json\/wp\/v2\/tags?post=87893"}],"curies":[{"name":"wp","href":"https:\/\/api.w.org\/{rel}","templated":true}]}}