{"id":87884,"date":"2026-04-28T11:45:05","date_gmt":"2026-04-28T14:45:05","guid":{"rendered":"https:\/\/maxradio923.com.ar\/index.php\/2026\/04\/28\/mas-de-350-alumnos-y-docentes-de-escuelas-tecnicas-se-formaron-en-comunicacion\/"},"modified":"2026-04-28T11:45:05","modified_gmt":"2026-04-28T14:45:05","slug":"mas-de-350-alumnos-y-docentes-de-escuelas-tecnicas-se-formaron-en-comunicacion","status":"publish","type":"post","link":"https:\/\/maxradio923.com.ar\/index.php\/2026\/04\/28\/mas-de-350-alumnos-y-docentes-de-escuelas-tecnicas-se-formaron-en-comunicacion\/","title":{"rendered":"M\u00e1s de 350 alumnos y docentes de escuelas t\u00e9cnicas se formaron en comunicaci\u00f3n"},"content":{"rendered":"<p><\/p>\n<div>\n<p>El Ministerio de Educaci\u00f3n, a trav\u00e9s de la Direcci\u00f3n de Educaci\u00f3n T\u00e9cnica y Formaci\u00f3n Profesional, realiz\u00f3 la formaci\u00f3n \u201cIdeas que se dicen, proyectos que se defienden: Estrategias de comunicaci\u00f3n y presentaci\u00f3n de proyectos en la ETP\u201d, destinada a estudiantes y docentes de escuelas t\u00e9cnicas. La actividad, que se desarroll\u00f3 en el auditorio Eloy Camus, reuni\u00f3 a 360 participantes, y fue acompa\u00f1ada por la secretaria de Educaci\u00f3n, Mariela Lueje; y el director de Educaci\u00f3n T\u00e9cnica y Formaci\u00f3n Profesional, Rodolfo Navas.<\/p>\n<p>El eje estuvo puesto en una necesidad concreta: los estudiantes manejan contenidos t\u00e9cnicos, pero a veces tienen dificultades para explicarlos, defenderlos o presentarlos. En ese marco, se trabaj\u00f3 sobre situaciones de exposici\u00f3n, argumentaci\u00f3n y comunicaci\u00f3n de proyectos.<\/p>\n<p>Participaron 300 alumnos de 7\u00b0 a\u00f1o y 60 docentes vinculados a proyectos ETP (Educaci\u00f3n T\u00e9cnico Profesional) , provenientes de 31 instituciones educativas (26 de gesti\u00f3n estatal y 5 de gesti\u00f3n privada) del Ministerio de Educaci\u00f3n. Tambi\u00e9n lo hicieron estudiantes y docentes de la Escuela Industrial Domingo Faustino Sarmiento, dependiente de la Universidad Nacional de San Juan.<\/p>\n<p>Las actividades incluyeron ejercicios de oratoria, presentaciones grupales, simulaci\u00f3n de defensa de proyectos y trabajo en equipo, con intervenciones pr\u00e1cticas durante toda la jornada.<\/p>\n<p>\u201cUn estudiante puede saber mucho, pero si no puede explicarlo queda en desventaja. Por eso trabajamos en c\u00f3mo expresar ideas, c\u00f3mo ordenarlas y c\u00f3mo defenderlas. Esto tambi\u00e9n es parte de la formaci\u00f3n\u201d, se\u00f1al\u00f3 la secretaria de Educaci\u00f3n, Mariela Lueje, quien transmiti\u00f3 el saludo de la ministra de Educaci\u00f3n, Silvia Fuentes. \u201cEstas herramientas son necesarias para el San Juan que viene, donde el conocimiento tiene que poder compartirse y generar oportunidades\u201d, agreg\u00f3.<\/p>\n<p>Por su parte, Rodolfo Navas puso el foco en el perfil de los alumnos que est\u00e1n por egresar. \u201cBuscamos que los estudiantes no solo manejen contenidos te\u00f3ricos y pr\u00e1cticos, sino que tambi\u00e9n puedan presentarse, explicar lo que hacen y sostener una idea. Esto abre puertas. Hoy el mundo del trabajo tambi\u00e9n le exige habilidades blandas a nuestros egresados y en eso estamos, en formar t\u00e9cnicos l\u00edderes\u201d, se\u00f1al\u00f3.<\/p>\n<p>El trabajo en el Eloy Camus se concentr\u00f3 en c\u00f3mo comunicar ideas y proyectos con claridad, con una parte te\u00f3rica y otra pr\u00e1ctica. Se desarrollaron actividades grupales, que implicaron incluso subir al escenario, usar el micr\u00f3fono y expresarse ante los asistentes, entre otras propuestas.<\/p>\n<p>Esta iniciativa le da continuidad y ampl\u00eda una l\u00ednea iniciada en 2025 con la participaci\u00f3n de estudiantes en proyectos y exposiciones a nivel nacional, a quienes el Ministerio de Educaci\u00f3n les brind\u00f3 una formaci\u00f3n en comunicaci\u00f3n y oratoria.<\/p>\n<\/p><\/div>\n<p><script async defer crossorigin=\"anonymous\" src=\"https:\/\/connect.facebook.net\/es_ES\/sdk.js#xfbml=1&#038;version=v3.3\"><\/script><\/p>\n","protected":false},"excerpt":{"rendered":"<p>El Ministerio de Educaci\u00f3n, a trav\u00e9s de la Direcci\u00f3n de Educaci\u00f3n T\u00e9cnica y Formaci\u00f3n Profesional, realiz\u00f3 la formaci\u00f3n \u201cIdeas que se dicen, proyectos que se defienden: Estrategias de comunicaci\u00f3n y presentaci\u00f3n de proyectos en la ETP\u201d, destinada a estudiantes y docentes de escuelas t\u00e9cnicas. La actividad, que se desarroll\u00f3 en el auditorio Eloy Camus, reuni\u00f3 [&hellip;]<\/p>\n","protected":false},"author":2,"featured_media":87885,"comment_status":"","ping_status":"","sticky":false,"template":"","format":"standard","meta":{"footnotes":""},"categories":[8],"tags":[],"_links":{"self":[{"href":"https:\/\/maxradio923.com.ar\/index.php\/wp-json\/wp\/v2\/posts\/87884"}],"collection":[{"href":"https:\/\/maxradio923.com.ar\/index.php\/wp-json\/wp\/v2\/posts"}],"about":[{"href":"https:\/\/maxradio923.com.ar\/index.php\/wp-json\/wp\/v2\/types\/post"}],"author":[{"embeddable":true,"href":"https:\/\/maxradio923.com.ar\/index.php\/wp-json\/wp\/v2\/users\/2"}],"replies":[{"embeddable":true,"href":"https:\/\/maxradio923.com.ar\/index.php\/wp-json\/wp\/v2\/comments?post=87884"}],"version-history":[{"count":0,"href":"https:\/\/maxradio923.com.ar\/index.php\/wp-json\/wp\/v2\/posts\/87884\/revisions"}],"wp:featuredmedia":[{"embeddable":true,"href":"https:\/\/maxradio923.com.ar\/index.php\/wp-json\/wp\/v2\/media\/87885"}],"wp:attachment":[{"href":"https:\/\/maxradio923.com.ar\/index.php\/wp-json\/wp\/v2\/media?parent=87884"}],"wp:term":[{"taxonomy":"category","embeddable":true,"href":"https:\/\/maxradio923.com.ar\/index.php\/wp-json\/wp\/v2\/categories?post=87884"},{"taxonomy":"post_tag","embeddable":true,"href":"https:\/\/maxradio923.com.ar\/index.php\/wp-json\/wp\/v2\/tags?post=87884"}],"curies":[{"name":"wp","href":"https:\/\/api.w.org\/{rel}","templated":true}]}}