{"id":87882,"date":"2026-04-28T11:28:02","date_gmt":"2026-04-28T14:28:02","guid":{"rendered":"https:\/\/maxradio923.com.ar\/index.php\/2026\/04\/28\/un-nuevo-hito-en-el-tendido-de-cables-submarinos-impulsa-la-infraestructura-energetica-europea\/"},"modified":"2026-04-28T11:28:02","modified_gmt":"2026-04-28T14:28:02","slug":"un-nuevo-hito-en-el-tendido-de-cables-submarinos-impulsa-la-infraestructura-energetica-europea","status":"publish","type":"post","link":"https:\/\/maxradio923.com.ar\/index.php\/2026\/04\/28\/un-nuevo-hito-en-el-tendido-de-cables-submarinos-impulsa-la-infraestructura-energetica-europea\/","title":{"rendered":"Un nuevo hito en el tendido de cables submarinos impulsa la infraestructura energ\u00e9tica europea"},"content":{"rendered":"<p><\/p>\n<div>\n<div class=\"visual__image image-initial-width\"><picture><source srcset=\"https:\/\/www.infobae.com\/resizer\/v2\/N4EQNJKVI5DPNJ27OZZPHCSZNE.JPG?auth=2176bf08eeb80e48ce60885ce6f5c6cf9867278377ec29b0e8ac2a2af0afa618&amp;smart=true&amp;width=992&amp;height=558&amp;quality=85\" media=\"(min-width: 1000px)\"\/><source srcset=\"https:\/\/www.infobae.com\/resizer\/v2\/N4EQNJKVI5DPNJ27OZZPHCSZNE.JPG?auth=2176bf08eeb80e48ce60885ce6f5c6cf9867278377ec29b0e8ac2a2af0afa618&amp;smart=true&amp;width=768&amp;height=432&amp;quality=85\" media=\"(min-width: 768px)\"\/><source srcset=\"https:\/\/www.infobae.com\/resizer\/v2\/N4EQNJKVI5DPNJ27OZZPHCSZNE.JPG?auth=2176bf08eeb80e48ce60885ce6f5c6cf9867278377ec29b0e8ac2a2af0afa618&amp;smart=true&amp;width=577&amp;height=325&amp;quality=85\" media=\"(min-width: 580px)\"\/><source srcset=\"https:\/\/www.infobae.com\/resizer\/v2\/N4EQNJKVI5DPNJ27OZZPHCSZNE.JPG?auth=2176bf08eeb80e48ce60885ce6f5c6cf9867278377ec29b0e8ac2a2af0afa618&amp;smart=true&amp;width=420&amp;height=236&amp;quality=85\" media=\"(min-width: 350px)\"\/><source srcset=\"https:\/\/www.infobae.com\/resizer\/v2\/N4EQNJKVI5DPNJ27OZZPHCSZNE.JPG?auth=2176bf08eeb80e48ce60885ce6f5c6cf9867278377ec29b0e8ac2a2af0afa618&amp;smart=true&amp;width=350&amp;height=197&amp;quality=85\" media=\"(min-width: 80px)\"\/><img alt=\"Jan De Nul\" class=\"global-image\" decoding=\"async\" fetchpriority=\"high\" height=\"2970\" loading=\"eager\" src=\"https:\/\/www.infobae.com\/resizer\/v2\/N4EQNJKVI5DPNJ27OZZPHCSZNE.JPG?auth=2176bf08eeb80e48ce60885ce6f5c6cf9867278377ec29b0e8ac2a2af0afa618&amp;smart=true&amp;width=350&amp;height=197&amp;quality=85\" width=\"5280\"\/><\/picture><figcaption class=\"article-figcaption-img\">El William Thomson facilitar\u00e1 el tendido de cables submarinos para proyectos de energ\u00eda offshore en Europa (Jan De Nul)<\/figcaption><\/div>\n<p class=\"paragraph\">El sector energ\u00e9tico enfrenta nuevos desaf\u00edos asociados al crecimiento de las energ\u00edas renovables y la necesidad de conectar parques e\u00f3licos marinos con las redes el\u00e9ctricas continentales. En este contexto, la construcci\u00f3n de <b>buques de alta capacidad destinados al tendido de cables submarinos<\/b> resulta clave para garantizar la eficiencia de las futuras interconexiones el\u00e9ctricas.<\/p>\n<p class=\"paragraph\"><b>Jan De Nul<\/b>, empresa internacional de origen belga, anunci\u00f3 recientemente el lanzamiento del <b>William Thomson<\/b>. Esta embarcaci\u00f3n se encuentra en proceso de construcci\u00f3n junto a su unidad gemela, el <b>Fleeming Jenkin<\/b>. <\/p>\n<p class=\"paragraph\">Ambos buques se especializan en el tendido de cables submarinos y se distinguen por su tama\u00f1o: <b>215 metros de eslora<\/b> y una capacidad de carga de 28 mil toneladas, lo que los convierte en los m\u00e1s grandes de su tipo a nivel mundial. <\/p>\n<div class=\"visual__image\"><picture><source srcset=\"https:\/\/www.infobae.com\/resizer\/v2\/MKQ5HF7O6FFQRAUWHYY6VYYPRQ.jpg?auth=80ed54ce434f6ccfcaa1fcc0460f5cac86d16dbccf9369f18b7f7170ed13c34d&amp;smart=true&amp;width=992&amp;height=743&amp;quality=85\" media=\"(min-width: 1000px)\"\/><source srcset=\"https:\/\/www.infobae.com\/resizer\/v2\/MKQ5HF7O6FFQRAUWHYY6VYYPRQ.jpg?auth=80ed54ce434f6ccfcaa1fcc0460f5cac86d16dbccf9369f18b7f7170ed13c34d&amp;smart=true&amp;width=768&amp;height=575&amp;quality=85\" media=\"(min-width: 768px)\"\/><source srcset=\"https:\/\/www.infobae.com\/resizer\/v2\/MKQ5HF7O6FFQRAUWHYY6VYYPRQ.jpg?auth=80ed54ce434f6ccfcaa1fcc0460f5cac86d16dbccf9369f18b7f7170ed13c34d&amp;smart=true&amp;width=577&amp;height=432&amp;quality=85\" media=\"(min-width: 580px)\"\/><source srcset=\"https:\/\/www.infobae.com\/resizer\/v2\/MKQ5HF7O6FFQRAUWHYY6VYYPRQ.jpg?auth=80ed54ce434f6ccfcaa1fcc0460f5cac86d16dbccf9369f18b7f7170ed13c34d&amp;smart=true&amp;width=420&amp;height=315&amp;quality=85\" media=\"(min-width: 350px)\"\/><source srcset=\"https:\/\/www.infobae.com\/resizer\/v2\/MKQ5HF7O6FFQRAUWHYY6VYYPRQ.jpg?auth=80ed54ce434f6ccfcaa1fcc0460f5cac86d16dbccf9369f18b7f7170ed13c34d&amp;smart=true&amp;width=350&amp;height=262&amp;quality=85\" media=\"(min-width: 80px)\"\/><img alt=\"Jan De Nul\" class=\"global-image\" decoding=\"async\" fetchpriority=\"low\" height=\"1438\" loading=\"lazy\" src=\"https:\/\/www.infobae.com\/resizer\/v2\/MKQ5HF7O6FFQRAUWHYY6VYYPRQ.jpg?auth=80ed54ce434f6ccfcaa1fcc0460f5cac86d16dbccf9369f18b7f7170ed13c34d&amp;smart=true&amp;width=350&amp;height=262&amp;quality=85\" width=\"1920\"\/><\/picture><figcaption class=\"article-figcaption-img\">La capacidad operativa de los buques de Jan De Nul mejora la instalaci\u00f3n de cables en aguas profundas de hasta 4.000 metros (Jan De Nul)<\/figcaption><\/div>\n<h2 class=\"header headline-class-h2 headline\" id=\"diseno-orientado-a-la-demanda-actual-y-futura\">Dise\u00f1o orientado a la demanda actual y futura<\/h2>\n<p class=\"paragraph\">Desde Jan De Nul aseguraron que tienen previsto <b>poner en funcionamiento el Fleeming Jenkin hacia fines de 2026<\/b>, mientras que el <b>William Thomson<\/b> comenzar\u00e1 a operar durante el <b>primer semestre de 2027<\/b>.<\/p>\n<p class=\"paragraph\">Las nuevas embarcaciones fueron dise\u00f1adas para responder a la creciente demanda de <b>infraestructura energ\u00e9tica <\/b><i><b>offshore<\/b><\/i>. Su principal funci\u00f3n ser\u00e1 transportar la electricidad generada en alta mar hacia la tierra firme y facilitar la conexi\u00f3n entre redes el\u00e9ctricas de diferentes pa\u00edses. Para ello, podr\u00e1n operar tanto en aguas poco profundas como en zonas de hasta 4.000 metros de profundidad.<\/p>\n<p class=\"paragraph\">Uno de los puntos destacados es la capacidad de <b>trasladar cables de mayor longitud en una sola pieza<\/b>. Esto permite reducir el n\u00famero de uniones intermedias, lo que disminuye los costos operativos y el impacto ambiental asociado al tendido. Adem\u00e1s, la mayor capacidad de carga posibilita realizar operaciones m\u00e1s eficientes en proyectos de gran escala.<\/p>\n<p class=\"paragraph\">El <b>William Thomson<\/b> incorporar\u00e1 tecnolog\u00eda de bajas emisiones y un sistema h\u00edbrido el\u00e9ctrico que optimiza el consumo energ\u00e9tico. Este sistema incluye un conjunto de generadores y una <b>bater\u00eda de 2,5 megavatios hora<\/b>, lo que permite gestionar mejor los picos de demanda y la carga, mejorando as\u00ed la eficiencia general del buque.<\/p>\n<p class=\"paragraph\">El <b>sistema de emisiones ultrabajas (ULEv)<\/b> que se instalar\u00e1 en all\u00ed <b>eliminar\u00e1 hasta el 99% de las nanopart\u00edculas<\/b>. La embarcaci\u00f3n tambi\u00e9n podr\u00e1 operar con biocombustibles y metanol verde, logrando una <b>reducci\u00f3n significativa de las<\/b> <b>emisiones de di\u00f3xido de carbono<\/b> y cumpliendo con los est\u00e1ndares europeos m\u00e1s exigentes.<\/p>\n<p class=\"paragraph\">Respecto a la operatividad, el buque contar\u00e1 con tres carruseles para cables: dos sobre la cubierta y uno bajo cubierta, junto a una bodega dedicada a cables de fibra \u00f3ptica. Esta configuraci\u00f3n permite el <b>tendido simult\u00e1neo de hasta cuatro cables<\/b>, duplicando la capacidad total respecto de otros buques actualmente en servicio.<\/p>\n<p class=\"paragraph\">En la cubierta de popa, el <b>William Thomson<\/b> dispone de una rampa y una rueda de tendido. La rampa y los tensores \u2014con capacidad de hasta 150 toneladas\u2014 permiten instalar cables en aguas poco profundas, mientras que la rueda facilita el trabajo en grandes profundidades. <\/p>\n<p class=\"paragraph\">Ambas embarcaciones participar\u00e1n en el <b>programa de 2 gigavatios impulsado por TenneT<\/b>, operador de red en Pa\u00edses Bajos y Alemania. Este proyecto representa una nueva generaci\u00f3n de conexiones para parques e\u00f3licos offshore, con enlaces que duplican la capacidad habitual de transmisi\u00f3n, que oscila entre 700 y 900 megavatios. <\/p>\n<p class=\"paragraph\">De esta manera, la <b>energ\u00eda e\u00f3lica marina<\/b> podr\u00e1 ser m\u00e1s eficiente y accesible para los sistemas el\u00e9ctricos del continente. <b>Jan De Nul<\/b> instalar\u00e1 m\u00e1s de 2.800 kil\u00f3metros de cables de corriente continua de 525 kilovoltios para este programa. Esta intervenci\u00f3n contribuir\u00e1 a reforzar la infraestructura energ\u00e9tica europea y a avanzar hacia una red m\u00e1s sostenible.<\/p>\n<p class=\"paragraph\">\u201cEnerg\u00eda confiable, accesible y renovable es uno de los mayores desaf\u00edos de nuestra \u00e9poca. Con esta inversi\u00f3n, buscamos contribuir a soluciones concretas\u201d, expres\u00f3 <b>Wouter Vermeersch<\/b>, director de Cables Submarinos Offshore Energy.<\/p>\n<p class=\"paragraph\">Por su parte, <b>Jan De Nul<\/b> es una empresa que <b>desarrolla soluciones para el manejo del agua, la tierra y la energ\u00eda en distintos pa\u00edses<\/b>. Su actividad abarca la energ\u00eda <i>offshore<\/i>, el dragado, la construcci\u00f3n y la recuperaci\u00f3n ambiental. La firma destaca la importancia de preparar el mundo para los desaf\u00edos futuros y mejorar la calidad de vida global.<\/p>\n<\/div>\n<p><script defer=\"\">try{!function(f,b,e,v,n,t,s) {if(f.fbq)return;n=f.fbq=function(){n.callMethod? n.callMethod.apply(n,arguments):n.queue.push(arguments)}; if(!f._fbq)f._fbq=n;n.push=n;n.loaded=!0;n.version='2.0'; n.queue=[];t=b.createElement(e);t.async=!0; t.src=v;s=b.getElementsByTagName(e)[0]; s.parentNode.insertBefore(t,s)}(window, document,'script', ' fbq('init', '336383993555320'); fbq('track', 'PageView'); fbq('track', 'ViewContent');}catch(error){console.log(\"Error al inicializar facebookPixelRawCodeScript:\",error);}<\/script><\/p>\n","protected":false},"excerpt":{"rendered":"<p>El William Thomson facilitar\u00e1 el tendido de cables submarinos para proyectos de energ\u00eda offshore en Europa (Jan De Nul) El sector energ\u00e9tico enfrenta nuevos desaf\u00edos asociados al crecimiento de las energ\u00edas renovables y la necesidad de conectar parques e\u00f3licos marinos con las redes el\u00e9ctricas continentales. En este contexto, la construcci\u00f3n de buques de alta capacidad [&hellip;]<\/p>\n","protected":false},"author":2,"featured_media":87883,"comment_status":"","ping_status":"","sticky":false,"template":"","format":"standard","meta":{"footnotes":""},"categories":[2],"tags":[],"_links":{"self":[{"href":"https:\/\/maxradio923.com.ar\/index.php\/wp-json\/wp\/v2\/posts\/87882"}],"collection":[{"href":"https:\/\/maxradio923.com.ar\/index.php\/wp-json\/wp\/v2\/posts"}],"about":[{"href":"https:\/\/maxradio923.com.ar\/index.php\/wp-json\/wp\/v2\/types\/post"}],"author":[{"embeddable":true,"href":"https:\/\/maxradio923.com.ar\/index.php\/wp-json\/wp\/v2\/users\/2"}],"replies":[{"embeddable":true,"href":"https:\/\/maxradio923.com.ar\/index.php\/wp-json\/wp\/v2\/comments?post=87882"}],"version-history":[{"count":0,"href":"https:\/\/maxradio923.com.ar\/index.php\/wp-json\/wp\/v2\/posts\/87882\/revisions"}],"wp:featuredmedia":[{"embeddable":true,"href":"https:\/\/maxradio923.com.ar\/index.php\/wp-json\/wp\/v2\/media\/87883"}],"wp:attachment":[{"href":"https:\/\/maxradio923.com.ar\/index.php\/wp-json\/wp\/v2\/media?parent=87882"}],"wp:term":[{"taxonomy":"category","embeddable":true,"href":"https:\/\/maxradio923.com.ar\/index.php\/wp-json\/wp\/v2\/categories?post=87882"},{"taxonomy":"post_tag","embeddable":true,"href":"https:\/\/maxradio923.com.ar\/index.php\/wp-json\/wp\/v2\/tags?post=87882"}],"curies":[{"name":"wp","href":"https:\/\/api.w.org\/{rel}","templated":true}]}}