{"id":87880,"date":"2026-04-28T11:19:03","date_gmt":"2026-04-28T14:19:03","guid":{"rendered":"https:\/\/maxradio923.com.ar\/index.php\/2026\/04\/28\/la-feria-agroproductiva-tendra-un-espacio-en-la-feria-internacional-de-artesanias\/"},"modified":"2026-04-28T11:19:03","modified_gmt":"2026-04-28T14:19:03","slug":"la-feria-agroproductiva-tendra-un-espacio-en-la-feria-internacional-de-artesanias","status":"publish","type":"post","link":"https:\/\/maxradio923.com.ar\/index.php\/2026\/04\/28\/la-feria-agroproductiva-tendra-un-espacio-en-la-feria-internacional-de-artesanias\/","title":{"rendered":"La Feria Agroproductiva tendr\u00e1 un espacio en la Feria Internacional de Artesan\u00edas"},"content":{"rendered":"<p><\/p>\n<div>\n<p>La Feria Agroproductiva de San Juan, organizada por la Direcci\u00f3n de Desarrollo Agropecuario, participar\u00e1 de la XXXI Feria Internacional de Artesan\u00edas, uno de los eventos m\u00e1s convocantes y representativos del pa\u00eds.<\/p>\n<p>El stand institucional reunir\u00e1 a 32 expositores, quienes participar\u00e1n de manera rotativa y ofrecer\u00e1n una amplia variedad de productos que reflejan el trabajo, la identidad y el valor agregado de la producci\u00f3n local. Esta participaci\u00f3n no solo representa una vidriera comercial, sino tambi\u00e9n una oportunidad estrat\u00e9gica para visibilizar el esfuerzo de los productores y fortalecer los canales de comercializaci\u00f3n.<\/p>\n<p>La feria se desarrollar\u00e1 del 30 de abril al 10 de mayo en el Predio Ferial Costanera, en el departamento Chimbas, consolid\u00e1ndose como un espacio de encuentro entre tradici\u00f3n, cultura y dise\u00f1o. Como atractivo especial del stand, se realizar\u00e1 un sorteo destinado a todos los visitantes: cada persona que realice una compra podr\u00e1 completar un cup\u00f3n con sus datos y participar por productos de la Feria Agroproductiva.<\/p>\n<p>Durante los 10 d\u00edas del evento, el p\u00fablico tendr\u00e1 la oportunidad de sumarse a esta propuesta. El sorteo se llevar\u00e1 a cabo el lunes 11 de mayo, y la entrega de premios se realizar\u00e1 el mi\u00e9rcoles 13 de mayo en el marco de la Feria Agroproductiva que tendr\u00e1 lugar en la Plaza Seca del Centro C\u00edvico, en horario de ma\u00f1ana.<\/p>\n<p>Desde la Secretar\u00eda de Agricultura, Ganader\u00eda y Agroindustria se impulsa activamente la presencia de los productores en este tipo de espacios, con el objetivo de acompa\u00f1ar su crecimiento, promover la producci\u00f3n local y generar nuevas oportunidades de desarrollo econ\u00f3mico. En este sentido, la Feria Agroproductiva cumple un rol fundamental como plataforma de impulso para emprendedores, facilitando su acceso a mercados, fortaleciendo sus capacidades comerciales y posicionando sus productos ante un p\u00fablico masivo.<\/p>\n<p>La participaci\u00f3n en la Feria Internacional de Artesan\u00edas reafirma el compromiso del Gobierno de San Juan con el sector productivo, apostando al desarrollo regional, el agregado de valor y la promoci\u00f3n de la identidad local a trav\u00e9s del trabajo de sus productores.<\/p>\n<\/p><\/div>\n<p><script async defer crossorigin=\"anonymous\" src=\"https:\/\/connect.facebook.net\/es_ES\/sdk.js#xfbml=1&#038;version=v3.3\"><\/script><\/p>\n","protected":false},"excerpt":{"rendered":"<p>La Feria Agroproductiva de San Juan, organizada por la Direcci\u00f3n de Desarrollo Agropecuario, participar\u00e1 de la XXXI Feria Internacional de Artesan\u00edas, uno de los eventos m\u00e1s convocantes y representativos del pa\u00eds. El stand institucional reunir\u00e1 a 32 expositores, quienes participar\u00e1n de manera rotativa y ofrecer\u00e1n una amplia variedad de productos que reflejan el trabajo, la [&hellip;]<\/p>\n","protected":false},"author":2,"featured_media":87881,"comment_status":"","ping_status":"","sticky":false,"template":"","format":"standard","meta":{"footnotes":""},"categories":[8],"tags":[],"_links":{"self":[{"href":"https:\/\/maxradio923.com.ar\/index.php\/wp-json\/wp\/v2\/posts\/87880"}],"collection":[{"href":"https:\/\/maxradio923.com.ar\/index.php\/wp-json\/wp\/v2\/posts"}],"about":[{"href":"https:\/\/maxradio923.com.ar\/index.php\/wp-json\/wp\/v2\/types\/post"}],"author":[{"embeddable":true,"href":"https:\/\/maxradio923.com.ar\/index.php\/wp-json\/wp\/v2\/users\/2"}],"replies":[{"embeddable":true,"href":"https:\/\/maxradio923.com.ar\/index.php\/wp-json\/wp\/v2\/comments?post=87880"}],"version-history":[{"count":0,"href":"https:\/\/maxradio923.com.ar\/index.php\/wp-json\/wp\/v2\/posts\/87880\/revisions"}],"wp:featuredmedia":[{"embeddable":true,"href":"https:\/\/maxradio923.com.ar\/index.php\/wp-json\/wp\/v2\/media\/87881"}],"wp:attachment":[{"href":"https:\/\/maxradio923.com.ar\/index.php\/wp-json\/wp\/v2\/media?parent=87880"}],"wp:term":[{"taxonomy":"category","embeddable":true,"href":"https:\/\/maxradio923.com.ar\/index.php\/wp-json\/wp\/v2\/categories?post=87880"},{"taxonomy":"post_tag","embeddable":true,"href":"https:\/\/maxradio923.com.ar\/index.php\/wp-json\/wp\/v2\/tags?post=87880"}],"curies":[{"name":"wp","href":"https:\/\/api.w.org\/{rel}","templated":true}]}}