{"id":87876,"date":"2026-04-28T10:53:02","date_gmt":"2026-04-28T13:53:02","guid":{"rendered":"https:\/\/maxradio923.com.ar\/index.php\/2026\/04\/28\/se-realizaron-trabajos-de-mantenimiento-en-centros-de-contencion\/"},"modified":"2026-04-28T10:53:02","modified_gmt":"2026-04-28T13:53:02","slug":"se-realizaron-trabajos-de-mantenimiento-en-centros-de-contencion","status":"publish","type":"post","link":"https:\/\/maxradio923.com.ar\/index.php\/2026\/04\/28\/se-realizaron-trabajos-de-mantenimiento-en-centros-de-contencion\/","title":{"rendered":"Se realizaron trabajos de mantenimiento en Centros de Contenci\u00f3n"},"content":{"rendered":"<p><\/p>\n<div>\n<p>En los dos Centros de Contenci\u00f3n para personas en situaci\u00f3n de calle que dependen del Ministerio de Familia y Desarrollo Humano, se hicieron diferentes trabajos edilicios para dejarlos \u00f3ptimas condiciones, anticip\u00e1ndose a los primeros fr\u00edos de la temporada.<\/p>\n<p>En este sentido, a partir de este martes 28 de abril se habilit\u00f3 el horario extendido de permanencia. Es decir que mientras duren los meses m\u00e1s fr\u00edos del a\u00f1o, las personas que lo requieran podr\u00e1n ingresar a partir de las 17 horas y retirarse a las 9 horas del otro d\u00eda.<\/p>\n<p>La titular de la Direcci\u00f3n de Emergencia y Pol\u00edticas Alimentarias, Lorena Acosta, explic\u00f3 que \u201clas personas acceden a un ba\u00f1o con agua caliente y elementos de higiene personal, una cama dotada de frazadas y acolchado, un espacio calefaccionado y con comodidades, adem\u00e1s de ropa de abrigo y calzado limpio y en condiciones, tambi\u00e9n merienda, cena y desayuno. Adem\u00e1s, hay un equipo de profesionales que hace seguimiento y acompa\u00f1amiento de cada caso, especialmente a aquellos que requieren de turnos y controles m\u00e9dicos, entre otros aspectos asistenciales\u201d.<\/p>\n<p>El Centro de Contenci\u00f3n Madre Teresa de Calcuta est\u00e1 ubicado en Avenida C\u00f3rdoba 150 este, mientras que el Papa Francisco est\u00e1 en General Paz y Estados Unidos, en el exedificio de Urgencias del Hospital Rawson. En cada uno de estos refugios se puede albergar unas 40 personas, aunque ya se ha previsto la posibilidad de habilitar una habitaci\u00f3n de emergencia, ante una posible ola polar para ampliar los cupos. De hecho, ya se cuenta con camas y colchones disponibles.<\/p>\n<p>Entre otras tareas, en el Papa Francisco, se realiz\u00f3 el mantenimiento general, se repararon grietas en los techos, se hizo revoque y pintura del edificio, se refaccionaron ba\u00f1os con grifer\u00eda y termotanques nuevos, se cambiaron ca\u00f1er\u00edas y se colocaron tres calefactores nuevos en pasillos y en el ingreso. Por otro lado, se inspeccionaron las instalaciones de gas y electricidad dej\u00e1ndolas en condiciones; se hicieron cambios en la conexi\u00f3n de cocina y horno a la red de gas, se coloc\u00f3 un mueble de cocina y se cambi\u00f3 una parte de la mesada de cocina.<\/p>\n<p>Mientras que en Teresa de Calcuta, se est\u00e1 haciendo pintura y revocado de paredes, adem\u00e1s de trabajo de instalaci\u00f3n de calefacci\u00f3n y electricidad en diferentes dependencias.<\/p>\n<p>En ambos espacios, se han renovado 80 colchones y otras tantas frazadas y est\u00e1n destinados a varones entre 18 y 59 a\u00f1os.<\/p>\n<p>La persona puede llegar por sus propios medios, de forma voluntaria, no es necesario que anuncie ni solicite un lugar previamente. La persona que solicita estar en el lugar, debe firmar un consentimiento en el que acepta el reglamento.<\/p>\n<p>Adem\u00e1s de trabajar en la convivencia, las personas que concurren a estos centros deben respetar el aseo personal, la limpieza de su espacio (por ejemplo tender la cama o lavar la vajilla que utilizan) y acceder a tomar contacto con el equipo profesional, integrado por psic\u00f3logos, nutricionistas, asistentes sociales; para conocer sus necesidades puntuales.<\/p>\n<\/p><\/div>\n<p><script async defer crossorigin=\"anonymous\" src=\"https:\/\/connect.facebook.net\/es_ES\/sdk.js#xfbml=1&#038;version=v3.3\"><\/script><\/p>\n","protected":false},"excerpt":{"rendered":"<p>En los dos Centros de Contenci\u00f3n para personas en situaci\u00f3n de calle que dependen del Ministerio de Familia y Desarrollo Humano, se hicieron diferentes trabajos edilicios para dejarlos \u00f3ptimas condiciones, anticip\u00e1ndose a los primeros fr\u00edos de la temporada. En este sentido, a partir de este martes 28 de abril se habilit\u00f3 el horario extendido de [&hellip;]<\/p>\n","protected":false},"author":2,"featured_media":87877,"comment_status":"","ping_status":"","sticky":false,"template":"","format":"standard","meta":{"footnotes":""},"categories":[8],"tags":[],"_links":{"self":[{"href":"https:\/\/maxradio923.com.ar\/index.php\/wp-json\/wp\/v2\/posts\/87876"}],"collection":[{"href":"https:\/\/maxradio923.com.ar\/index.php\/wp-json\/wp\/v2\/posts"}],"about":[{"href":"https:\/\/maxradio923.com.ar\/index.php\/wp-json\/wp\/v2\/types\/post"}],"author":[{"embeddable":true,"href":"https:\/\/maxradio923.com.ar\/index.php\/wp-json\/wp\/v2\/users\/2"}],"replies":[{"embeddable":true,"href":"https:\/\/maxradio923.com.ar\/index.php\/wp-json\/wp\/v2\/comments?post=87876"}],"version-history":[{"count":0,"href":"https:\/\/maxradio923.com.ar\/index.php\/wp-json\/wp\/v2\/posts\/87876\/revisions"}],"wp:featuredmedia":[{"embeddable":true,"href":"https:\/\/maxradio923.com.ar\/index.php\/wp-json\/wp\/v2\/media\/87877"}],"wp:attachment":[{"href":"https:\/\/maxradio923.com.ar\/index.php\/wp-json\/wp\/v2\/media?parent=87876"}],"wp:term":[{"taxonomy":"category","embeddable":true,"href":"https:\/\/maxradio923.com.ar\/index.php\/wp-json\/wp\/v2\/categories?post=87876"},{"taxonomy":"post_tag","embeddable":true,"href":"https:\/\/maxradio923.com.ar\/index.php\/wp-json\/wp\/v2\/tags?post=87876"}],"curies":[{"name":"wp","href":"https:\/\/api.w.org\/{rel}","templated":true}]}}