{"id":87872,"date":"2026-04-28T10:24:02","date_gmt":"2026-04-28T13:24:02","guid":{"rendered":"https:\/\/maxradio923.com.ar\/index.php\/2026\/04\/28\/caputo-reconocio-que-el-dato-de-la-actividad-economica-en-febrero-dio-mal-y-anticipo-una-baja-de-la-inflacion-en-abril\/"},"modified":"2026-04-28T10:24:02","modified_gmt":"2026-04-28T13:24:02","slug":"caputo-reconocio-que-el-dato-de-la-actividad-economica-en-febrero-dio-mal-y-anticipo-una-baja-de-la-inflacion-en-abril","status":"publish","type":"post","link":"https:\/\/maxradio923.com.ar\/index.php\/2026\/04\/28\/caputo-reconocio-que-el-dato-de-la-actividad-economica-en-febrero-dio-mal-y-anticipo-una-baja-de-la-inflacion-en-abril\/","title":{"rendered":"Caputo reconoci\u00f3 que el dato de la actividad econ\u00f3mica en febrero \u201cdio mal\u201d y anticip\u00f3 una baja de la inflaci\u00f3n en abril"},"content":{"rendered":"<p><\/p>\n<div>\n<div class=\"visual__image image-initial-width\"><picture><source srcset=\"https:\/\/www.infobae.com\/resizer\/v2\/F3WNP7FVFFDT5KP4LJJ5FARHGY.jpg?auth=8eb980b5f60e73dd9c94bd32da950fa4524db0b2f37b8d0f15820626b0fb2c95&amp;smart=true&amp;width=992&amp;height=661&amp;quality=85\" media=\"(min-width: 1000px)\"\/><source srcset=\"https:\/\/www.infobae.com\/resizer\/v2\/F3WNP7FVFFDT5KP4LJJ5FARHGY.jpg?auth=8eb980b5f60e73dd9c94bd32da950fa4524db0b2f37b8d0f15820626b0fb2c95&amp;smart=true&amp;width=768&amp;height=512&amp;quality=85\" media=\"(min-width: 768px)\"\/><source srcset=\"https:\/\/www.infobae.com\/resizer\/v2\/F3WNP7FVFFDT5KP4LJJ5FARHGY.jpg?auth=8eb980b5f60e73dd9c94bd32da950fa4524db0b2f37b8d0f15820626b0fb2c95&amp;smart=true&amp;width=577&amp;height=385&amp;quality=85\" media=\"(min-width: 580px)\"\/><source srcset=\"https:\/\/www.infobae.com\/resizer\/v2\/F3WNP7FVFFDT5KP4LJJ5FARHGY.jpg?auth=8eb980b5f60e73dd9c94bd32da950fa4524db0b2f37b8d0f15820626b0fb2c95&amp;smart=true&amp;width=420&amp;height=280&amp;quality=85\" media=\"(min-width: 350px)\"\/><source srcset=\"https:\/\/www.infobae.com\/resizer\/v2\/F3WNP7FVFFDT5KP4LJJ5FARHGY.jpg?auth=8eb980b5f60e73dd9c94bd32da950fa4524db0b2f37b8d0f15820626b0fb2c95&amp;smart=true&amp;width=350&amp;height=233&amp;quality=85\" media=\"(min-width: 80px)\"\/><img alt=\"Atlantic Council 2026 - Luis Toto Caputo\" class=\"global-image\" decoding=\"async\" fetchpriority=\"high\" height=\"1280\" loading=\"eager\" src=\"https:\/\/www.infobae.com\/resizer\/v2\/F3WNP7FVFFDT5KP4LJJ5FARHGY.jpg?auth=8eb980b5f60e73dd9c94bd32da950fa4524db0b2f37b8d0f15820626b0fb2c95&amp;smart=true&amp;width=350&amp;height=233&amp;quality=85\" width=\"1920\"\/><\/picture><figcaption class=\"article-figcaption-img\">Luis Caputo, ministro de Econom\u00eda<br \/>\n(Jaime Olivos)<\/figcaption><\/div>\n<p class=\"paragraph\">\u201cNo negamos que <b>el dato de actividad de febrero dio mal<\/b>, pero ven\u00edamos de n\u00fameros r\u00e9cord. Tenemos que saber de d\u00f3nde ven\u00edamos\u201d, afirm\u00f3<b> Luis Caputo<\/b>. El ministro de Econom\u00eda disert\u00f3 en la apertura del <b>Congreso Econ\u00f3mico Argentino<\/b> que se lleva a cabo en el marco de <b>ExpoEfi 2026<\/b>.<\/p>\n<p class=\"paragraph\">\u201cEstamos en r\u00e9cord de exportaciones. El agro est\u00e1 en un boom de 160 millones de toneladas. Eso no es casualidad es previsibilidad. Al agro cuando vos le das mejores perspectivas inmediatamente invierte. Vamos a seguir generando condiciones para que <b>el campo tenga la renta que merece<\/b>\u201d, agreg\u00f3.<\/p>\n<p class=\"paragraph\">Caputo estim\u00f3 que \u201csolamente en energ\u00eda, entre este a\u00f1o y 2035, vamos a tener m\u00e1s de 350.000 millones de super\u00e1vit. No se si se toma conciencia de los n\u00fameros que estamos hablando&#8221;.<\/p>\n<p class=\"paragraph\">Con respecto a la <b>inflaci\u00f3n<\/b>, Caputo se\u00f1al\u00f3 que la baja de inter\u00e9s en pesos \u201ces lo que nos hace ser optimistas\u201d sobre el proceso de desinflaci\u00f3n, a pesar del dato de 3,4% que el Indec inform\u00f3 en marzo.<\/p>\n<p class=\"paragraph\">\u201cNormalmente, cuando el tipo de cambio sube y la tasa de inter\u00e9s baja, hay inflaci\u00f3n. Hubo una baja fuerte de la tasa de inter\u00e9s y todos los d\u00edas el BCRA tiene que comprar dolares para que el peso no se aprecie m\u00e1s. Eso quiere decir que<b> el proceso de desinflaci\u00f3n se va a retomar. La inflaci\u00f3n tuvo un pico en marzo pero a partir de abril empezar\u00e1 a ir hacia abajo<\/b>\u201d, afirm\u00f3 Caputo.<\/p>\n<p class=\"paragraph\"><i>Noticia en desarrollo<\/i><\/p>\n<\/div>\n<p><script defer=\"\">try{!function(f,b,e,v,n,t,s) {if(f.fbq)return;n=f.fbq=function(){n.callMethod? n.callMethod.apply(n,arguments):n.queue.push(arguments)}; if(!f._fbq)f._fbq=n;n.push=n;n.loaded=!0;n.version='2.0'; n.queue=[];t=b.createElement(e);t.async=!0; t.src=v;s=b.getElementsByTagName(e)[0]; s.parentNode.insertBefore(t,s)}(window, document,'script', ' fbq('init', '336383993555320'); fbq('track', 'PageView'); fbq('track', 'ViewContent');}catch(error){console.log(\"Error al inicializar facebookPixelRawCodeScript:\",error);}<\/script><\/p>\n","protected":false},"excerpt":{"rendered":"<p>Luis Caputo, ministro de Econom\u00eda (Jaime Olivos) \u201cNo negamos que el dato de actividad de febrero dio mal, pero ven\u00edamos de n\u00fameros r\u00e9cord. Tenemos que saber de d\u00f3nde ven\u00edamos\u201d, afirm\u00f3 Luis Caputo. El ministro de Econom\u00eda disert\u00f3 en la apertura del Congreso Econ\u00f3mico Argentino que se lleva a cabo en el marco de ExpoEfi 2026. [&hellip;]<\/p>\n","protected":false},"author":2,"featured_media":87873,"comment_status":"","ping_status":"","sticky":false,"template":"","format":"standard","meta":{"footnotes":""},"categories":[2],"tags":[],"_links":{"self":[{"href":"https:\/\/maxradio923.com.ar\/index.php\/wp-json\/wp\/v2\/posts\/87872"}],"collection":[{"href":"https:\/\/maxradio923.com.ar\/index.php\/wp-json\/wp\/v2\/posts"}],"about":[{"href":"https:\/\/maxradio923.com.ar\/index.php\/wp-json\/wp\/v2\/types\/post"}],"author":[{"embeddable":true,"href":"https:\/\/maxradio923.com.ar\/index.php\/wp-json\/wp\/v2\/users\/2"}],"replies":[{"embeddable":true,"href":"https:\/\/maxradio923.com.ar\/index.php\/wp-json\/wp\/v2\/comments?post=87872"}],"version-history":[{"count":0,"href":"https:\/\/maxradio923.com.ar\/index.php\/wp-json\/wp\/v2\/posts\/87872\/revisions"}],"wp:featuredmedia":[{"embeddable":true,"href":"https:\/\/maxradio923.com.ar\/index.php\/wp-json\/wp\/v2\/media\/87873"}],"wp:attachment":[{"href":"https:\/\/maxradio923.com.ar\/index.php\/wp-json\/wp\/v2\/media?parent=87872"}],"wp:term":[{"taxonomy":"category","embeddable":true,"href":"https:\/\/maxradio923.com.ar\/index.php\/wp-json\/wp\/v2\/categories?post=87872"},{"taxonomy":"post_tag","embeddable":true,"href":"https:\/\/maxradio923.com.ar\/index.php\/wp-json\/wp\/v2\/tags?post=87872"}],"curies":[{"name":"wp","href":"https:\/\/api.w.org\/{rel}","templated":true}]}}