{"id":87866,"date":"2026-04-28T09:35:03","date_gmt":"2026-04-28T12:35:03","guid":{"rendered":"https:\/\/maxradio923.com.ar\/index.php\/2026\/04\/28\/presentan-en-iglesia-y-jachal-el-proyecto-de-ley-de-desarrollo-local-minero\/"},"modified":"2026-04-28T09:35:03","modified_gmt":"2026-04-28T12:35:03","slug":"presentan-en-iglesia-y-jachal-el-proyecto-de-ley-de-desarrollo-local-minero","status":"publish","type":"post","link":"https:\/\/maxradio923.com.ar\/index.php\/2026\/04\/28\/presentan-en-iglesia-y-jachal-el-proyecto-de-ley-de-desarrollo-local-minero\/","title":{"rendered":"Presentan en Iglesia y J\u00e1chal el proyecto de Ley de Desarrollo Local Minero"},"content":{"rendered":"<p><\/p>\n<div>\n<p>El Gobierno de San Juan, a trav\u00e9s de los ministerios de Miner\u00eda y Producci\u00f3n, presentaron este lunes el proyecto de Ley de Desarrollo Local Minero ante proveedores y actores territoriales de Iglesia y J\u00e1chal. Las jornadas, realizadas en el Nodo de Pismanta y en la Asociaci\u00f3n de Chacareros de J\u00e1chal, formaron parte de un proceso de di\u00e1logo previo al tratamiento legislativo, destinado a recoger aportes de quienes conocen de primera mano la actividad en los departamentos mineros de la provincia.<\/p>\n<p>El proyecto, integrado por 23 art\u00edculos, busca que la inversi\u00f3n minera tenga un impacto creciente y verificable en el desarrollo local, mediante planes con objetivos progresivos acordados entre las empresas operadoras y la autoridad de aplicaci\u00f3n. Se trata de una herramienta normativa pensada para que el crecimiento del sector se traduzca en oportunidades concretas para proveedores, trabajadores y comunidades de los departamentos mineros.<\/p>\n<p>Funcionarios de ambos ministerios, expusieron los lineamientos generales del proyecto y respondieron consultas sobre su funcionamiento e implementaci\u00f3n. Seg\u00fan se destac\u00f3 en las disertaciones, el proyecto avanza sobre la base de metas progresivas, en l\u00ednea con la pol\u00edtica de Estado que el gobierno de Marcelo Orrego  sostiene para el sector: una miner\u00eda que genere desarrollo verificable en las comunidades donde opera y que consolide a San Juan como destino confiable para la inversi\u00f3n.<\/p>\n<\/p><\/div>\n<p><script async defer crossorigin=\"anonymous\" src=\"https:\/\/connect.facebook.net\/es_ES\/sdk.js#xfbml=1&#038;version=v3.3\"><\/script><\/p>\n","protected":false},"excerpt":{"rendered":"<p>El Gobierno de San Juan, a trav\u00e9s de los ministerios de Miner\u00eda y Producci\u00f3n, presentaron este lunes el proyecto de Ley de Desarrollo Local Minero ante proveedores y actores territoriales de Iglesia y J\u00e1chal. Las jornadas, realizadas en el Nodo de Pismanta y en la Asociaci\u00f3n de Chacareros de J\u00e1chal, formaron parte de un proceso [&hellip;]<\/p>\n","protected":false},"author":2,"featured_media":87867,"comment_status":"","ping_status":"","sticky":false,"template":"","format":"standard","meta":{"footnotes":""},"categories":[8],"tags":[],"_links":{"self":[{"href":"https:\/\/maxradio923.com.ar\/index.php\/wp-json\/wp\/v2\/posts\/87866"}],"collection":[{"href":"https:\/\/maxradio923.com.ar\/index.php\/wp-json\/wp\/v2\/posts"}],"about":[{"href":"https:\/\/maxradio923.com.ar\/index.php\/wp-json\/wp\/v2\/types\/post"}],"author":[{"embeddable":true,"href":"https:\/\/maxradio923.com.ar\/index.php\/wp-json\/wp\/v2\/users\/2"}],"replies":[{"embeddable":true,"href":"https:\/\/maxradio923.com.ar\/index.php\/wp-json\/wp\/v2\/comments?post=87866"}],"version-history":[{"count":0,"href":"https:\/\/maxradio923.com.ar\/index.php\/wp-json\/wp\/v2\/posts\/87866\/revisions"}],"wp:featuredmedia":[{"embeddable":true,"href":"https:\/\/maxradio923.com.ar\/index.php\/wp-json\/wp\/v2\/media\/87867"}],"wp:attachment":[{"href":"https:\/\/maxradio923.com.ar\/index.php\/wp-json\/wp\/v2\/media?parent=87866"}],"wp:term":[{"taxonomy":"category","embeddable":true,"href":"https:\/\/maxradio923.com.ar\/index.php\/wp-json\/wp\/v2\/categories?post=87866"},{"taxonomy":"post_tag","embeddable":true,"href":"https:\/\/maxradio923.com.ar\/index.php\/wp-json\/wp\/v2\/tags?post=87866"}],"curies":[{"name":"wp","href":"https:\/\/api.w.org\/{rel}","templated":true}]}}