{"id":87864,"date":"2026-04-28T08:36:02","date_gmt":"2026-04-28T11:36:02","guid":{"rendered":"https:\/\/maxradio923.com.ar\/index.php\/2026\/04\/28\/el-50-de-las-pymes-argentina-evalua-recortar-empleos-en-los-proximos-meses\/"},"modified":"2026-04-28T08:36:02","modified_gmt":"2026-04-28T11:36:02","slug":"el-50-de-las-pymes-argentina-evalua-recortar-empleos-en-los-proximos-meses","status":"publish","type":"post","link":"https:\/\/maxradio923.com.ar\/index.php\/2026\/04\/28\/el-50-de-las-pymes-argentina-evalua-recortar-empleos-en-los-proximos-meses\/","title":{"rendered":"El 50% de las pymes argentina eval\u00faa recortar empleos en los pr\u00f3ximos meses"},"content":{"rendered":"<p><\/p>\n<div>\n<div class=\"visual__image image-initial-width\"><picture><source srcset=\"https:\/\/www.infobae.com\/resizer\/v2\/LJTCDGABH5HFFIOXI7JJAGVIRU.jpg?auth=7ab38932b11c26cf00c752eb2292cfb2ee17ee7f3a38f20d55f03a2fe6c8defb&amp;smart=true&amp;width=992&amp;height=587&amp;quality=85\" media=\"(min-width: 1000px)\"\/><source srcset=\"https:\/\/www.infobae.com\/resizer\/v2\/LJTCDGABH5HFFIOXI7JJAGVIRU.jpg?auth=7ab38932b11c26cf00c752eb2292cfb2ee17ee7f3a38f20d55f03a2fe6c8defb&amp;smart=true&amp;width=768&amp;height=454&amp;quality=85\" media=\"(min-width: 768px)\"\/><source srcset=\"https:\/\/www.infobae.com\/resizer\/v2\/LJTCDGABH5HFFIOXI7JJAGVIRU.jpg?auth=7ab38932b11c26cf00c752eb2292cfb2ee17ee7f3a38f20d55f03a2fe6c8defb&amp;smart=true&amp;width=577&amp;height=341&amp;quality=85\" media=\"(min-width: 580px)\"\/><source srcset=\"https:\/\/www.infobae.com\/resizer\/v2\/LJTCDGABH5HFFIOXI7JJAGVIRU.jpg?auth=7ab38932b11c26cf00c752eb2292cfb2ee17ee7f3a38f20d55f03a2fe6c8defb&amp;smart=true&amp;width=420&amp;height=248&amp;quality=85\" media=\"(min-width: 350px)\"\/><source srcset=\"https:\/\/www.infobae.com\/resizer\/v2\/LJTCDGABH5HFFIOXI7JJAGVIRU.jpg?auth=7ab38932b11c26cf00c752eb2292cfb2ee17ee7f3a38f20d55f03a2fe6c8defb&amp;smart=true&amp;width=350&amp;height=207&amp;quality=85\" media=\"(min-width: 80px)\"\/><img alt=\"El 70% de las pymes declara persistentes problemas para hallar el talento necesario para cubrir vacantes\" class=\"global-image\" decoding=\"async\" fetchpriority=\"high\" height=\"813\" loading=\"eager\" src=\"https:\/\/www.infobae.com\/resizer\/v2\/LJTCDGABH5HFFIOXI7JJAGVIRU.jpg?auth=7ab38932b11c26cf00c752eb2292cfb2ee17ee7f3a38f20d55f03a2fe6c8defb&amp;smart=true&amp;width=350&amp;height=207&amp;quality=85\" width=\"1375\"\/><\/picture><figcaption class=\"article-figcaption-img\">El 70% de las pymes declara persistentes problemas para hallar el talento necesario para cubrir vacantes<\/figcaption><\/div>\n<p class=\"paragraph\">La m\u00e1s reciente edici\u00f3n de la<b> Encuesta de Expectativas Pyme<\/b>, elaborada por el <b>IAE Business School<\/b>, expuso cambios en el clima laboral de las empresas argentinas: <b>casi el 50%<\/b> de las pymes considera <b>reducir personal<\/b> en los pr\u00f3ximos seis meses, una se\u00f1al de creciente cautela ante un entorno marcado por menores perspectivas de crecimiento y serias dificultades en la b\u00fasqueda de empleados calificados. <\/p>\n<p class=\"paragraph\">Esta din\u00e1mica, relevada entre enero y febrero de 2026, configura un escenario de incertidumbre que altera los planes habituales del sector para el resto del a\u00f1o.<\/p>\n<p class=\"paragraph\">El avance de la retracci\u00f3n en el empleo se confirma con cifras incluidas en el tramo final de la medici\u00f3n: <b>el 41,9%<\/b> de las pymes reporta que efectivamente achic\u00f3 su plantilla durante los seis meses previos, el nivel m\u00e1s elevado en la serie hist\u00f3rica del estudio. Esta cifra representa un salto respecto a operaciones anteriores, donde las reducciones de personal ten\u00edan un peso considerablemente menor, de acuerdo con el relevamiento dirigido por el profesor <b>Guillermo Fraile<\/b>.<\/p>\n<p class=\"paragraph\">Al detallar la composici\u00f3n del dato central, el estudio explica que <b>el 31,1%<\/b> de los encuestados respondi\u00f3 que \u201cprobablemente\u201d reducir\u00e1 personal, mientras que <b>el 18,5%<\/b> confirm\u00f3 que ya tom\u00f3 la decisi\u00f3n de hacerlo. Sumados, estos porcentajes conforman la mitad exacta del universo encuestado, lo que da cuenta de la magnitud del fen\u00f3meno. <\/p>\n<p class=\"paragraph\">Fraile remarc\u00f3 que <b>\u201cpor primera vez vemos que una proporci\u00f3n significativa de pymes no solo dej\u00f3 de pensar en crecer, sino que empieza a evaluar reducir su dotaci\u00f3n, lo que refleja un escenario de mayor cautela y menor previsibilidad\u201d<\/b>.<\/p>\n<p class=\"paragraph\">El estudio se\u00f1ala que este cambio en el mercado laboral no responde solo a previsiones, sino que ya se verifica en hechos concretos. La participaci\u00f3n de empresas que experimentaron despidos en el semestre reci\u00e9n cerrado ascendi\u00f3 al 41,9%, dato que marca el punto m\u00e1s alto observado por la encuesta hasta la fecha.<\/p>\n<p class=\"paragraph\">Al mismo tiempo, <b>el 70% de las pymes<\/b> declara persistentes problemas para hallar el talento necesario para cubrir vacantes, un fen\u00f3meno que se mantiene desde a\u00f1os anteriores. Este cuello de botella en la contrataci\u00f3n configura un marco complejo, en el que conviven la dificultad para incorporar empleados y la decisi\u00f3n de recortar plantillas, agravando la restricci\u00f3n en el mercado laboral y forzando a las empresas a extremar la cautela en sus expectativas.<\/p>\n<p class=\"paragraph\">El pesimismo sobre el futuro tambi\u00e9n se afianza entre los empresarios relevados. Seg\u00fan el sondeo, la proporci\u00f3n de directivos que espera una mejora en la situaci\u00f3n econ\u00f3mica de Argentina en el plazo de los pr\u00f3ximos seis meses result\u00f3 dr\u00e1sticamente reducida: de casi el 70% hace un a\u00f1o a poco m\u00e1s del 30% en la actualidad. En contraste, creci\u00f3 la percepci\u00f3n de que el contexto podr\u00eda deteriorarse, acentuando la resistencia a invertir, contratar o iniciar proyectos nuevos.<\/p>\n<p class=\"paragraph\">En t\u00e9rminos de preocupaciones, <b>la presi\u00f3n impositiva<\/b> se consolida como el principal asunto en la agenda pyme, desplazando a la inflaci\u00f3n como eje de alerta. La encuesta revela que <b>casi tres de cada cuatro<\/b> empresarios consultados consideran que una reforma fiscal tendr\u00eda un impacto positivo mayor que una reforma laboral. El dato refleja que, pese a la inestabilidad de otros factores, la carga tributaria es el obst\u00e1culo m\u00e1s persistente a identificar la recuperaci\u00f3n del sector.<\/p>\n<p class=\"paragraph\">Desde el IAE aclararon que \u201chist\u00f3ricamente, el relevamiento se administraba en dos olas de medici\u00f3n (julio y enero), con rotulaci\u00f3n temporal contempor\u00e1nea al per\u00edodo de referencia (\u20191er semestre\u2019 o \u20182\u00ba semestre\u2019), inmediatamente posterior a su cierre\u201d.<\/p>\n<p class=\"paragraph\">\u201cEn la \u00faltima edici\u00f3n, el trabajo de campo se desplaz\u00f3 a febrero\u2013marzo, es decir, fuera del calendario habitual. Sin embargo, se mantuvo la etiqueta \u20182.\u00ba semestre 2025\u2032 en la visualizaci\u00f3n de resultados, con el argumento de preservar la comparabilidad longitudinal&#8221;, agregaron. Los datos se recopilaron en enero y febrero de este a\u00f1o entre 167 pymes familiares del GBA y el interior del pa\u00eds de servicios, comercio e industria.<\/p>\n<p class=\"paragraph\">El descenso del optimismo, el agravamiento de las dificultades para contratar y la intensificaci\u00f3n de los recortes en plantillas convierten al empleo en el principal term\u00f3metro de la actividad y las proyecciones para las empresas argentinas en el corto plazo.<\/p>\n<\/div>\n<p><script defer=\"\">try{!function(f,b,e,v,n,t,s) {if(f.fbq)return;n=f.fbq=function(){n.callMethod? n.callMethod.apply(n,arguments):n.queue.push(arguments)}; if(!f._fbq)f._fbq=n;n.push=n;n.loaded=!0;n.version='2.0'; n.queue=[];t=b.createElement(e);t.async=!0; t.src=v;s=b.getElementsByTagName(e)[0]; s.parentNode.insertBefore(t,s)}(window, document,'script', ' fbq('init', '336383993555320'); fbq('track', 'PageView'); fbq('track', 'ViewContent');}catch(error){console.log(\"Error al inicializar facebookPixelRawCodeScript:\",error);}<\/script><\/p>\n","protected":false},"excerpt":{"rendered":"<p>El 70% de las pymes declara persistentes problemas para hallar el talento necesario para cubrir vacantes La m\u00e1s reciente edici\u00f3n de la Encuesta de Expectativas Pyme, elaborada por el IAE Business School, expuso cambios en el clima laboral de las empresas argentinas: casi el 50% de las pymes considera reducir personal en los pr\u00f3ximos seis [&hellip;]<\/p>\n","protected":false},"author":2,"featured_media":87865,"comment_status":"","ping_status":"","sticky":false,"template":"","format":"standard","meta":{"footnotes":""},"categories":[2],"tags":[],"_links":{"self":[{"href":"https:\/\/maxradio923.com.ar\/index.php\/wp-json\/wp\/v2\/posts\/87864"}],"collection":[{"href":"https:\/\/maxradio923.com.ar\/index.php\/wp-json\/wp\/v2\/posts"}],"about":[{"href":"https:\/\/maxradio923.com.ar\/index.php\/wp-json\/wp\/v2\/types\/post"}],"author":[{"embeddable":true,"href":"https:\/\/maxradio923.com.ar\/index.php\/wp-json\/wp\/v2\/users\/2"}],"replies":[{"embeddable":true,"href":"https:\/\/maxradio923.com.ar\/index.php\/wp-json\/wp\/v2\/comments?post=87864"}],"version-history":[{"count":0,"href":"https:\/\/maxradio923.com.ar\/index.php\/wp-json\/wp\/v2\/posts\/87864\/revisions"}],"wp:featuredmedia":[{"embeddable":true,"href":"https:\/\/maxradio923.com.ar\/index.php\/wp-json\/wp\/v2\/media\/87865"}],"wp:attachment":[{"href":"https:\/\/maxradio923.com.ar\/index.php\/wp-json\/wp\/v2\/media?parent=87864"}],"wp:term":[{"taxonomy":"category","embeddable":true,"href":"https:\/\/maxradio923.com.ar\/index.php\/wp-json\/wp\/v2\/categories?post=87864"},{"taxonomy":"post_tag","embeddable":true,"href":"https:\/\/maxradio923.com.ar\/index.php\/wp-json\/wp\/v2\/tags?post=87864"}],"curies":[{"name":"wp","href":"https:\/\/api.w.org\/{rel}","templated":true}]}}