{"id":87854,"date":"2026-04-28T03:33:02","date_gmt":"2026-04-28T06:33:02","guid":{"rendered":"https:\/\/maxradio923.com.ar\/index.php\/2026\/04\/28\/la-caida-del-consumo-masivo-se-acelero-en-marzo-y-el-primer-trimestre-cerro-en-rojo\/"},"modified":"2026-04-28T03:33:02","modified_gmt":"2026-04-28T06:33:02","slug":"la-caida-del-consumo-masivo-se-acelero-en-marzo-y-el-primer-trimestre-cerro-en-rojo","status":"publish","type":"post","link":"https:\/\/maxradio923.com.ar\/index.php\/2026\/04\/28\/la-caida-del-consumo-masivo-se-acelero-en-marzo-y-el-primer-trimestre-cerro-en-rojo\/","title":{"rendered":"La ca\u00edda del consumo masivo se aceler\u00f3 en marzo y el primer trimestre cerr\u00f3 en rojo"},"content":{"rendered":"<p><\/p>\n<div>\n<div class=\"visual__image image-initial-width\"><picture><source srcset=\"https:\/\/www.infobae.com\/resizer\/v2\/JQ3IXE27CNCHDPLMX7ZAMG6A7E.png?auth=bbc78164bf8d773fc67390a05b92fa9acc3d1f58c714de9a2c348afee00c78d5&amp;smart=true&amp;width=992&amp;height=541&amp;quality=85\" media=\"(min-width: 1000px)\"\/><source srcset=\"https:\/\/www.infobae.com\/resizer\/v2\/JQ3IXE27CNCHDPLMX7ZAMG6A7E.png?auth=bbc78164bf8d773fc67390a05b92fa9acc3d1f58c714de9a2c348afee00c78d5&amp;smart=true&amp;width=768&amp;height=419&amp;quality=85\" media=\"(min-width: 768px)\"\/><source srcset=\"https:\/\/www.infobae.com\/resizer\/v2\/JQ3IXE27CNCHDPLMX7ZAMG6A7E.png?auth=bbc78164bf8d773fc67390a05b92fa9acc3d1f58c714de9a2c348afee00c78d5&amp;smart=true&amp;width=577&amp;height=315&amp;quality=85\" media=\"(min-width: 580px)\"\/><source srcset=\"https:\/\/www.infobae.com\/resizer\/v2\/JQ3IXE27CNCHDPLMX7ZAMG6A7E.png?auth=bbc78164bf8d773fc67390a05b92fa9acc3d1f58c714de9a2c348afee00c78d5&amp;smart=true&amp;width=420&amp;height=229&amp;quality=85\" media=\"(min-width: 350px)\"\/><source srcset=\"https:\/\/www.infobae.com\/resizer\/v2\/JQ3IXE27CNCHDPLMX7ZAMG6A7E.png?auth=bbc78164bf8d773fc67390a05b92fa9acc3d1f58c714de9a2c348afee00c78d5&amp;smart=true&amp;width=350&amp;height=191&amp;quality=85\" media=\"(min-width: 80px)\"\/><img alt=\"Primer plano de una mano tomando una lata roja de refresco de un estante en un supermercado, con otros dulces y snacks visibles.\" class=\"global-image\" decoding=\"async\" fetchpriority=\"high\" height=\"768\" loading=\"eager\" src=\"https:\/\/www.infobae.com\/resizer\/v2\/JQ3IXE27CNCHDPLMX7ZAMG6A7E.png?auth=bbc78164bf8d773fc67390a05b92fa9acc3d1f58c714de9a2c348afee00c78d5&amp;smart=true&amp;width=350&amp;height=191&amp;quality=85\" width=\"1408\"\/><\/picture><figcaption class=\"article-figcaption-img\">El canal tradicional y los autoservicios independientes resistieron mejor la ca\u00edda de ventas, sobre todo en el interior del pa\u00eds (Imagen Ilustrativa Infobae)<\/figcaption><\/div>\n<p class=\"paragraph\">En <b>marzo de 2026<\/b>, el <b>consumo masivo<\/b> en la Argentina profundiz\u00f3 su ca\u00edda interanual, con una baja del <b>5,1%<\/b> frente al mismo mes del a\u00f1o anterior. Adem\u00e1s, ning\u00fan canal \u2014con la excepci\u00f3n del comercio electr\u00f3nico\u2014 logr\u00f3 sostener el ritmo de ventas necesario para revertir la tendencia negativa acumulada durante el primer trimestre, seg\u00fan el informe de la <b>consultora Scentia<\/b>. <\/p>\n<p class=\"paragraph\">Esta nueva contracci\u00f3n implica que el saldo para los primeros tres meses del a\u00f1o cerr\u00f3 con un descenso del <b>3,1%<\/b>, en un contexto en el que la presi\u00f3n inflacionaria -el IPC acumula 9,4% en el primer trimestre-, la fragilidad laboral y el escaso repunte de los ingresos contin\u00faan condicionando la recuperaci\u00f3n del sector.<\/p>\n<p class=\"paragraph\">El reporte de Scentia, que adelant\u00f3 Infobae, precisa que el nivel de consumo se encuentra actualmente en el <b>89% respecto de la base de enero de 2023,<\/b> lo que demuestra no solo la persistencia de la recesi\u00f3n, sino tambi\u00e9n la dificultad para alcanzar registros previos al ajuste macroecon\u00f3mico. El dato adquiere mayor relevancia al considerar que, si bien el consumo mostr\u00f3 una mejora puntual del <b>6,1%<\/b> respecto a febrero de 2026, dicho incremento no compensa el deterioro de largo plazo. Adem\u00e1s, <b>marzo<\/b> suele registrar un aumento en el consumo vinculado al inicio del ciclo lectivo, lo que puede influir en los indicadores mensuales.<\/p>\n<p class=\"paragraph\">Los datos diferenciados por canales de venta exhiben diferencias notables. <b>Supermercados de cadena<\/b>, es el m\u00e1s golpeado. Los grandes centros sufrieron una ca\u00edda interanual del <b>7%<\/b> en marzo y acusan un retroceso del <b>5,4%<\/b> en el acumulado del primer trimestre, seg\u00fan detall\u00f3 Scentia.<\/p>\n<p class=\"paragraph\">Los <b>mayoristas<\/b> registraron un descenso a\u00fan mayor (<b>8,8%<\/b> interanual, <b>4,5%<\/b> en el a\u00f1o), mientras que los <b>autoservicios independientes<\/b> bajaron un <b>5,1%<\/b> en marzo y <b>4,4%<\/b> en el acumulado. Solo <b>e-commerce<\/b> exhibi\u00f3 un desempe\u00f1o opuesto, con un crecimiento del <b>34,3%<\/b> interanual durante el mes y <b>31,3%<\/b> en lo que va del a\u00f1o. <\/p>\n<div class=\"visual__image\"><picture><source srcset=\"https:\/\/www.infobae.com\/resizer\/v2\/6KV25VTEPRBVZJWALTREWBFHEU.png?auth=d5a8eafa55d1e262a42ad9751d262b94c2fa2bc22cb162a14370b5ec2234e689&amp;smart=true&amp;width=992&amp;height=558&amp;quality=85\" media=\"(min-width: 1000px)\"\/><source srcset=\"https:\/\/www.infobae.com\/resizer\/v2\/6KV25VTEPRBVZJWALTREWBFHEU.png?auth=d5a8eafa55d1e262a42ad9751d262b94c2fa2bc22cb162a14370b5ec2234e689&amp;smart=true&amp;width=768&amp;height=432&amp;quality=85\" media=\"(min-width: 768px)\"\/><source srcset=\"https:\/\/www.infobae.com\/resizer\/v2\/6KV25VTEPRBVZJWALTREWBFHEU.png?auth=d5a8eafa55d1e262a42ad9751d262b94c2fa2bc22cb162a14370b5ec2234e689&amp;smart=true&amp;width=577&amp;height=325&amp;quality=85\" media=\"(min-width: 580px)\"\/><source srcset=\"https:\/\/www.infobae.com\/resizer\/v2\/6KV25VTEPRBVZJWALTREWBFHEU.png?auth=d5a8eafa55d1e262a42ad9751d262b94c2fa2bc22cb162a14370b5ec2234e689&amp;smart=true&amp;width=420&amp;height=236&amp;quality=85\" media=\"(min-width: 350px)\"\/><source srcset=\"https:\/\/www.infobae.com\/resizer\/v2\/6KV25VTEPRBVZJWALTREWBFHEU.png?auth=d5a8eafa55d1e262a42ad9751d262b94c2fa2bc22cb162a14370b5ec2234e689&amp;smart=true&amp;width=350&amp;height=197&amp;quality=85\" media=\"(min-width: 80px)\"\/><img alt=\"El evento digital m\u00e1s relevante del pa\u00eds limitar\u00e1 sus campa\u00f1as a mitad y fin de a\u00f1o, con expectativas de incrementar la oferta y mejorar la experiencia de los usuarios en el comercio electr\u00f3nico\" class=\"global-image\" decoding=\"async\" fetchpriority=\"low\" height=\"1080\" loading=\"lazy\" src=\"https:\/\/www.infobae.com\/resizer\/v2\/6KV25VTEPRBVZJWALTREWBFHEU.png?auth=d5a8eafa55d1e262a42ad9751d262b94c2fa2bc22cb162a14370b5ec2234e689&amp;smart=true&amp;width=350&amp;height=197&amp;quality=85\" width=\"1920\"\/><\/picture><figcaption class=\"article-figcaption-img\">El comercio electr\u00f3nico creci\u00f3 m\u00e1s de 30% interanual y fue el \u00fanico segmento con variaci\u00f3n positiva<\/figcaption><\/div>\n<p class=\"paragraph\">Las <b>farmacias<\/b> mostraron una ligera suba de <b>0,9%<\/b> interanual, mientras que kioscos y comercios tradicionales retrocedieron un <b>4,5%<\/b> frente a marzo de 2025.<\/p>\n<p class=\"paragraph\">Este contexto tambi\u00e9n se refleja en la diferenciaci\u00f3n regional: fuentes empresariales consultadas por Infobae indicaron que, mientras las ventas en el interior del pa\u00eds se mantuvieron \u201cplanas\u201d o con incluso alg\u00fan leve avance, las grandes cadenas del AMBA mostraron ca\u00eddas acentuadas, sobre todo en supermercados y mayoristas. La \u201cgeograf\u00eda del dinero est\u00e1 cambiando\u201d, observ\u00f3 el especialista <b>Guillermo Oliveto<\/b> a <b>Infobae<\/b>, quien precis\u00f3 que sectores vinculados al agro, petr\u00f3leo y miner\u00eda dinamizan econom\u00edas provinciales, en contraste con el debilitamiento de actividad en construcci\u00f3n, industria y comercio que afecta particularmente al Gran Buenos Aires.<\/p>\n<p class=\"paragraph\">El an\u00e1lisis desagregado por categor\u00edas expone los rubros m\u00e1s castigados durante marzo: <b>limpieza de ropa y hogar<\/b> acus\u00f3 la baja m\u00e1s pronunciada (<b>12%<\/b> interanual), seguida por <b>perecederos<\/b> (<b>9,7%<\/b>), <b>desayuno y merienda<\/b> (<b>8,2%<\/b>), <b>higiene y cosm\u00e9tica<\/b> (<b>5%<\/b>) y <b>alimentaci\u00f3n<\/b> (<b>4%<\/b>). Solo las <b>bebidas con alcohol<\/b> se mantuvieron en alza (<b>2,6%<\/b>), consolidando una excepci\u00f3n dentro de las canastas de consumo masivo relevadas por Scentia.<\/p>\n<p class=\"paragraph\">En cuanto a los precios, el <b>valor promedio ponderado<\/b> aument\u00f3 un <b>23,1%<\/b> interanual en marzo, lejos del <b>32,6%<\/b> que marc\u00f3 el \u00cdndice de Precios al Consumidor (IPC) para el mismo per\u00edodo. En tanto, la facturaci\u00f3n nominal creci\u00f3 un 20,4%, tambi\u00e9n por debajo de la inflaci\u00f3n acumulada. La aceleraci\u00f3n de precios, con una suba mensual de <b>3,4%<\/b> en marzo y m\u00e1s de seis meses por encima del 2%, aparece como un factor decisivo que limita la capacidad de gasto de los hogares. En este escenario, la mejora relativa de ingresos formales resulta insuficiente para reactivar el consumo.<\/p>\n<p class=\"paragraph\">El informe de Scentia, junto a datos del Indec, contextualiza el comportamiento del consumo: el <b>PIB 2025<\/b> termin\u00f3 con un descenso del <b>3,1%<\/b>, mientras la <b>pobreza<\/b> alcanza al <b>28,2%<\/b> de la poblaci\u00f3n y el <b>desempleo<\/b> \u2014seg\u00fan el \u00faltimo cuarto de 2025\u2014 se posiciona en el <b>7,5%<\/b>. El <b>\u00edndice de producci\u00f3n industrial<\/b> cay\u00f3 <b>8,7%<\/b> en febrero y suma un <b>6%<\/b> de baja en 2026; la <b>construcci\u00f3n<\/b> descendi\u00f3 <b>0,7%<\/b> en el segundo mes del a\u00f1o. Por su parte, el patentamiento de autos nuevos muestra una retracci\u00f3n del <b>19%<\/b> anual. <\/p>\n<div class=\"visual__image\"><picture><source srcset=\"https:\/\/www.infobae.com\/resizer\/v2\/WNIJM7CHHBHXZC2LULX3ETTA6I.png?auth=18c856f3be9d4e2f1b3e7a421f7065ec8ccc4979419a6e55e50697b4a0b9a260&amp;smart=true&amp;width=992&amp;height=541&amp;quality=85\" media=\"(min-width: 1000px)\"\/><source srcset=\"https:\/\/www.infobae.com\/resizer\/v2\/WNIJM7CHHBHXZC2LULX3ETTA6I.png?auth=18c856f3be9d4e2f1b3e7a421f7065ec8ccc4979419a6e55e50697b4a0b9a260&amp;smart=true&amp;width=768&amp;height=419&amp;quality=85\" media=\"(min-width: 768px)\"\/><source srcset=\"https:\/\/www.infobae.com\/resizer\/v2\/WNIJM7CHHBHXZC2LULX3ETTA6I.png?auth=18c856f3be9d4e2f1b3e7a421f7065ec8ccc4979419a6e55e50697b4a0b9a260&amp;smart=true&amp;width=577&amp;height=315&amp;quality=85\" media=\"(min-width: 580px)\"\/><source srcset=\"https:\/\/www.infobae.com\/resizer\/v2\/WNIJM7CHHBHXZC2LULX3ETTA6I.png?auth=18c856f3be9d4e2f1b3e7a421f7065ec8ccc4979419a6e55e50697b4a0b9a260&amp;smart=true&amp;width=420&amp;height=229&amp;quality=85\" media=\"(min-width: 350px)\"\/><source srcset=\"https:\/\/www.infobae.com\/resizer\/v2\/WNIJM7CHHBHXZC2LULX3ETTA6I.png?auth=18c856f3be9d4e2f1b3e7a421f7065ec8ccc4979419a6e55e50697b4a0b9a260&amp;smart=true&amp;width=350&amp;height=191&amp;quality=85\" media=\"(min-width: 80px)\"\/><img alt=\"Pasillo largo de supermercado con estantes llenos de botellas y latas de bebidas alcoh\u00f3licas, bajo luces fluorescentes, con algunos clientes al fondo.\" class=\"global-image\" decoding=\"async\" fetchpriority=\"low\" height=\"768\" loading=\"lazy\" src=\"https:\/\/www.infobae.com\/resizer\/v2\/WNIJM7CHHBHXZC2LULX3ETTA6I.png?auth=18c856f3be9d4e2f1b3e7a421f7065ec8ccc4979419a6e55e50697b4a0b9a260&amp;smart=true&amp;width=350&amp;height=191&amp;quality=85\" width=\"1408\"\/><\/picture><figcaption class=\"article-figcaption-img\">Los rubros m\u00e1s afectados fueron limpieza, perecederos y desayuno, mientras que solo las bebidas alcoh\u00f3licas mostraron subas<br \/>\n(Imagen Ilustrativa Infobae)<\/figcaption><\/div>\n<p class=\"paragraph\">En contraste, el comercio exterior presenta una moderada recuperaci\u00f3n en exportaciones (<b>9,6%<\/b> en el acumulado de 2026), en tanto las importaciones cedieron un <b>11,9 por ciento<\/b>.<\/p>\n<p class=\"paragraph\">El comportamiento por canales tambi\u00e9n evidencia que, pese a la baja generalizada, los comercios tradicionales y autoservicios logran resistir mejor el embate, especialmente en el interior, mientras que las sucursales del AMBA exhiben mayor vulnerabilidad. \u201cNos va mejor en los autoservicios\u201d, declar\u00f3 una fuente de una alimenticia l\u00edder a Infobae, contrastando con ca\u00eddas del <b>4% al 6%<\/b> en supermercados y mayoristas y una leve mejora en el interior. En el sector l\u00e1cteo, la performance del primer trimestre se mantuvo estable en volumen frente a 2025, con diferencias seg\u00fan tipo de canal y regi\u00f3n.<\/p>\n<\/div>\n<p><script defer=\"\">try{!function(f,b,e,v,n,t,s) {if(f.fbq)return;n=f.fbq=function(){n.callMethod? n.callMethod.apply(n,arguments):n.queue.push(arguments)}; if(!f._fbq)f._fbq=n;n.push=n;n.loaded=!0;n.version='2.0'; n.queue=[];t=b.createElement(e);t.async=!0; t.src=v;s=b.getElementsByTagName(e)[0]; s.parentNode.insertBefore(t,s)}(window, document,'script', ' fbq('init', '336383993555320'); fbq('track', 'PageView'); fbq('track', 'ViewContent');}catch(error){console.log(\"Error al inicializar facebookPixelRawCodeScript:\",error);}<\/script><\/p>\n","protected":false},"excerpt":{"rendered":"<p>El canal tradicional y los autoservicios independientes resistieron mejor la ca\u00edda de ventas, sobre todo en el interior del pa\u00eds (Imagen Ilustrativa Infobae) En marzo de 2026, el consumo masivo en la Argentina profundiz\u00f3 su ca\u00edda interanual, con una baja del 5,1% frente al mismo mes del a\u00f1o anterior. Adem\u00e1s, ning\u00fan canal \u2014con la excepci\u00f3n [&hellip;]<\/p>\n","protected":false},"author":2,"featured_media":87855,"comment_status":"","ping_status":"","sticky":false,"template":"","format":"standard","meta":{"footnotes":""},"categories":[2],"tags":[],"_links":{"self":[{"href":"https:\/\/maxradio923.com.ar\/index.php\/wp-json\/wp\/v2\/posts\/87854"}],"collection":[{"href":"https:\/\/maxradio923.com.ar\/index.php\/wp-json\/wp\/v2\/posts"}],"about":[{"href":"https:\/\/maxradio923.com.ar\/index.php\/wp-json\/wp\/v2\/types\/post"}],"author":[{"embeddable":true,"href":"https:\/\/maxradio923.com.ar\/index.php\/wp-json\/wp\/v2\/users\/2"}],"replies":[{"embeddable":true,"href":"https:\/\/maxradio923.com.ar\/index.php\/wp-json\/wp\/v2\/comments?post=87854"}],"version-history":[{"count":0,"href":"https:\/\/maxradio923.com.ar\/index.php\/wp-json\/wp\/v2\/posts\/87854\/revisions"}],"wp:featuredmedia":[{"embeddable":true,"href":"https:\/\/maxradio923.com.ar\/index.php\/wp-json\/wp\/v2\/media\/87855"}],"wp:attachment":[{"href":"https:\/\/maxradio923.com.ar\/index.php\/wp-json\/wp\/v2\/media?parent=87854"}],"wp:term":[{"taxonomy":"category","embeddable":true,"href":"https:\/\/maxradio923.com.ar\/index.php\/wp-json\/wp\/v2\/categories?post=87854"},{"taxonomy":"post_tag","embeddable":true,"href":"https:\/\/maxradio923.com.ar\/index.php\/wp-json\/wp\/v2\/tags?post=87854"}],"curies":[{"name":"wp","href":"https:\/\/api.w.org\/{rel}","templated":true}]}}