{"id":87852,"date":"2026-04-28T03:10:06","date_gmt":"2026-04-28T06:10:06","guid":{"rendered":"https:\/\/maxradio923.com.ar\/index.php\/2026\/04\/28\/la-caida-de-un-indice-clave-sobre-la-confianza-en-el-gobierno-representa-un-dato-preocupante-para-los-mercados\/"},"modified":"2026-04-28T03:10:06","modified_gmt":"2026-04-28T06:10:06","slug":"la-caida-de-un-indice-clave-sobre-la-confianza-en-el-gobierno-representa-un-dato-preocupante-para-los-mercados","status":"publish","type":"post","link":"https:\/\/maxradio923.com.ar\/index.php\/2026\/04\/28\/la-caida-de-un-indice-clave-sobre-la-confianza-en-el-gobierno-representa-un-dato-preocupante-para-los-mercados\/","title":{"rendered":"La ca\u00edda de un \u00edndice clave sobre la confianza en el Gobierno representa un dato preocupante para los mercados"},"content":{"rendered":"<p><\/p>\n<div>\n<div class=\"visual__image image-initial-width\"><picture><source srcset=\"https:\/\/www.infobae.com\/resizer\/v2\/AXCYWBMR5HGSZ4KLFH6D2O7B7Y.jpg?auth=4daf9cf588877e1354eda2933b9166099a2566f3f5338aefd2a6411cbeef65ef&amp;smart=true&amp;width=992&amp;height=661&amp;quality=85\" media=\"(min-width: 1000px)\"\/><source srcset=\"https:\/\/www.infobae.com\/resizer\/v2\/AXCYWBMR5HGSZ4KLFH6D2O7B7Y.jpg?auth=4daf9cf588877e1354eda2933b9166099a2566f3f5338aefd2a6411cbeef65ef&amp;smart=true&amp;width=768&amp;height=512&amp;quality=85\" media=\"(min-width: 768px)\"\/><source srcset=\"https:\/\/www.infobae.com\/resizer\/v2\/AXCYWBMR5HGSZ4KLFH6D2O7B7Y.jpg?auth=4daf9cf588877e1354eda2933b9166099a2566f3f5338aefd2a6411cbeef65ef&amp;smart=true&amp;width=577&amp;height=385&amp;quality=85\" media=\"(min-width: 580px)\"\/><source srcset=\"https:\/\/www.infobae.com\/resizer\/v2\/AXCYWBMR5HGSZ4KLFH6D2O7B7Y.jpg?auth=4daf9cf588877e1354eda2933b9166099a2566f3f5338aefd2a6411cbeef65ef&amp;smart=true&amp;width=420&amp;height=280&amp;quality=85\" media=\"(min-width: 350px)\"\/><source srcset=\"https:\/\/www.infobae.com\/resizer\/v2\/AXCYWBMR5HGSZ4KLFH6D2O7B7Y.jpg?auth=4daf9cf588877e1354eda2933b9166099a2566f3f5338aefd2a6411cbeef65ef&amp;smart=true&amp;width=350&amp;height=233&amp;quality=85\" media=\"(min-width: 80px)\"\/><img alt=\"La ca\u00edda de la confianza en la administraci\u00f3n libertaria representa un dato preocupante para los mercados. (AP Foto\/Matilde Campod\u00f3nico, Archivo)\" class=\"global-image\" decoding=\"async\" fetchpriority=\"high\" height=\"2571\" loading=\"eager\" src=\"https:\/\/www.infobae.com\/resizer\/v2\/AXCYWBMR5HGSZ4KLFH6D2O7B7Y.jpg?auth=4daf9cf588877e1354eda2933b9166099a2566f3f5338aefd2a6411cbeef65ef&amp;smart=true&amp;width=350&amp;height=233&amp;quality=85\" width=\"3857\"\/><\/picture><figcaption class=\"article-figcaption-img\">La ca\u00edda de la confianza en la administraci\u00f3n libertaria representa un dato preocupante para los mercados. (AP Foto\/Matilde Campod\u00f3nico, Archivo)<\/figcaption><\/div>\n<p class=\"paragraph\">Uno de los indicadores locales m\u00e1s seguidos por los inversores sufri\u00f3 una <b>fuerte ca\u00edda en marzo<\/b>. El <b>\u00cdndice de Confianza en el Gobierno<\/b> <b>disminuy\u00f3 12% en marzo <\/b>y toc\u00f3 su menor nivel en lo que va del gobierno de Javier Milei.<\/p>\n<p class=\"paragraph\">\u00bfPor qu\u00e9 se trata de un dato preocupante para el mercado? B\u00e1sicamente porque este \u00edndice que elabora la <b>Universidad Di Tella<\/b>, junto con la consultora Poliarqu\u00eda, es un buen predictor de lo que ocurre con el resultado de las elecciones.<\/p>\n<p class=\"paragraph\">En abril, el ICG fue de 2,02 puntos, lo que implica una ca\u00edda de 12,1% respecto del mes anterior. En t\u00e9rminos interanuales, <b>el \u00edndice disminuy\u00f3 13,2 por ciento<\/b>.<\/p>\n<p class=\"paragraph\">Por supuesto que resulta muy prematuro sacar conclusiones, pero el \u00edndice es observado como un dato importante para entender la perspectiva de la gente respecto a la actualidad del gobierno.<\/p>\n<div class=\"visual__image\"><picture><source srcset=\"https:\/\/www.infobae.com\/resizer\/v2\/QZHBBK5FNJGBLO6COZRUL2LRLU.jpg?auth=c581b6d19b35b52284d7e45e0461ee158783aa57ae66d19d5f938386d23f496d&amp;smart=true&amp;width=992&amp;height=716&amp;quality=85\" media=\"(min-width: 1000px)\"\/><source srcset=\"https:\/\/www.infobae.com\/resizer\/v2\/QZHBBK5FNJGBLO6COZRUL2LRLU.jpg?auth=c581b6d19b35b52284d7e45e0461ee158783aa57ae66d19d5f938386d23f496d&amp;smart=true&amp;width=768&amp;height=555&amp;quality=85\" media=\"(min-width: 768px)\"\/><source srcset=\"https:\/\/www.infobae.com\/resizer\/v2\/QZHBBK5FNJGBLO6COZRUL2LRLU.jpg?auth=c581b6d19b35b52284d7e45e0461ee158783aa57ae66d19d5f938386d23f496d&amp;smart=true&amp;width=577&amp;height=417&amp;quality=85\" media=\"(min-width: 580px)\"\/><source srcset=\"https:\/\/www.infobae.com\/resizer\/v2\/QZHBBK5FNJGBLO6COZRUL2LRLU.jpg?auth=c581b6d19b35b52284d7e45e0461ee158783aa57ae66d19d5f938386d23f496d&amp;smart=true&amp;width=420&amp;height=303&amp;quality=85\" media=\"(min-width: 350px)\"\/><source srcset=\"https:\/\/www.infobae.com\/resizer\/v2\/QZHBBK5FNJGBLO6COZRUL2LRLU.jpg?auth=c581b6d19b35b52284d7e45e0461ee158783aa57ae66d19d5f938386d23f496d&amp;smart=true&amp;width=350&amp;height=253&amp;quality=85\" media=\"(min-width: 80px)\"\/><img alt=\"\u00edndice de confianza en el gobierno\" class=\"global-image\" decoding=\"async\" fetchpriority=\"low\" height=\"1219\" loading=\"lazy\" src=\"https:\/\/www.infobae.com\/resizer\/v2\/QZHBBK5FNJGBLO6COZRUL2LRLU.jpg?auth=c581b6d19b35b52284d7e45e0461ee158783aa57ae66d19d5f938386d23f496d&amp;smart=true&amp;width=350&amp;height=253&amp;quality=85\" width=\"1688\"\/><\/picture><figcaption class=\"article-figcaption-img\">El \u00cdndice de Confianza en el Gobierno experiment\u00f3 una fuerte ca\u00edda en abril de 2026. (Fuente: Universidad Di Tella)<\/figcaption><\/div>\n<p class=\"paragraph\">Aunque no est\u00e1 discriminado, no hay muchas dudas sobre el motivo de la ca\u00edda bastante abrupta sufrida por el ICG. La nueva suba de la<b> inflaci\u00f3n en marzo hasta 3,4%<\/b>, el esc\u00e1ndalo que sacudi\u00f3 al jefe de Gabinete, <b>Manuel Adorni<\/b>, y la ca\u00edda del nivel de ingresos son tres aspectos que deben haber jugado en contra para semejante merma.<\/p>\n<p class=\"paragraph\">En lo que va de 2026, el indicador acumula <b>cuatro ca\u00eddas consecutivas<\/b>, seg\u00fan explic\u00f3 el informe de prensa de la UTDT: <b>enero (-2,8%), febrero (-0,6%), marzo (-3,5%) y abril (-12,1%)<\/b>, siendo esta \u00faltima la m\u00e1s pronunciada. \u201cLa contracci\u00f3n acumulada desde el fin del a\u00f1o pasado es de 17,9 por ciento. En este contexto, el promedio de la gesti\u00f3n Milei desciende a 2,42 puntos, su registro m\u00e1s bajo\u201d, reza el documento.<\/p>\n<p class=\"paragraph\">Comparado con el mismo punto de las dos gestiones anteriores, el nivel de abril se encuentra por encima del valor observado en la gesti\u00f3n de <b>Alberto Fern\u00e1ndez (41% por encima)<\/b>, pero es algo inferior al de la gesti\u00f3n de <b>Mauricio Macri (-2,1%)<\/b>.<\/p>\n<p class=\"paragraph\">A pesar de estas ca\u00eddas, el nivel actual del \u00edndice en relaci\u00f3n al Gobierno sigue relativamente alto en comparaci\u00f3n con administraciones anteriores. El promedio de 2,42 puntos actual de Milei se compara con 1,69 puntos de todo el gobierno de Fern\u00e1ndez o 2,27 de Macri. Incluso Cristina Kirchner en sus dos mandatos promedi\u00f3 menos de 2 puntos, o sea por debajo del nivel actual de Milei.<\/p>\n<p class=\"paragraph\">\u201cGeogr\u00e1ficamente, el interior mantiene el nivel m\u00e1s elevado de Confianza en el Gobierno. Sin embargo, todas las regiones presentaron una ca\u00edda significativa respecto del mes de marzo\u201d, agreg\u00f3 el reporte de Di Tella. <\/p>\n<p class=\"paragraph\">Cuando el ICG es alto, suele reflejar optimismo econ\u00f3mico y aprobaci\u00f3n del gobierno, lo que tiende a favorecer al oficialismo. <b>Cuando cae, indica malestar o desconfianza<\/b>, lo que puede traducirse en voto de castigo. Por eso, ahora la expectativa pasa por ver un repunte de la econom\u00eda, lo que ser\u00eda de mucha ayuda para que estos \u00edndices tambi\u00e9n muestren una mejora. Pero nada que vaya a producirse de la noche a la ma\u00f1ana.<\/p>\n<p class=\"paragraph\">No hay, sin embargo,<b> <\/b>causalidad directa: el ICG no \u201ccausa\u201d el resultado electoral, <b>solo refleja un clima de opini\u00f3n<\/b>. Adem\u00e1s puede cambiar r\u00e1pido: eventos de \u00faltima hora (esc\u00e1ndalos, crisis, debates) pueden alterar el voto sin que el \u00edndice lo capture a tiempo. <\/p>\n<p class=\"paragraph\">Los activos financieros tampoco tuvieron ayer un buen comportamiento. En una jornada m\u00e1s bien floja para Wall Street, <b>los bonos en d\u00f3lares cayeron casi 1%<\/b> a lo largo de toda la curva. Como consecuencia, el <b>riesgo pa\u00eds<\/b><b> repunt\u00f3 a 582 puntos b\u00e1sicos<\/b>.<\/p>\n<p class=\"paragraph\">La deuda en d\u00f3lares ven\u00eda recuper\u00e1ndose en las \u00faltimas jornadas, especialmente luego del anuncio de una garant\u00eda del Banco Mundial para actuar como garant\u00eda de emisiones en el mercado internacional, posiblemente directo entre entidades financieras. Sin embargo volvi\u00f3 a caer y el <b>riesgo pa\u00eds amenaza con volver a niveles de 600 puntos<\/b>.<\/p>\n<\/div>\n<p><script defer=\"\">try{!function(f,b,e,v,n,t,s) {if(f.fbq)return;n=f.fbq=function(){n.callMethod? n.callMethod.apply(n,arguments):n.queue.push(arguments)}; if(!f._fbq)f._fbq=n;n.push=n;n.loaded=!0;n.version='2.0'; n.queue=[];t=b.createElement(e);t.async=!0; t.src=v;s=b.getElementsByTagName(e)[0]; s.parentNode.insertBefore(t,s)}(window, document,'script', ' fbq('init', '336383993555320'); fbq('track', 'PageView'); fbq('track', 'ViewContent');}catch(error){console.log(\"Error al inicializar facebookPixelRawCodeScript:\",error);}<\/script><\/p>\n","protected":false},"excerpt":{"rendered":"<p>La ca\u00edda de la confianza en la administraci\u00f3n libertaria representa un dato preocupante para los mercados. (AP Foto\/Matilde Campod\u00f3nico, Archivo) Uno de los indicadores locales m\u00e1s seguidos por los inversores sufri\u00f3 una fuerte ca\u00edda en marzo. El \u00cdndice de Confianza en el Gobierno disminuy\u00f3 12% en marzo y toc\u00f3 su menor nivel en lo que [&hellip;]<\/p>\n","protected":false},"author":2,"featured_media":87853,"comment_status":"","ping_status":"","sticky":false,"template":"","format":"standard","meta":{"footnotes":""},"categories":[2],"tags":[],"_links":{"self":[{"href":"https:\/\/maxradio923.com.ar\/index.php\/wp-json\/wp\/v2\/posts\/87852"}],"collection":[{"href":"https:\/\/maxradio923.com.ar\/index.php\/wp-json\/wp\/v2\/posts"}],"about":[{"href":"https:\/\/maxradio923.com.ar\/index.php\/wp-json\/wp\/v2\/types\/post"}],"author":[{"embeddable":true,"href":"https:\/\/maxradio923.com.ar\/index.php\/wp-json\/wp\/v2\/users\/2"}],"replies":[{"embeddable":true,"href":"https:\/\/maxradio923.com.ar\/index.php\/wp-json\/wp\/v2\/comments?post=87852"}],"version-history":[{"count":0,"href":"https:\/\/maxradio923.com.ar\/index.php\/wp-json\/wp\/v2\/posts\/87852\/revisions"}],"wp:featuredmedia":[{"embeddable":true,"href":"https:\/\/maxradio923.com.ar\/index.php\/wp-json\/wp\/v2\/media\/87853"}],"wp:attachment":[{"href":"https:\/\/maxradio923.com.ar\/index.php\/wp-json\/wp\/v2\/media?parent=87852"}],"wp:term":[{"taxonomy":"category","embeddable":true,"href":"https:\/\/maxradio923.com.ar\/index.php\/wp-json\/wp\/v2\/categories?post=87852"},{"taxonomy":"post_tag","embeddable":true,"href":"https:\/\/maxradio923.com.ar\/index.php\/wp-json\/wp\/v2\/tags?post=87852"}],"curies":[{"name":"wp","href":"https:\/\/api.w.org\/{rel}","templated":true}]}}