{"id":87850,"date":"2026-04-27T23:34:03","date_gmt":"2026-04-28T02:34:03","guid":{"rendered":"https:\/\/maxradio923.com.ar\/index.php\/2026\/04\/27\/milei-volvio-a-apuntar-contra-rocca-y-madanes-quintanilla-por-que-deberia-beneficiar-a-corruptos-ineficientes\/"},"modified":"2026-04-27T23:34:03","modified_gmt":"2026-04-28T02:34:03","slug":"milei-volvio-a-apuntar-contra-rocca-y-madanes-quintanilla-por-que-deberia-beneficiar-a-corruptos-ineficientes","status":"publish","type":"post","link":"https:\/\/maxradio923.com.ar\/index.php\/2026\/04\/27\/milei-volvio-a-apuntar-contra-rocca-y-madanes-quintanilla-por-que-deberia-beneficiar-a-corruptos-ineficientes\/","title":{"rendered":"Milei volvi\u00f3 a apuntar contra Rocca y Madanes Quintanilla: \u201c\u00bfPor qu\u00e9 deber\u00eda beneficiar a corruptos ineficientes?&#8221;"},"content":{"rendered":"<p><\/p>\n<div>\n<div class=\"visual__image image-initial-width\"><picture><source srcset=\"https:\/\/www.infobae.com\/resizer\/v2\/ZSI5RY74ONHURCL7UEYNXQBOEM.jpg?auth=3a602fa502978e3b0f2734271eefe4fa29d6ed67ee2490291b62d9d58bb56427&amp;smart=true&amp;width=992&amp;height=558&amp;quality=85\" media=\"(min-width: 1000px)\"\/><source srcset=\"https:\/\/www.infobae.com\/resizer\/v2\/ZSI5RY74ONHURCL7UEYNXQBOEM.jpg?auth=3a602fa502978e3b0f2734271eefe4fa29d6ed67ee2490291b62d9d58bb56427&amp;smart=true&amp;width=768&amp;height=432&amp;quality=85\" media=\"(min-width: 768px)\"\/><source srcset=\"https:\/\/www.infobae.com\/resizer\/v2\/ZSI5RY74ONHURCL7UEYNXQBOEM.jpg?auth=3a602fa502978e3b0f2734271eefe4fa29d6ed67ee2490291b62d9d58bb56427&amp;smart=true&amp;width=577&amp;height=325&amp;quality=85\" media=\"(min-width: 580px)\"\/><source srcset=\"https:\/\/www.infobae.com\/resizer\/v2\/ZSI5RY74ONHURCL7UEYNXQBOEM.jpg?auth=3a602fa502978e3b0f2734271eefe4fa29d6ed67ee2490291b62d9d58bb56427&amp;smart=true&amp;width=420&amp;height=236&amp;quality=85\" media=\"(min-width: 350px)\"\/><source srcset=\"https:\/\/www.infobae.com\/resizer\/v2\/ZSI5RY74ONHURCL7UEYNXQBOEM.jpg?auth=3a602fa502978e3b0f2734271eefe4fa29d6ed67ee2490291b62d9d58bb56427&amp;smart=true&amp;width=350&amp;height=197&amp;quality=85\" media=\"(min-width: 80px)\"\/><img alt=\"Cena Fundacion Libertad 2026 - Javier Milei\" class=\"global-image\" decoding=\"async\" fetchpriority=\"high\" height=\"1080\" loading=\"eager\" src=\"https:\/\/www.infobae.com\/resizer\/v2\/ZSI5RY74ONHURCL7UEYNXQBOEM.jpg?auth=3a602fa502978e3b0f2734271eefe4fa29d6ed67ee2490291b62d9d58bb56427&amp;smart=true&amp;width=350&amp;height=197&amp;quality=85\" width=\"1920\"\/><\/picture><figcaption class=\"article-figcaption-img\">Prensa Fundaci\u00f3n Libertad<\/figcaption><\/div>\n<p class=\"paragraph\">El presidente, <b>Javier Milei<\/b>, lanz\u00f3 <b>nuevos cuestionamientos p\u00fablicos contra empresarios del sector industrial<\/b>, sin mencionarlos directamente, aludiendo a <b>Javier Madanes Quintanilla<\/b> y <b>Paolo Rocca<\/b>. Durante su intervenci\u00f3n en un evento organizado por Fundaci\u00f3n Libertad, el Ejecutivo defendi\u00f3 el enfoque de su gobierno en la desregulaci\u00f3n econ\u00f3mica y critic\u00f3 lo que defini\u00f3 como privilegios empresariales obtenidos a trav\u00e9s de la intervenci\u00f3n estatal.<\/p>\n<p class=\"paragraph\">Al referirse a la apreciaci\u00f3n cambiaria que tuvo lugar en los \u00faltimos meses debido a un incremento de la oferta de d\u00f3lares, lo que genera cr\u00edticas en distintos sectores por la competitividad argentina, Milei se pregunt\u00f3: \u201c<b>\u00bfQu\u00e9 es lo que est\u00e1n pretendiendo hacer? Nosotros somos liberales y no decidimos a dedo qu\u00e9 sector gana y qu\u00e9 sector pierde. No elegimos ganadores. Nos dedicamos a nivelar la cancha y a correr del medio al mega par\u00e1sito de la econom\u00eda que es el Estado\u201d<\/b>. <\/p>\n<p class=\"paragraph\">El jefe de Estado subray\u00f3 que bajo su administraci\u00f3n se quitaron m\u00e1s de 15.000 regulaciones y el pa\u00eds subi\u00f3 m\u00e1s de 40 puestos en los rankings de libertad econ\u00f3mica, atribuyendo este avance a la gesti\u00f3n del ministro de Desregulaci\u00f3n, <b>Federico Sturzenegger<\/b>.<\/p>\n<p class=\"paragraph\">En otro pasaje de su intervenci\u00f3n, Milei cuestion\u00f3 los efectos de las pol\u00edticas que, seg\u00fan \u00e9l, benefician a pocos en detrimento de la mayor\u00eda: <b>\u201c\u00bfPor qu\u00e9 yo deber\u00eda beneficiar a tres corruptos ineficientes en contra de 48 millones de argentinos?\u201c. <\/b><\/p>\n<div class=\"visual__image\"><picture><source srcset=\"https:\/\/www.infobae.com\/resizer\/v2\/KBCNEUJVCBEHBAWA55IVPSIMHQ.jpg?auth=c159ea68ddf64e66640ea5a2b019fe0b7ce884c83f0406b4b5a237a5ff26f987&amp;smart=true&amp;width=992&amp;height=661&amp;quality=85\" media=\"(min-width: 1000px)\"\/><source srcset=\"https:\/\/www.infobae.com\/resizer\/v2\/KBCNEUJVCBEHBAWA55IVPSIMHQ.jpg?auth=c159ea68ddf64e66640ea5a2b019fe0b7ce884c83f0406b4b5a237a5ff26f987&amp;smart=true&amp;width=768&amp;height=512&amp;quality=85\" media=\"(min-width: 768px)\"\/><source srcset=\"https:\/\/www.infobae.com\/resizer\/v2\/KBCNEUJVCBEHBAWA55IVPSIMHQ.jpg?auth=c159ea68ddf64e66640ea5a2b019fe0b7ce884c83f0406b4b5a237a5ff26f987&amp;smart=true&amp;width=577&amp;height=385&amp;quality=85\" media=\"(min-width: 580px)\"\/><source srcset=\"https:\/\/www.infobae.com\/resizer\/v2\/KBCNEUJVCBEHBAWA55IVPSIMHQ.jpg?auth=c159ea68ddf64e66640ea5a2b019fe0b7ce884c83f0406b4b5a237a5ff26f987&amp;smart=true&amp;width=420&amp;height=280&amp;quality=85\" media=\"(min-width: 350px)\"\/><source srcset=\"https:\/\/www.infobae.com\/resizer\/v2\/KBCNEUJVCBEHBAWA55IVPSIMHQ.jpg?auth=c159ea68ddf64e66640ea5a2b019fe0b7ce884c83f0406b4b5a237a5ff26f987&amp;smart=true&amp;width=350&amp;height=233&amp;quality=85\" media=\"(min-width: 80px)\"\/><img alt=\"Paolo Rocca IAEF 2025\" class=\"global-image\" decoding=\"async\" fetchpriority=\"low\" height=\"1280\" loading=\"lazy\" src=\"https:\/\/www.infobae.com\/resizer\/v2\/KBCNEUJVCBEHBAWA55IVPSIMHQ.jpg?auth=c159ea68ddf64e66640ea5a2b019fe0b7ce884c83f0406b4b5a237a5ff26f987&amp;smart=true&amp;width=350&amp;height=233&amp;quality=85\" width=\"1920\"\/><\/picture><figcaption class=\"article-figcaption-img\">Paolo Rocca fue uno de los empresarios cuestionados por Javier Milei.<\/figcaption><\/div>\n<p class=\"paragraph\"><b>\u201c\u00bfO acaso es justo pagar los neum\u00e1ticos cuatro veces m\u00e1s caros? \u00bfO acaso es justo pagar los tubos de acero tres veces m\u00e1s caros? Me parece que no. Y que lo paguemos todos los nabos como nosotros con gas m\u00e1s caro porque el tubo es m\u00e1s caro y el precio del transporte se traslada directo\u201d<\/b>, continu\u00f3, en una alusi\u00f3n a Javier Madanes Quintanilla, due\u00f1o de Fate, y Paolo Rocca, CEO de Techint.<\/p>\n<p class=\"paragraph\">\u201cMe est\u00e1n proponiendo que yo tuerza la voluntad del mercado modificando los precios. O que si alguien gan\u00f3 y alguien perdi\u00f3, hay que compensar al que perdi\u00f3. Eso es una aberraci\u00f3n porque implica que quieren omitir el efecto de reasignaci\u00f3n de cambio de precios relativos. Por lo tanto, el sector que se tiene que expandir, no se expande; y el sector que se tiene que contraer, se queda parasitando\u201d, juzg\u00f3 el mandatario.<\/p>\n<p class=\"paragraph\">\u201cS\u00e1lvador Di Stefano dijo \u2018vieron que ahora todo el mundo come huevos\u2019. La pregunta es \u00bfa los huevos le ponen mermelada en la tostada? No. \u00bfEst\u00e1n mandando a la quiebra a los productores de mermelada? \u00bfPor qu\u00e9 si le pasa al productor de mermelada nadie se queja pero si le pasa a <b>Don Chatarr\u00edn <\/b>todo el mundo pone el grito en el cielo? \u00bfPorque tiene m\u00e1s poder?\u201c, sum\u00f3 hacia el final.<\/p>\n<p class=\"paragraph\">En la Casa Rosada, la tensi\u00f3n con <b>Madanes Quintanilla <\/b>comenz\u00f3 por el momento elegido para comunicar el <b>cierre de Fate<\/b>, la tradicional f\u00e1brica de neum\u00e1ticos argentina cuyo propietario es referente del sector industrial y tambi\u00e9n titular de Aluar, la mayor productora de aluminio primario en el pa\u00eds. <\/p>\n<div class=\"visual__image\"><picture><source srcset=\"https:\/\/www.infobae.com\/resizer\/v2\/KFU476D565HMFM2OZPWXX765YM.jpg?auth=656f94b1cada11f385b0fd7c9efd23a424e249b736e4519dcf2b8d5a0532894f&amp;smart=true&amp;width=992&amp;height=558&amp;quality=85\" media=\"(min-width: 1000px)\"\/><source srcset=\"https:\/\/www.infobae.com\/resizer\/v2\/KFU476D565HMFM2OZPWXX765YM.jpg?auth=656f94b1cada11f385b0fd7c9efd23a424e249b736e4519dcf2b8d5a0532894f&amp;smart=true&amp;width=768&amp;height=432&amp;quality=85\" media=\"(min-width: 768px)\"\/><source srcset=\"https:\/\/www.infobae.com\/resizer\/v2\/KFU476D565HMFM2OZPWXX765YM.jpg?auth=656f94b1cada11f385b0fd7c9efd23a424e249b736e4519dcf2b8d5a0532894f&amp;smart=true&amp;width=577&amp;height=325&amp;quality=85\" media=\"(min-width: 580px)\"\/><source srcset=\"https:\/\/www.infobae.com\/resizer\/v2\/KFU476D565HMFM2OZPWXX765YM.jpg?auth=656f94b1cada11f385b0fd7c9efd23a424e249b736e4519dcf2b8d5a0532894f&amp;smart=true&amp;width=420&amp;height=236&amp;quality=85\" media=\"(min-width: 350px)\"\/><source srcset=\"https:\/\/www.infobae.com\/resizer\/v2\/KFU476D565HMFM2OZPWXX765YM.jpg?auth=656f94b1cada11f385b0fd7c9efd23a424e249b736e4519dcf2b8d5a0532894f&amp;smart=true&amp;width=350&amp;height=197&amp;quality=85\" media=\"(min-width: 80px)\"\/><img alt=\"Javier madanes\" class=\"global-image\" decoding=\"async\" fetchpriority=\"low\" height=\"1080\" loading=\"lazy\" src=\"https:\/\/www.infobae.com\/resizer\/v2\/KFU476D565HMFM2OZPWXX765YM.jpg?auth=656f94b1cada11f385b0fd7c9efd23a424e249b736e4519dcf2b8d5a0532894f&amp;smart=true&amp;width=350&amp;height=197&amp;quality=85\" width=\"1920\"\/><\/picture><figcaption class=\"article-figcaption-img\">Javier Milei tambi\u00e9n apunt\u00f3 contra Javier Madanes Quintanilla, due\u00f1o de Aluar y Fate. REUTERS\/Enrique Marcarian <\/figcaption><\/div>\n<p class=\"paragraph\">A mediados de febrero, la <b>firma comunic\u00f3 el cese definitivo de sus operaciones como fabricante de neum\u00e1ticos<\/b>. Con m\u00e1s de ochenta a\u00f1os de historia, desvincul\u00f3 a sus <b>920 trabajadores<\/b> y procedi\u00f3 al cierre de su planta ubicada en Virreyes, partido de San Fernando, provincia de Buenos Aires. La decisi\u00f3n provoc\u00f3 un cortocircuito con el Gobierno y la compa\u00f1\u00eda se encuentra inmersa en un proceso judicial que frena el cierre.<\/p>\n<p class=\"paragraph\">En cuanto a la trama con Rocca, a fines de enero 2026, la adjudicaci\u00f3n a la firma india Welspun del c<b>ontrato para proveer tubos al gasoducto que conectar\u00e1 Vaca Muerta con R\u00edo Negro <\/b>provoc\u00f3 un cruce p\u00fablico entre el presidente Javier Milei y el CEO del Grupo Techint.<\/p>\n<p class=\"paragraph\">La licitaci\u00f3n signific\u00f3 un cambio relevante: por primera vez en d\u00e9cadas, una empresa internacional desplaz\u00f3 a un proveedor nacional en un \u00e1rea clave. Welspun present\u00f3 una oferta final de 203 millones de d\u00f3lares para 480 kil\u00f3metros de ductos, cifra 25% inferior a la \u00faltima propuesta de Tenaris, subsidiaria de Techint. El grupo argentino sostuvo que esa diferencia se explica por pr\u00e1cticas de competencia desleal, ya que los tubos se producen en India y contienen insumos chinos a valores m\u00e1s bajos que los del mercado local.<\/p>\n<p class=\"paragraph\">La respuesta presidencial no tard\u00f3 en llegar. Milei defini\u00f3 al referente industrial como &#8220;<b>Don Chatarr\u00edn de los Tubitos Caros<\/b>&#8221; en varias oportunidades y lo acus\u00f3 de querer cobrar<b> \u201ctres veces m\u00e1s\u201d <\/b>por la licitaci\u00f3n que, finalmente, qued\u00f3 en manos del competidor indio.<\/p>\n<\/div>\n<p><script defer=\"\">try{!function(f,b,e,v,n,t,s) {if(f.fbq)return;n=f.fbq=function(){n.callMethod? n.callMethod.apply(n,arguments):n.queue.push(arguments)}; if(!f._fbq)f._fbq=n;n.push=n;n.loaded=!0;n.version='2.0'; n.queue=[];t=b.createElement(e);t.async=!0; t.src=v;s=b.getElementsByTagName(e)[0]; s.parentNode.insertBefore(t,s)}(window, document,'script', ' fbq('init', '336383993555320'); fbq('track', 'PageView'); fbq('track', 'ViewContent');}catch(error){console.log(\"Error al inicializar facebookPixelRawCodeScript:\",error);}<\/script><\/p>\n","protected":false},"excerpt":{"rendered":"<p>Prensa Fundaci\u00f3n Libertad El presidente, Javier Milei, lanz\u00f3 nuevos cuestionamientos p\u00fablicos contra empresarios del sector industrial, sin mencionarlos directamente, aludiendo a Javier Madanes Quintanilla y Paolo Rocca. Durante su intervenci\u00f3n en un evento organizado por Fundaci\u00f3n Libertad, el Ejecutivo defendi\u00f3 el enfoque de su gobierno en la desregulaci\u00f3n econ\u00f3mica y critic\u00f3 lo que defini\u00f3 como [&hellip;]<\/p>\n","protected":false},"author":2,"featured_media":87851,"comment_status":"","ping_status":"","sticky":false,"template":"","format":"standard","meta":{"footnotes":""},"categories":[2],"tags":[],"_links":{"self":[{"href":"https:\/\/maxradio923.com.ar\/index.php\/wp-json\/wp\/v2\/posts\/87850"}],"collection":[{"href":"https:\/\/maxradio923.com.ar\/index.php\/wp-json\/wp\/v2\/posts"}],"about":[{"href":"https:\/\/maxradio923.com.ar\/index.php\/wp-json\/wp\/v2\/types\/post"}],"author":[{"embeddable":true,"href":"https:\/\/maxradio923.com.ar\/index.php\/wp-json\/wp\/v2\/users\/2"}],"replies":[{"embeddable":true,"href":"https:\/\/maxradio923.com.ar\/index.php\/wp-json\/wp\/v2\/comments?post=87850"}],"version-history":[{"count":0,"href":"https:\/\/maxradio923.com.ar\/index.php\/wp-json\/wp\/v2\/posts\/87850\/revisions"}],"wp:featuredmedia":[{"embeddable":true,"href":"https:\/\/maxradio923.com.ar\/index.php\/wp-json\/wp\/v2\/media\/87851"}],"wp:attachment":[{"href":"https:\/\/maxradio923.com.ar\/index.php\/wp-json\/wp\/v2\/media?parent=87850"}],"wp:term":[{"taxonomy":"category","embeddable":true,"href":"https:\/\/maxradio923.com.ar\/index.php\/wp-json\/wp\/v2\/categories?post=87850"},{"taxonomy":"post_tag","embeddable":true,"href":"https:\/\/maxradio923.com.ar\/index.php\/wp-json\/wp\/v2\/tags?post=87850"}],"curies":[{"name":"wp","href":"https:\/\/api.w.org\/{rel}","templated":true}]}}