{"id":87839,"date":"2026-04-27T17:04:03","date_gmt":"2026-04-27T20:04:03","guid":{"rendered":"https:\/\/maxradio923.com.ar\/index.php\/2026\/04\/27\/se-agrava-la-crisis-en-la-industria-textil-cayo-33-la-produccion-y-7-de-cada-10-maquinas-estan-frenadas\/"},"modified":"2026-04-27T17:04:03","modified_gmt":"2026-04-27T20:04:03","slug":"se-agrava-la-crisis-en-la-industria-textil-cayo-33-la-produccion-y-7-de-cada-10-maquinas-estan-frenadas","status":"publish","type":"post","link":"https:\/\/maxradio923.com.ar\/index.php\/2026\/04\/27\/se-agrava-la-crisis-en-la-industria-textil-cayo-33-la-produccion-y-7-de-cada-10-maquinas-estan-frenadas\/","title":{"rendered":"Se agrava la crisis en la industria textil: cay\u00f3 33% la producci\u00f3n y 7 de cada 10 m\u00e1quinas est\u00e1n frenadas"},"content":{"rendered":"<p><\/p>\n<div>\n<div class=\"visual__image image-initial-width\"><picture><source srcset=\"https:\/\/www.infobae.com\/resizer\/v2\/HARL5YBVHNF7FPUB32BNWPO5U4.jpg?auth=9282e05c4e08d2930c37d9653dc7815449b6bed2492525534ea7dac0f1bff11b&amp;smart=true&amp;width=992&amp;height=661&amp;quality=85\" media=\"(min-width: 1000px)\"\/><source srcset=\"https:\/\/www.infobae.com\/resizer\/v2\/HARL5YBVHNF7FPUB32BNWPO5U4.jpg?auth=9282e05c4e08d2930c37d9653dc7815449b6bed2492525534ea7dac0f1bff11b&amp;smart=true&amp;width=768&amp;height=512&amp;quality=85\" media=\"(min-width: 768px)\"\/><source srcset=\"https:\/\/www.infobae.com\/resizer\/v2\/HARL5YBVHNF7FPUB32BNWPO5U4.jpg?auth=9282e05c4e08d2930c37d9653dc7815449b6bed2492525534ea7dac0f1bff11b&amp;smart=true&amp;width=577&amp;height=385&amp;quality=85\" media=\"(min-width: 580px)\"\/><source srcset=\"https:\/\/www.infobae.com\/resizer\/v2\/HARL5YBVHNF7FPUB32BNWPO5U4.jpg?auth=9282e05c4e08d2930c37d9653dc7815449b6bed2492525534ea7dac0f1bff11b&amp;smart=true&amp;width=420&amp;height=280&amp;quality=85\" media=\"(min-width: 350px)\"\/><source srcset=\"https:\/\/www.infobae.com\/resizer\/v2\/HARL5YBVHNF7FPUB32BNWPO5U4.jpg?auth=9282e05c4e08d2930c37d9653dc7815449b6bed2492525534ea7dac0f1bff11b&amp;smart=true&amp;width=350&amp;height=233&amp;quality=85\" media=\"(min-width: 80px)\"\/><img alt=\"La producci\u00f3n industrial textil cay\u00f3 un 33% interanual en febrero. EFE\/Rodrigo Sura&#10;\" class=\"global-image\" decoding=\"async\" fetchpriority=\"high\" height=\"2880\" loading=\"eager\" src=\"https:\/\/www.infobae.com\/resizer\/v2\/HARL5YBVHNF7FPUB32BNWPO5U4.jpg?auth=9282e05c4e08d2930c37d9653dc7815449b6bed2492525534ea7dac0f1bff11b&amp;smart=true&amp;width=350&amp;height=233&amp;quality=85\" width=\"4320\"\/><\/picture><figcaption class=\"article-figcaption-img\">La producci\u00f3n industrial textil cay\u00f3 un 33% interanual en febrero. EFE\/Rodrigo Sura<br \/>\n<\/figcaption><\/div>\n<p class=\"paragraph\">La <b>industria textil <\/b>enfrenta un escenario cada vez m\u00e1s cr\u00edtico:<b> siete de cada diez m\u00e1quinas permanecen detenidas en los \u00faltimos meses<\/b>, revelando la magnitud de la crisis que atraviesa el sector. La actividad lleva dos a\u00f1os consecutivos a la baja, lo que se refleja tanto en la ca\u00edda de la producci\u00f3n como en la ca\u00edda del empleo y la estructura empresarial.<\/p>\n<p class=\"paragraph\">Seg\u00fan un informe de Fundaci\u00f3n Pro Tejer, <b>la producci\u00f3n industrial textil cay\u00f3 un 33% interanual en febrero<\/b> y un 36% respecto al mismo mes de 2023. El impacto alcanza tambi\u00e9n a la fabricaci\u00f3n de prendas de vestir, cuero y calzado, que descendi\u00f3 18% frente a 2025 y 20% frente a 2023. <\/p>\n<p class=\"paragraph\">Afirman que el sector acumula niveles hist\u00f3ricamente altos de capacidad ociosa, a pesar de que el ciclo 2021-2023 fue r\u00e9cord en inversiones y modernizaci\u00f3n tecnol\u00f3gica. \u201cEn promedio, 6 de cada 10 m\u00e1quinas textiles permanecieron paradas durante 2024\/2025, alcanzando incluso 7 de cada 10 m\u00e1quinas detenidas en los \u00faltimos meses\u201d, detallaron.<\/p>\n<div class=\"visual__image\"><picture><source srcset=\"https:\/\/www.infobae.com\/resizer\/v2\/MQEDKDENSVBD7MB4PSSMG275PQ.jpg?auth=f38a063d264ffcd021eeef7f51bb18fbfb5d39d771f9e31cb444dc12788b6ea2&amp;smart=true&amp;width=992&amp;height=669&amp;quality=85\" media=\"(min-width: 1000px)\"\/><source srcset=\"https:\/\/www.infobae.com\/resizer\/v2\/MQEDKDENSVBD7MB4PSSMG275PQ.jpg?auth=f38a063d264ffcd021eeef7f51bb18fbfb5d39d771f9e31cb444dc12788b6ea2&amp;smart=true&amp;width=768&amp;height=518&amp;quality=85\" media=\"(min-width: 768px)\"\/><source srcset=\"https:\/\/www.infobae.com\/resizer\/v2\/MQEDKDENSVBD7MB4PSSMG275PQ.jpg?auth=f38a063d264ffcd021eeef7f51bb18fbfb5d39d771f9e31cb444dc12788b6ea2&amp;smart=true&amp;width=577&amp;height=389&amp;quality=85\" media=\"(min-width: 580px)\"\/><source srcset=\"https:\/\/www.infobae.com\/resizer\/v2\/MQEDKDENSVBD7MB4PSSMG275PQ.jpg?auth=f38a063d264ffcd021eeef7f51bb18fbfb5d39d771f9e31cb444dc12788b6ea2&amp;smart=true&amp;width=420&amp;height=283&amp;quality=85\" media=\"(min-width: 350px)\"\/><source srcset=\"https:\/\/www.infobae.com\/resizer\/v2\/MQEDKDENSVBD7MB4PSSMG275PQ.jpg?auth=f38a063d264ffcd021eeef7f51bb18fbfb5d39d771f9e31cb444dc12788b6ea2&amp;smart=true&amp;width=350&amp;height=236&amp;quality=85\" media=\"(min-width: 80px)\"\/><img alt=\"El sector textil acumula niveles hist\u00f3ricamente altos de capacidad ociosa, a pesar de que el ciclo 2021-2023 fue r\u00e9cord en inversiones y modernizaci\u00f3n tecnol\u00f3gica. EFE\/LUIS EDUARDO NORIEGA&#10;\" class=\"global-image\" decoding=\"async\" fetchpriority=\"low\" height=\"2464\" loading=\"lazy\" src=\"https:\/\/www.infobae.com\/resizer\/v2\/MQEDKDENSVBD7MB4PSSMG275PQ.jpg?auth=f38a063d264ffcd021eeef7f51bb18fbfb5d39d771f9e31cb444dc12788b6ea2&amp;smart=true&amp;width=350&amp;height=236&amp;quality=85\" width=\"3656\"\/><\/picture><figcaption class=\"article-figcaption-img\">El sector textil acumula niveles hist\u00f3ricamente altos de capacidad ociosa, a pesar de que el ciclo 2021-2023 fue r\u00e9cord en inversiones y modernizaci\u00f3n tecnol\u00f3gica. EFE\/LUIS EDUARDO NORIEGA<br \/>\n<\/figcaption><\/div>\n<p class=\"paragraph\">Pro Tejer atribuy\u00f3 la din\u00e1mica negativa a varias causas, entre ellas la debilidad del <b>consumo interno<\/b>, vinculada directamente con la p\u00e9rdida de poder adquisitivo y el deterioro del mercado laboral. <\/p>\n<p class=\"paragraph\">La entidad remarc\u00f3 que la presi\u00f3n del costo de servicios b\u00e1sicos \u2014agua, electricidad, gas, alquileres, educaci\u00f3n y salud\u2014 reduce el ingreso disponible para bienes no esenciales, como la indumentaria y los textiles para el hogar. <\/p>\n<p class=\"paragraph\">A este cuadro se suma un cambio profundo en el escenario comercial argentino, motivado por la <b>apertura y desregulaci\u00f3n de las importaciones<\/b>. Durante 2025, las importaciones de ropa y confecciones de hogar crecieron un 185% en cantidades. <\/p>\n<p class=\"paragraph\">En 2026, la tendencia se mantiene al alza, con ingresos a valores hist\u00f3ricamente bajos, en muchos casos por debajo de los precios de referencia. <\/p>\n<p class=\"paragraph\">El informe advierte que esto <b>\u201csugiere la existencia de condiciones de competencia desleal, asociadas al debilitamiento de instrumentos de regulaci\u00f3n comercial y control aduanero\u201d<\/b>. <\/p>\n<p class=\"paragraph\">Advierten que la reducci\u00f3n o eliminaci\u00f3n de estos instrumentos tambi\u00e9n genera problemas de trazabilidad, transparencia y seguridad para los consumidores.<\/p>\n<div class=\"visual__image\"><picture><source srcset=\"https:\/\/www.infobae.com\/resizer\/v2\/Z23KKK4OPRGEHDI5RJE4BCWPWY.JPG?auth=689d79e47cc73f164b2879854952148675382e93256ab46076fb4024901bae9d&amp;smart=true&amp;width=992&amp;height=635&amp;quality=85\" media=\"(min-width: 1000px)\"\/><source srcset=\"https:\/\/www.infobae.com\/resizer\/v2\/Z23KKK4OPRGEHDI5RJE4BCWPWY.JPG?auth=689d79e47cc73f164b2879854952148675382e93256ab46076fb4024901bae9d&amp;smart=true&amp;width=768&amp;height=492&amp;quality=85\" media=\"(min-width: 768px)\"\/><source srcset=\"https:\/\/www.infobae.com\/resizer\/v2\/Z23KKK4OPRGEHDI5RJE4BCWPWY.JPG?auth=689d79e47cc73f164b2879854952148675382e93256ab46076fb4024901bae9d&amp;smart=true&amp;width=577&amp;height=369&amp;quality=85\" media=\"(min-width: 580px)\"\/><source srcset=\"https:\/\/www.infobae.com\/resizer\/v2\/Z23KKK4OPRGEHDI5RJE4BCWPWY.JPG?auth=689d79e47cc73f164b2879854952148675382e93256ab46076fb4024901bae9d&amp;smart=true&amp;width=420&amp;height=269&amp;quality=85\" media=\"(min-width: 350px)\"\/><source srcset=\"https:\/\/www.infobae.com\/resizer\/v2\/Z23KKK4OPRGEHDI5RJE4BCWPWY.JPG?auth=689d79e47cc73f164b2879854952148675382e93256ab46076fb4024901bae9d&amp;smart=true&amp;width=350&amp;height=224&amp;quality=85\" media=\"(min-width: 80px)\"\/><img alt=\"Durante 2025, las importaciones de ropa y confecciones de hogar crecieron un 185% en cantidades. REUTERS\/Agustin Marcarian\" class=\"global-image\" decoding=\"async\" fetchpriority=\"low\" height=\"3521\" loading=\"lazy\" src=\"https:\/\/www.infobae.com\/resizer\/v2\/Z23KKK4OPRGEHDI5RJE4BCWPWY.JPG?auth=689d79e47cc73f164b2879854952148675382e93256ab46076fb4024901bae9d&amp;smart=true&amp;width=350&amp;height=224&amp;quality=85\" width=\"5500\"\/><\/picture><figcaption class=\"article-figcaption-img\">Durante 2025, las importaciones de ropa y confecciones de hogar crecieron un 185% en cantidades. REUTERS\/Agustin Marcarian<\/figcaption><\/div>\n<p class=\"paragraph\">El crecimiento exponencial de las compras a trav\u00e9s de plataformas digitales internacionales y la flexibilizaci\u00f3n del r\u00e9gimen de env\u00edos puerta a puerta agravan la situaci\u00f3n. En 2025, los env\u00edos por courier de bienes crecieron 274% respecto de 2024, alcanzando m\u00e1ximos hist\u00f3ricos. <\/p>\n<p class=\"paragraph\">\u201cEste conjunto de factores configura un escenario particularmente complejo para la producci\u00f3n local. En un contexto de sobreoferta global de productos textiles e indumentaria, especialmente provenientes de pa\u00edses asi\u00e1ticos, Argentina se posiciona como un mercado de destino cada vez m\u00e1s atractivo para excedentes exportables\u201d, destac\u00f3 Pro Tejer. <\/p>\n<p class=\"paragraph\">Se a\u00f1aden factores macroecon\u00f3micos que tambi\u00e9n inciden en el deterioro del sector. En primer lugar, precisaron que la <b>apreciaci\u00f3n del tipo de cambio real<\/b> incrementa los incentivos a importar y reduce la competitividad exportadora.<\/p>\n<p class=\"paragraph\">\u201cLa apertura comercial se produjo de manera r\u00e1pida y descoordinada, mientras contin\u00faa posterg\u00e1ndose una reforma impositiva orientada a aliviar la carga fiscal sobre la producci\u00f3n nacional, especialmente en cadenas de valor de fuerte presencia federal, como la textil e indumentaria\u201d, enfatiz\u00f3 Pro Tejer. <\/p>\n<p class=\"paragraph\">La entidad pone especial foco en la presi\u00f3n impositiva. A su criterio, la postergaci\u00f3n de una reforma fiscal orientada a aliviar la carga impositiva sobre la producci\u00f3n nacional sigue siendo una traba significativa. <b>\u201cEn el caso de una prenda vendida en un shopping, aproximadamente el 50% del precio final corresponde a impuestos\u201d<\/b>.<\/p>\n<div class=\"visual__image\"><picture><source srcset=\"https:\/\/www.infobae.com\/resizer\/v2\/73PKRZDM5ZG4BO2ZDOGVZOHT5M.jpg?auth=4563d0a93a81294fb2649f02ca4b8f1a9bcdf0fb31f2cf9eec25929f30ce56b5&amp;smart=true&amp;width=992&amp;height=558&amp;quality=85\" media=\"(min-width: 1000px)\"\/><source srcset=\"https:\/\/www.infobae.com\/resizer\/v2\/73PKRZDM5ZG4BO2ZDOGVZOHT5M.jpg?auth=4563d0a93a81294fb2649f02ca4b8f1a9bcdf0fb31f2cf9eec25929f30ce56b5&amp;smart=true&amp;width=768&amp;height=432&amp;quality=85\" media=\"(min-width: 768px)\"\/><source srcset=\"https:\/\/www.infobae.com\/resizer\/v2\/73PKRZDM5ZG4BO2ZDOGVZOHT5M.jpg?auth=4563d0a93a81294fb2649f02ca4b8f1a9bcdf0fb31f2cf9eec25929f30ce56b5&amp;smart=true&amp;width=577&amp;height=325&amp;quality=85\" media=\"(min-width: 580px)\"\/><source srcset=\"https:\/\/www.infobae.com\/resizer\/v2\/73PKRZDM5ZG4BO2ZDOGVZOHT5M.jpg?auth=4563d0a93a81294fb2649f02ca4b8f1a9bcdf0fb31f2cf9eec25929f30ce56b5&amp;smart=true&amp;width=420&amp;height=236&amp;quality=85\" media=\"(min-width: 350px)\"\/><source srcset=\"https:\/\/www.infobae.com\/resizer\/v2\/73PKRZDM5ZG4BO2ZDOGVZOHT5M.jpg?auth=4563d0a93a81294fb2649f02ca4b8f1a9bcdf0fb31f2cf9eec25929f30ce56b5&amp;smart=true&amp;width=350&amp;height=197&amp;quality=85\" media=\"(min-width: 80px)\"\/><img alt=\"PRODUCCION TEXTIL\" class=\"global-image\" decoding=\"async\" fetchpriority=\"low\" height=\"1080\" loading=\"lazy\" src=\"https:\/\/www.infobae.com\/resizer\/v2\/73PKRZDM5ZG4BO2ZDOGVZOHT5M.jpg?auth=4563d0a93a81294fb2649f02ca4b8f1a9bcdf0fb31f2cf9eec25929f30ce56b5&amp;smart=true&amp;width=350&amp;height=197&amp;quality=85\" width=\"1920\"\/><\/picture><figcaption class=\"article-figcaption-img\">La\u00a0apreciaci\u00f3n del tipo de cambio real\u00a0incrementa los incentivos a importar y reduce la competitividad exportadora<\/figcaption><\/div>\n<p class=\"paragraph\">Las consecuencias de la crisis son estructurales y visibles. A diciembre de 2025, se registr\u00f3 la p\u00e9rdida de m\u00e1s de 20.700 puestos de trabajo en la cadena textil, indumentaria, cuero y calzado. Ese dato implica una ca\u00edda del 17% en el empleo registrado del sector respecto a 2023. <\/p>\n<p class=\"paragraph\">Esto posiciona a la industria textil como la actividad con mayor p\u00e9rdida porcentual de empleo formal en los \u00faltimos dos a\u00f1os en la econom\u00eda argentina. <\/p>\n<p class=\"paragraph\">Adem\u00e1s, cerraron m\u00e1s de 659 empresas industriales en el mismo periodo, lo que equivale al 11% de los establecimientos productivos del sector, superando el promedio de ca\u00edda del conjunto de la industria.<\/p>\n<p class=\"paragraph\">En este contexto, ante la persistencia de ventas deprimidas, los dep\u00f3sitos se saturan de productos que no logran colocarse en el mercado y las dificultades financieras se extienden a lo largo de toda la cadena de valor, lo que pone en riesgo la continuidad de numerosas empresas.<\/p>\n<\/div>\n<p><script defer=\"\">try{!function(f,b,e,v,n,t,s) {if(f.fbq)return;n=f.fbq=function(){n.callMethod? n.callMethod.apply(n,arguments):n.queue.push(arguments)}; if(!f._fbq)f._fbq=n;n.push=n;n.loaded=!0;n.version='2.0'; n.queue=[];t=b.createElement(e);t.async=!0; t.src=v;s=b.getElementsByTagName(e)[0]; s.parentNode.insertBefore(t,s)}(window, document,'script', ' fbq('init', '336383993555320'); fbq('track', 'PageView'); fbq('track', 'ViewContent');}catch(error){console.log(\"Error al inicializar facebookPixelRawCodeScript:\",error);}<\/script><\/p>\n","protected":false},"excerpt":{"rendered":"<p>La producci\u00f3n industrial textil cay\u00f3 un 33% interanual en febrero. EFE\/Rodrigo Sura La industria textil enfrenta un escenario cada vez m\u00e1s cr\u00edtico: siete de cada diez m\u00e1quinas permanecen detenidas en los \u00faltimos meses, revelando la magnitud de la crisis que atraviesa el sector. La actividad lleva dos a\u00f1os consecutivos a la baja, lo que se [&hellip;]<\/p>\n","protected":false},"author":2,"featured_media":87840,"comment_status":"","ping_status":"","sticky":false,"template":"","format":"standard","meta":{"footnotes":""},"categories":[2],"tags":[],"_links":{"self":[{"href":"https:\/\/maxradio923.com.ar\/index.php\/wp-json\/wp\/v2\/posts\/87839"}],"collection":[{"href":"https:\/\/maxradio923.com.ar\/index.php\/wp-json\/wp\/v2\/posts"}],"about":[{"href":"https:\/\/maxradio923.com.ar\/index.php\/wp-json\/wp\/v2\/types\/post"}],"author":[{"embeddable":true,"href":"https:\/\/maxradio923.com.ar\/index.php\/wp-json\/wp\/v2\/users\/2"}],"replies":[{"embeddable":true,"href":"https:\/\/maxradio923.com.ar\/index.php\/wp-json\/wp\/v2\/comments?post=87839"}],"version-history":[{"count":0,"href":"https:\/\/maxradio923.com.ar\/index.php\/wp-json\/wp\/v2\/posts\/87839\/revisions"}],"wp:featuredmedia":[{"embeddable":true,"href":"https:\/\/maxradio923.com.ar\/index.php\/wp-json\/wp\/v2\/media\/87840"}],"wp:attachment":[{"href":"https:\/\/maxradio923.com.ar\/index.php\/wp-json\/wp\/v2\/media?parent=87839"}],"wp:term":[{"taxonomy":"category","embeddable":true,"href":"https:\/\/maxradio923.com.ar\/index.php\/wp-json\/wp\/v2\/categories?post=87839"},{"taxonomy":"post_tag","embeddable":true,"href":"https:\/\/maxradio923.com.ar\/index.php\/wp-json\/wp\/v2\/tags?post=87839"}],"curies":[{"name":"wp","href":"https:\/\/api.w.org\/{rel}","templated":true}]}}