{"id":87835,"date":"2026-04-27T16:19:03","date_gmt":"2026-04-27T19:19:03","guid":{"rendered":"https:\/\/maxradio923.com.ar\/index.php\/2026\/04\/27\/beatrice-venezi-tras-su-despido-la-directora-de-orquesta-emitio-un-duro-comunicado\/"},"modified":"2026-04-27T16:19:03","modified_gmt":"2026-04-27T19:19:03","slug":"beatrice-venezi-tras-su-despido-la-directora-de-orquesta-emitio-un-duro-comunicado","status":"publish","type":"post","link":"https:\/\/maxradio923.com.ar\/index.php\/2026\/04\/27\/beatrice-venezi-tras-su-despido-la-directora-de-orquesta-emitio-un-duro-comunicado\/","title":{"rendered":"Beatrice Venezi: tras su despido, la directora de orquesta emiti\u00f3 un duro comunicado"},"content":{"rendered":"<p><\/p>\n<div>\n<p class=\"com-paragraph  --capital --s\">Tras la entrevista de <strong>Beatrice Venezi<\/strong> con <strong>LA NACION<\/strong>, publicada el pasado 23 de abril, las repercusiones no tardaron en llegar. Designada para asumir la direcci\u00f3n musical del prestigioso teatro <strong>La Fenice<\/strong> de Venecia a partir de octubre de este a\u00f1o, Venezi, que se encontraba en la ciudad de Buenos Aires como directora de las puestas de <em>Pagliacci<\/em> y <em>Cavalleria Rusticana<\/em>, expres\u00f3 en di\u00e1logo con este medio: &#8220;No vengo de familia de m\u00fasicos. Y esta es una orquesta en la cual los puestos se pasan pr\u00e1cticamente de padres a hijos&#8221;. Estas palabras causaron malestar entre los miembros del teatro veneciano y desencadenaron dos hechos: el repudio de los trabajadores del prestigioso coliseo primero (\u201cProfunda consternaci\u00f3n\u201d) y , finalmente, la decisi\u00f3n de las autoridades de despedir a Venezi del cargo que no lleg\u00f3 a asumir.<\/p>\n<p class=\"com-paragraph   --s\">Este lunes, la directora de orquesta de 36 a\u00f1os emiti\u00f3 un comunicado. \u201cTomo nota de la declaraci\u00f3n del superintendente <strong>Nicola Colabianchi<\/strong> y de la decisi\u00f3n de la <strong>Fundaci\u00f3n Teatro La Fenice<\/strong>, la cual deber\u00e1 ser aclarada en sus fundamentos y a la que se responder\u00e1 como corresponde&#8221;, se\u00f1al\u00f3 Venezi en el comunicado que difundi\u00f3 esta tarde el <strong>Corriere del Veneto<\/strong>, en una nota escrita por la periodista <strong>Alice D\u2019Este<\/strong>. <\/p>\n<p class=\"com-paragraph   --s\">La directora aguard\u00f3 a recibir una comunicaci\u00f3n formal sobre la decisi\u00f3n de la Fundaci\u00f3n Teatro La Fenice, la cual lleg\u00f3 este lunes. Una vez recibida, Venezi se\u00f1al\u00f3: &#8220;<strong>Me reservo cualquier comentario sobre la \u2018elegancia\u2019 de las formas<\/strong>. Jam\u00e1s le falt\u00e9 ni le voy a faltar el respeto a los trabajadores de ning\u00fan teatro, a diferencia del trato que recib\u00ed yo de los empleados de La Fenice en los \u00faltimos ocho meses&#8221;. <\/p>\n<p class=\"com-paragraph   --s\">La directora de orquesta agreg\u00f3 que fue \u201cdifamada, calumniada y ninguneada por meses\u201d. Con respecto a sus dichos en <strong>LA NACION<\/strong>, coment\u00f3 que sus palabras fueron \u201cdistorsionadas y usadas pol\u00edticamente. Expres\u00e9 una idea espec\u00edfica y puntual que no daba lugar a malentendidos\u201d, manifest\u00f3.<\/p>\n<p class=\"com-paragraph   --s\">Venezi tambi\u00e9n se refiri\u00f3 a la supuesta \u201ccampa\u00f1a de desprestigio\u201d que vendr\u00edan sosteniendo contra ella en Italia \u201cdesde finales de 2025\u2033. \u201cEn Italia, ser joven es una traba y ser mujer es un agravante. Mi \u00e9xito es el de una chica de provincia que se hizo de abajo, solita. Y eso, a la casta, no le gusta\u201d.<\/p>\n<section class=\"container-center-100 mb-40 border border-bottom border-thin border-neutral-light-700\">\n<hr\/>\n<\/section>\n<\/div>\n<p><script id=\"facebookpixel\" defer=\"\" type=\"text\/javascript\">\n        !function(f,b,e,v,n,t,s)\n        {if(f.fbq)return;n=f.fbq=function(){n.callMethod?\n        n.callMethod.apply(n,arguments):n.queue.push(arguments)};\n        if(!f._fbq)f._fbq=n;n.push=n;n.loaded=!0;n.version='2.0';\n        n.queue=[];t=b.createElement(e);t.async=!0;\n        t.src=v;s=b.getElementsByTagName(e)[0];\n        s.parentNode.insertBefore(t,s)}(window, document,'script',\n        '\n        fbq('init', '492459597522335');\n        fbq('track', 'PageView');\n    <\/script><\/p>\n","protected":false},"excerpt":{"rendered":"<p>Tras la entrevista de Beatrice Venezi con LA NACION, publicada el pasado 23 de abril, las repercusiones no tardaron en llegar. Designada para asumir la direcci\u00f3n musical del prestigioso teatro La Fenice de Venecia a partir de octubre de este a\u00f1o, Venezi, que se encontraba en la ciudad de Buenos Aires como directora de las [&hellip;]<\/p>\n","protected":false},"author":2,"featured_media":87836,"comment_status":"","ping_status":"","sticky":false,"template":"","format":"standard","meta":{"footnotes":""},"categories":[14],"tags":[],"_links":{"self":[{"href":"https:\/\/maxradio923.com.ar\/index.php\/wp-json\/wp\/v2\/posts\/87835"}],"collection":[{"href":"https:\/\/maxradio923.com.ar\/index.php\/wp-json\/wp\/v2\/posts"}],"about":[{"href":"https:\/\/maxradio923.com.ar\/index.php\/wp-json\/wp\/v2\/types\/post"}],"author":[{"embeddable":true,"href":"https:\/\/maxradio923.com.ar\/index.php\/wp-json\/wp\/v2\/users\/2"}],"replies":[{"embeddable":true,"href":"https:\/\/maxradio923.com.ar\/index.php\/wp-json\/wp\/v2\/comments?post=87835"}],"version-history":[{"count":0,"href":"https:\/\/maxradio923.com.ar\/index.php\/wp-json\/wp\/v2\/posts\/87835\/revisions"}],"wp:featuredmedia":[{"embeddable":true,"href":"https:\/\/maxradio923.com.ar\/index.php\/wp-json\/wp\/v2\/media\/87836"}],"wp:attachment":[{"href":"https:\/\/maxradio923.com.ar\/index.php\/wp-json\/wp\/v2\/media?parent=87835"}],"wp:term":[{"taxonomy":"category","embeddable":true,"href":"https:\/\/maxradio923.com.ar\/index.php\/wp-json\/wp\/v2\/categories?post=87835"},{"taxonomy":"post_tag","embeddable":true,"href":"https:\/\/maxradio923.com.ar\/index.php\/wp-json\/wp\/v2\/tags?post=87835"}],"curies":[{"name":"wp","href":"https:\/\/api.w.org\/{rel}","templated":true}]}}