{"id":87833,"date":"2026-04-27T15:37:02","date_gmt":"2026-04-27T18:37:02","guid":{"rendered":"https:\/\/maxradio923.com.ar\/index.php\/2026\/04\/27\/escala-la-disputa-interna-de-la-rural-polemica-por-el-fracaso-de-un-contrato-y-perjuicio-millonario-por-mas-de-usd-3-millones\/"},"modified":"2026-04-27T15:37:02","modified_gmt":"2026-04-27T18:37:02","slug":"escala-la-disputa-interna-de-la-rural-polemica-por-el-fracaso-de-un-contrato-y-perjuicio-millonario-por-mas-de-usd-3-millones","status":"publish","type":"post","link":"https:\/\/maxradio923.com.ar\/index.php\/2026\/04\/27\/escala-la-disputa-interna-de-la-rural-polemica-por-el-fracaso-de-un-contrato-y-perjuicio-millonario-por-mas-de-usd-3-millones\/","title":{"rendered":"Escala la disputa interna de la Rural: pol\u00e9mica por el fracaso de un contrato y perjuicio millonario por m\u00e1s de USD 3 millones"},"content":{"rendered":"<p><\/p>\n<div>\n<div class=\"visual__image image-initial-width\"><picture><source srcset=\"https:\/\/www.infobae.com\/resizer\/v2\/EYULRREL2O2LTDCHYCLXTE6PQE.jpg?auth=151532f628e671a36b791ffe954c77a1e56dd021f7623fc4bcec7101d4fb0ca7&amp;smart=true&amp;width=992&amp;height=661&amp;quality=85\" media=\"(min-width: 1000px)\"\/><source srcset=\"https:\/\/www.infobae.com\/resizer\/v2\/EYULRREL2O2LTDCHYCLXTE6PQE.jpg?auth=151532f628e671a36b791ffe954c77a1e56dd021f7623fc4bcec7101d4fb0ca7&amp;smart=true&amp;width=768&amp;height=512&amp;quality=85\" media=\"(min-width: 768px)\"\/><source srcset=\"https:\/\/www.infobae.com\/resizer\/v2\/EYULRREL2O2LTDCHYCLXTE6PQE.jpg?auth=151532f628e671a36b791ffe954c77a1e56dd021f7623fc4bcec7101d4fb0ca7&amp;smart=true&amp;width=577&amp;height=385&amp;quality=85\" media=\"(min-width: 580px)\"\/><source srcset=\"https:\/\/www.infobae.com\/resizer\/v2\/EYULRREL2O2LTDCHYCLXTE6PQE.jpg?auth=151532f628e671a36b791ffe954c77a1e56dd021f7623fc4bcec7101d4fb0ca7&amp;smart=true&amp;width=420&amp;height=280&amp;quality=85\" media=\"(min-width: 350px)\"\/><source srcset=\"https:\/\/www.infobae.com\/resizer\/v2\/EYULRREL2O2LTDCHYCLXTE6PQE.jpg?auth=151532f628e671a36b791ffe954c77a1e56dd021f7623fc4bcec7101d4fb0ca7&amp;smart=true&amp;width=350&amp;height=233&amp;quality=85\" media=\"(min-width: 80px)\"\/><img alt=\"Nicol\u00e1s Pino, presidente de la Sociedad Rural Argentina, mantiene una posici\u00f3n de di\u00e1logo abierto con la administraci\u00f3n nacional y es se\u00f1alado por sus cr\u00edticos por su cercan\u00eda al Gobierno de Javier Milei\" class=\"global-image\" decoding=\"async\" fetchpriority=\"high\" height=\"2582\" loading=\"eager\" src=\"https:\/\/www.infobae.com\/resizer\/v2\/EYULRREL2O2LTDCHYCLXTE6PQE.jpg?auth=151532f628e671a36b791ffe954c77a1e56dd021f7623fc4bcec7101d4fb0ca7&amp;smart=true&amp;width=350&amp;height=233&amp;quality=85\" width=\"3873\"\/><\/picture><figcaption class=\"article-figcaption-img\">Nicol\u00e1s Pino, presidente de la Sociedad Rural Argentina, mantiene una posici\u00f3n de di\u00e1logo abierto con la administraci\u00f3n nacional y es se\u00f1alado por sus cr\u00edticos por su cercan\u00eda al Gobierno de Javier Milei<\/figcaption><\/div>\n<p class=\"paragraph\">La <b>Sociedad Rural Argentina <\/b>(SRA) atraviesa una crisis institucional sin precedentes tras la denuncia p\u00fablica de un fracaso tecnol\u00f3gico que implic\u00f3 un costo superior a <b>USD 3 millones<\/b> y profundiz\u00f3 la disputa por la conducci\u00f3n de la entidad. El conflicto se desat\u00f3 cuando salieron a la luz graves fallas en la digitalizaci\u00f3n de los registros geneal\u00f3gicos de razas animales, lo que deriv\u00f3 en acusaciones cruzadas entre el presidente <b>Nicol\u00e1s Pino <\/b>y el vicepresidente <b>Marcos Pereda<\/b>, justo cuando se acercan las elecciones internas previstas para el 9 de septiembre. <\/p>\n<p class=\"paragraph\">La tensi\u00f3n creci\u00f3 en los \u00faltimos d\u00edas, luego de que la SRA, tras la ruptura p\u00fablica entre sus principales autoridades, ordenara una auditor\u00eda externa para determinar el alcance de las irregularidades. La conducci\u00f3n encabezada por Pino acusa a la empresa <b>Mobile Computing SA<\/b>, responsable del sistema, de negarse a someterse a la revisi\u00f3n, mientras que parte del equipo t\u00e9cnico designado por <b>Gustavo Papini <\/b>(ex director general del Correo Argentino y asesor de Pereda) <b>renunci\u00f3 durante el proceso<\/b>. Actualmente, la entidad est\u00e1 en una instancia de mediaci\u00f3n judicial.<\/p>\n<p class=\"paragraph\">Seg\u00fan la documentaci\u00f3n presentada por la direcci\u00f3n actual, el proyecto de modernizaci\u00f3n tecnol\u00f3gica deb\u00eda extenderse por nueve meses a partir de junio de 2023, pero se prolong\u00f3 durante dos a\u00f1os debido a demoras y renegociaciones, con un costo final que super\u00f3 los <b>USD 3 millones. <\/b><\/p>\n<p class=\"paragraph\">En un comunicado al que accedi\u00f3 <b>Infobae<\/b>, la SRA admite: \u201cLamentablemente, en forma inmediata, se detectan numerosos errores y fallas de funcionamiento, desarrollos no realizados, entregas parciales y limitaciones no informadas que impidieron la utilizaci\u00f3n normal del sistema\u201d. La situaci\u00f3n se agrav\u00f3 cuando, a mediados de 2024, Mobile Computing SA fue transferida a Grid Dynamics, <b>lo que sum\u00f3 incertidumbre t\u00e9cnica.<\/b> Adem\u00e1s, la auditor\u00eda interna advirti\u00f3 que el \u00e1rea liderada por Papini y Pereda no atendi\u00f3 advertencias legales del Estudio Cassagne, asesor de la entidad. Desde el bando de Pereda alegan que el ejecutivo no influy\u00f3 en la decisi\u00f3n ni en la elecci\u00f3n del proveedor.<\/p>\n<p class=\"paragraph\">En este contexto, este lunes un grupo de caba\u00f1eros de la SRA pidi\u00f3 formalmente a Pino la <b>realizaci\u00f3n de una auditor\u00eda forense<\/b> espec\u00edfica por el desmanejo de los registros, evidenciando un fuerte malestar hacia el presidente por la falta de respuestas y controles.<\/p>\n<p class=\"paragraph\">Desde la oposici\u00f3n, <b>Pereda<\/b> sostiene que \u201c<b>hubo mala administraci\u00f3n y falta de controles<\/b>\u201d, y reclama acceso total a la documentaci\u00f3n y comunicaciones internas, adem\u00e1s de exigir una auditor\u00eda forense independiente. Su espacio, Renovaci\u00f3n con Unidad, tambi\u00e9n denuncia que <b>la gesti\u00f3n de Pino utiliz\u00f3 recursos institucionales con fines pol\u00edticos <\/b>y en operaciones de desprestigio en medio de la campa\u00f1a electoral.<\/p>\n<div class=\"visual__image\"><picture><source srcset=\"https:\/\/www.infobae.com\/resizer\/v2\/DXJ35MBEPJBANBG7YKYFYBDSXU.jpg?auth=f507ae954b3487f6ee0cb9f2e34ae9e1df98e68355c4a89853a573c0575b7f8b&amp;smart=true&amp;width=992&amp;height=1323&amp;quality=85\" media=\"(min-width: 1000px)\"\/><source srcset=\"https:\/\/www.infobae.com\/resizer\/v2\/DXJ35MBEPJBANBG7YKYFYBDSXU.jpg?auth=f507ae954b3487f6ee0cb9f2e34ae9e1df98e68355c4a89853a573c0575b7f8b&amp;smart=true&amp;width=768&amp;height=1024&amp;quality=85\" media=\"(min-width: 768px)\"\/><source srcset=\"https:\/\/www.infobae.com\/resizer\/v2\/DXJ35MBEPJBANBG7YKYFYBDSXU.jpg?auth=f507ae954b3487f6ee0cb9f2e34ae9e1df98e68355c4a89853a573c0575b7f8b&amp;smart=true&amp;width=577&amp;height=769&amp;quality=85\" media=\"(min-width: 580px)\"\/><source srcset=\"https:\/\/www.infobae.com\/resizer\/v2\/DXJ35MBEPJBANBG7YKYFYBDSXU.jpg?auth=f507ae954b3487f6ee0cb9f2e34ae9e1df98e68355c4a89853a573c0575b7f8b&amp;smart=true&amp;width=420&amp;height=560&amp;quality=85\" media=\"(min-width: 350px)\"\/><source srcset=\"https:\/\/www.infobae.com\/resizer\/v2\/DXJ35MBEPJBANBG7YKYFYBDSXU.jpg?auth=f507ae954b3487f6ee0cb9f2e34ae9e1df98e68355c4a89853a573c0575b7f8b&amp;smart=true&amp;width=350&amp;height=467&amp;quality=85\" media=\"(min-width: 80px)\"\/><img alt=\"Pereda\" class=\"global-image\" decoding=\"async\" fetchpriority=\"low\" height=\"2667\" loading=\"lazy\" src=\"https:\/\/www.infobae.com\/resizer\/v2\/DXJ35MBEPJBANBG7YKYFYBDSXU.jpg?auth=f507ae954b3487f6ee0cb9f2e34ae9e1df98e68355c4a89853a573c0575b7f8b&amp;smart=true&amp;width=350&amp;height=467&amp;quality=85\" width=\"2000\"\/><\/picture><figcaption class=\"article-figcaption-img\">Marcos Pereda, vicepresidente de la SRA, cuya crisis interna por la digitalizaci\u00f3n fallida llega en la antesala de las elecciones<\/figcaption><\/div>\n<p class=\"paragraph\">La interna se profundiz\u00f3 con la oficializaci\u00f3n de la candidatura presidencial de Pereda, quien hab\u00eda compartido la conducci\u00f3n con Pino desde 2021 y ahora denuncia el colapso del sistema digital que originalmente ambos promovieron. En marzo, en Expoagro, Pereda lanz\u00f3 su propio espacio junto a <b>Santos Zuberb\u00fchler,<\/b> referente de otro sector interno que exige renovaci\u00f3n en la SRA. Seg\u00fan pudo saber <b>Infobae<\/b>, Pereda lleva tiempo apartado de las decisiones de la Comisi\u00f3n Directiva por el cierre de los espacios de discusi\u00f3n, lo que aliment\u00f3 la interna y la ruptura definitiva hace casi dos a\u00f1os.<\/p>\n<p class=\"paragraph\"><b>Pereda Born<\/b>, descendiente de la familia <b>Bunge y Born<\/b> y presidente del <b>Grupo Bermejo<\/b>, se posiciona como referente de un sector m\u00e1s combativo y cr\u00edtico ante el Gobierno nacional. <b>Pino<\/b>, con m\u00e1s de tres d\u00e9cadas de militancia en la SRA, representa la defensa de la estabilidad institucional y el di\u00e1logo con la administraci\u00f3n de <b>Javier Milei.<\/b><\/p>\n<p class=\"paragraph\">El trasfondo de la disputa est\u00e1 en el quiebre de la alianza que los llev\u00f3 al liderazgo en 2021, tras iniciativas de modernizaci\u00f3n como el traslado de la sede hist\u00f3rica y la introducci\u00f3n del voto electr\u00f3nico. Las diferencias se ampliaron en la segunda mitad del mandato, tambi\u00e9n debido a las pol\u00edticas del presidente <b>Javier Milei<\/b>. Mientras <b>Pino<\/b> apost\u00f3 por una relaci\u00f3n dialogante con el Ejecutivo, <b>Pereda<\/b> expres\u00f3 las cr\u00edticas de sectores opuestos a las retenciones sobre las exportaciones agropecuarias.<\/p>\n<div class=\"visual__image\"><picture><source srcset=\"https:\/\/www.infobae.com\/resizer\/v2\/NGPTYT3XN5BN7CBIJ65KLOADHM.jpeg?auth=7b082e7288846fd3059f30f7057809d1d13343d7fa42f7f43c045bd4050a1b38&amp;smart=true&amp;width=992&amp;height=749&amp;quality=85\" media=\"(min-width: 1000px)\"\/><source srcset=\"https:\/\/www.infobae.com\/resizer\/v2\/NGPTYT3XN5BN7CBIJ65KLOADHM.jpeg?auth=7b082e7288846fd3059f30f7057809d1d13343d7fa42f7f43c045bd4050a1b38&amp;smart=true&amp;width=768&amp;height=580&amp;quality=85\" media=\"(min-width: 768px)\"\/><source srcset=\"https:\/\/www.infobae.com\/resizer\/v2\/NGPTYT3XN5BN7CBIJ65KLOADHM.jpeg?auth=7b082e7288846fd3059f30f7057809d1d13343d7fa42f7f43c045bd4050a1b38&amp;smart=true&amp;width=577&amp;height=436&amp;quality=85\" media=\"(min-width: 580px)\"\/><source srcset=\"https:\/\/www.infobae.com\/resizer\/v2\/NGPTYT3XN5BN7CBIJ65KLOADHM.jpeg?auth=7b082e7288846fd3059f30f7057809d1d13343d7fa42f7f43c045bd4050a1b38&amp;smart=true&amp;width=420&amp;height=317&amp;quality=85\" media=\"(min-width: 350px)\"\/><source srcset=\"https:\/\/www.infobae.com\/resizer\/v2\/NGPTYT3XN5BN7CBIJ65KLOADHM.jpeg?auth=7b082e7288846fd3059f30f7057809d1d13343d7fa42f7f43c045bd4050a1b38&amp;smart=true&amp;width=350&amp;height=264&amp;quality=85\" media=\"(min-width: 80px)\"\/><img alt=\"Luis Caputo Nicol\u00e1s Pino\" class=\"global-image\" decoding=\"async\" fetchpriority=\"low\" height=\"1546\" loading=\"lazy\" src=\"https:\/\/www.infobae.com\/resizer\/v2\/NGPTYT3XN5BN7CBIJ65KLOADHM.jpeg?auth=7b082e7288846fd3059f30f7057809d1d13343d7fa42f7f43c045bd4050a1b38&amp;smart=true&amp;width=350&amp;height=264&amp;quality=85\" width=\"2048\"\/><\/picture><figcaption class=\"article-figcaption-img\">El presidente de la SRA, Nicol\u00e1s Pino, y el ministro de Econom\u00eda, Luis Caputo<\/figcaption><\/div>\n<p class=\"paragraph\">Surge adem\u00e1s la controversia sobre los l\u00edmites a la reelecci\u00f3n. Un grupo de <b>120 socios<\/b> objet\u00f3 la posible reelecci\u00f3n de <b>Pino<\/b> para un cuarto mandato, invocando la reforma estatutaria impulsada por \u00e9l mismo en marzo de 2023, que fij\u00f3 el tope en tres mandatos consecutivos. <\/p>\n<p class=\"paragraph\">Sin embargo, seg\u00fan la conducci\u00f3n actual, este l\u00edmite solo aplica a partir de la aprobaci\u00f3n formal ante la Inspecci\u00f3n General de Justicia, el 20 de julio de 2023. Bajo este criterio, el per\u00edodo 2024-2026 ser\u00eda el primer mandato de Pino bajo la nueva norma. En una carta, los socios cr\u00edticos advirtieron que autorizar una nueva postulaci\u00f3n implicar\u00eda un <b>\u201cretroceso institucional y una contradicci\u00f3n \u00e9tica\u201d<\/b> y que <b>\u201clas reglas pierden toda legitimidad cuando quienes las impulsan deciden no cumplirlas\u201d<\/b>.<\/p>\n<p class=\"paragraph\">En paralelo, la SRA reafirma su rol como principal organizaci\u00f3n de grandes productores rurales y terratenientes de Argentina, con <b>3.900 socios<\/b> y una historia institucional ligada a apellidos como <b>Mart\u00ednez de Hoz, Anchorena, Miguens, Blaquier, Frers y Etchevehere<\/b>. Fundada en 1866, la entidad pertenece al Grupo de los Seis, que nuclea a los actores econ\u00f3micos m\u00e1s poderosos del pa\u00eds: bancos nacionales (Adeba), la industria (UIA), la Bolsa de Comercio de Buenos Aires (BCBA), la C\u00e1mara de la Construcci\u00f3n (Camarco) y la C\u00e1mara Argentina del Comercio (CAC).<\/p>\n<p class=\"paragraph\">La situaci\u00f3n electoral mantiene la expectativa. Aunque <b>Pereda<\/b> ya formaliz\u00f3 su candidatura a la presidencia, <b>Pino<\/b> sostiene en redes sociales que a\u00fan eval\u00faa su postulaci\u00f3n, postergando el anuncio definitivo. Estas definiciones marcar\u00e1n el escenario competitivo de septiembre y determinar\u00e1n el futuro institucional de la Sociedad Rural Argentina para sus socios y el sector agroindustrial.<\/p>\n<\/div>\n<p><script defer=\"\">try{!function(f,b,e,v,n,t,s) {if(f.fbq)return;n=f.fbq=function(){n.callMethod? n.callMethod.apply(n,arguments):n.queue.push(arguments)}; if(!f._fbq)f._fbq=n;n.push=n;n.loaded=!0;n.version='2.0'; n.queue=[];t=b.createElement(e);t.async=!0; t.src=v;s=b.getElementsByTagName(e)[0]; s.parentNode.insertBefore(t,s)}(window, document,'script', ' fbq('init', '336383993555320'); fbq('track', 'PageView'); fbq('track', 'ViewContent');}catch(error){console.log(\"Error al inicializar facebookPixelRawCodeScript:\",error);}<\/script><\/p>\n","protected":false},"excerpt":{"rendered":"<p>Nicol\u00e1s Pino, presidente de la Sociedad Rural Argentina, mantiene una posici\u00f3n de di\u00e1logo abierto con la administraci\u00f3n nacional y es se\u00f1alado por sus cr\u00edticos por su cercan\u00eda al Gobierno de Javier Milei La Sociedad Rural Argentina (SRA) atraviesa una crisis institucional sin precedentes tras la denuncia p\u00fablica de un fracaso tecnol\u00f3gico que implic\u00f3 un costo [&hellip;]<\/p>\n","protected":false},"author":2,"featured_media":87834,"comment_status":"","ping_status":"","sticky":false,"template":"","format":"standard","meta":{"footnotes":""},"categories":[2],"tags":[],"_links":{"self":[{"href":"https:\/\/maxradio923.com.ar\/index.php\/wp-json\/wp\/v2\/posts\/87833"}],"collection":[{"href":"https:\/\/maxradio923.com.ar\/index.php\/wp-json\/wp\/v2\/posts"}],"about":[{"href":"https:\/\/maxradio923.com.ar\/index.php\/wp-json\/wp\/v2\/types\/post"}],"author":[{"embeddable":true,"href":"https:\/\/maxradio923.com.ar\/index.php\/wp-json\/wp\/v2\/users\/2"}],"replies":[{"embeddable":true,"href":"https:\/\/maxradio923.com.ar\/index.php\/wp-json\/wp\/v2\/comments?post=87833"}],"version-history":[{"count":0,"href":"https:\/\/maxradio923.com.ar\/index.php\/wp-json\/wp\/v2\/posts\/87833\/revisions"}],"wp:featuredmedia":[{"embeddable":true,"href":"https:\/\/maxradio923.com.ar\/index.php\/wp-json\/wp\/v2\/media\/87834"}],"wp:attachment":[{"href":"https:\/\/maxradio923.com.ar\/index.php\/wp-json\/wp\/v2\/media?parent=87833"}],"wp:term":[{"taxonomy":"category","embeddable":true,"href":"https:\/\/maxradio923.com.ar\/index.php\/wp-json\/wp\/v2\/categories?post=87833"},{"taxonomy":"post_tag","embeddable":true,"href":"https:\/\/maxradio923.com.ar\/index.php\/wp-json\/wp\/v2\/tags?post=87833"}],"curies":[{"name":"wp","href":"https:\/\/api.w.org\/{rel}","templated":true}]}}