{"id":87828,"date":"2026-04-27T14:54:03","date_gmt":"2026-04-27T17:54:03","guid":{"rendered":"https:\/\/maxradio923.com.ar\/index.php\/2026\/04\/27\/con-la-inflacion-en-la-mira-el-gobierno-bajo-del-4-al-3-mensual-el-aumento-de-las-boletas-de-aysa\/"},"modified":"2026-04-27T14:54:03","modified_gmt":"2026-04-27T17:54:03","slug":"con-la-inflacion-en-la-mira-el-gobierno-bajo-del-4-al-3-mensual-el-aumento-de-las-boletas-de-aysa","status":"publish","type":"post","link":"https:\/\/maxradio923.com.ar\/index.php\/2026\/04\/27\/con-la-inflacion-en-la-mira-el-gobierno-bajo-del-4-al-3-mensual-el-aumento-de-las-boletas-de-aysa\/","title":{"rendered":"Con la inflaci\u00f3n en la mira, el Gobierno baj\u00f3 del 4% al 3% mensual el aumento de las boletas de AySA"},"content":{"rendered":"<p><\/p>\n<div>\n<div class=\"visual__image image-initial-width\"><picture><source srcset=\"https:\/\/www.infobae.com\/resizer\/v2\/SZVUOAADSJEALK5KNYZBBPKGWU.jpg?auth=6b3a9e9f8c72f600daf5ba3292a79a0bbf39131ddcc8143d092cba37785a2d10&amp;smart=true&amp;width=992&amp;height=558&amp;quality=85\" media=\"(min-width: 1000px)\"\/><source srcset=\"https:\/\/www.infobae.com\/resizer\/v2\/SZVUOAADSJEALK5KNYZBBPKGWU.jpg?auth=6b3a9e9f8c72f600daf5ba3292a79a0bbf39131ddcc8143d092cba37785a2d10&amp;smart=true&amp;width=768&amp;height=432&amp;quality=85\" media=\"(min-width: 768px)\"\/><source srcset=\"https:\/\/www.infobae.com\/resizer\/v2\/SZVUOAADSJEALK5KNYZBBPKGWU.jpg?auth=6b3a9e9f8c72f600daf5ba3292a79a0bbf39131ddcc8143d092cba37785a2d10&amp;smart=true&amp;width=577&amp;height=325&amp;quality=85\" media=\"(min-width: 580px)\"\/><source srcset=\"https:\/\/www.infobae.com\/resizer\/v2\/SZVUOAADSJEALK5KNYZBBPKGWU.jpg?auth=6b3a9e9f8c72f600daf5ba3292a79a0bbf39131ddcc8143d092cba37785a2d10&amp;smart=true&amp;width=420&amp;height=236&amp;quality=85\" media=\"(min-width: 350px)\"\/><source srcset=\"https:\/\/www.infobae.com\/resizer\/v2\/SZVUOAADSJEALK5KNYZBBPKGWU.jpg?auth=6b3a9e9f8c72f600daf5ba3292a79a0bbf39131ddcc8143d092cba37785a2d10&amp;smart=true&amp;width=350&amp;height=197&amp;quality=85\" media=\"(min-width: 80px)\"\/><img alt=\"Atlantic Council 2026 - Luis Toto Caputo\" class=\"global-image\" decoding=\"async\" fetchpriority=\"high\" height=\"1007\" loading=\"eager\" src=\"https:\/\/www.infobae.com\/resizer\/v2\/SZVUOAADSJEALK5KNYZBBPKGWU.jpg?auth=6b3a9e9f8c72f600daf5ba3292a79a0bbf39131ddcc8143d092cba37785a2d10&amp;smart=true&amp;width=350&amp;height=197&amp;quality=85\" width=\"1790\"\/><\/picture><figcaption class=\"article-figcaption-img\">El ministro de Econom\u00eda, Luis Caputo debe fijar en los pr\u00f3ximos d\u00edas si aplica un aumento del recargo en la boleta de gas.<\/figcaption><\/div>\n<p class=\"paragraph\">Luego del <b>3,4%<\/b> que marc\u00f3 la inflaci\u00f3n en marzo, el Gobierno se comprometi\u00f3 con el objetivo de lograr una desaceleraci\u00f3n en abril y con ello cortar con la tendencia alcista que ya acumula nueve meses. En esa l\u00ednea, el Gobierno decidi\u00f3<b> bajar el tope permitido de aumentos en la boleta de Aguas y Saneamientos Argentinos (AySA) de 4% a 3 por ciento<\/b>. Al mismo tiempo, se espera por la decisi\u00f3n del ministro de Econom\u00eda, <b>Luis Caputo<\/b>, respecto al aumento del recargo en las boletas de gas para financiar el fondo fiduciario de Zonas Fr\u00edas.<\/p>\n<p class=\"paragraph\">Este lunes, se public\u00f3 en el Bolet\u00edn Oficial la Resoluci\u00f3n <b>ERAS N\u00b0 14\/26<\/b>, que<b> <\/b>estableci\u00f3 un <b>tope del 3% mensual<\/b> para los incrementos en las facturas de agua y cloacas entre mayo y agosto de 2026. El <b>Ente Regulador de Agua y Saneamiento (ERAS)<\/b> fij\u00f3 esta medida en un contexto de presi\u00f3n inflacionaria y de atrasos acumulados en las tarifas, que impactan tanto en el equilibrio financiero de la empresa como en el bolsillo de los usuarios.<\/p>\n<p class=\"paragraph\">Seg\u00fan el comunicado oficial de <b>AySA<\/b>, la decisi\u00f3n apunta a \u201ccontinuar con el proceso de adecuaci\u00f3n tarifaria de manera gradual y controlada, <b>con actualizaciones de hasta el 3% mensual para el per\u00edodo comprendido entre mayo y agosto<\/b>, con el objetivo de sostener el equilibrio econ\u00f3mico-financiero de la empresa y garantizar la continuidad, calidad del servicio y las inversiones en infraestructura\u201d. El esquema vigente permite acompa\u00f1ar la evoluci\u00f3n de los costos y asegura previsibilidad para la planificaci\u00f3n y ejecuci\u00f3n de obras fundamentales.<\/p>\n<div class=\"visual__image\"><picture><source srcset=\"https:\/\/www.infobae.com\/resizer\/v2\/ZCH7F37BYVALLJOVVH4HYEQFVI.jpg?auth=4684e575d47e99b64cfb32fca2a9576146f36d3b272336554e5df611b5a84f54&amp;smart=true&amp;width=992&amp;height=556&amp;quality=85\" media=\"(min-width: 1000px)\"\/><source srcset=\"https:\/\/www.infobae.com\/resizer\/v2\/ZCH7F37BYVALLJOVVH4HYEQFVI.jpg?auth=4684e575d47e99b64cfb32fca2a9576146f36d3b272336554e5df611b5a84f54&amp;smart=true&amp;width=768&amp;height=430&amp;quality=85\" media=\"(min-width: 768px)\"\/><source srcset=\"https:\/\/www.infobae.com\/resizer\/v2\/ZCH7F37BYVALLJOVVH4HYEQFVI.jpg?auth=4684e575d47e99b64cfb32fca2a9576146f36d3b272336554e5df611b5a84f54&amp;smart=true&amp;width=577&amp;height=323&amp;quality=85\" media=\"(min-width: 580px)\"\/><source srcset=\"https:\/\/www.infobae.com\/resizer\/v2\/ZCH7F37BYVALLJOVVH4HYEQFVI.jpg?auth=4684e575d47e99b64cfb32fca2a9576146f36d3b272336554e5df611b5a84f54&amp;smart=true&amp;width=420&amp;height=235&amp;quality=85\" media=\"(min-width: 350px)\"\/><source srcset=\"https:\/\/www.infobae.com\/resizer\/v2\/ZCH7F37BYVALLJOVVH4HYEQFVI.jpg?auth=4684e575d47e99b64cfb32fca2a9576146f36d3b272336554e5df611b5a84f54&amp;smart=true&amp;width=350&amp;height=196&amp;quality=85\" media=\"(min-width: 80px)\"\/><img alt=\"(Imagen Ilustrativa Infobae)\" class=\"global-image\" decoding=\"async\" fetchpriority=\"low\" height=\"816\" loading=\"lazy\" src=\"https:\/\/www.infobae.com\/resizer\/v2\/ZCH7F37BYVALLJOVVH4HYEQFVI.jpg?auth=4684e575d47e99b64cfb32fca2a9576146f36d3b272336554e5df611b5a84f54&amp;smart=true&amp;width=350&amp;height=196&amp;quality=85\" width=\"1456\"\/><\/picture><figcaption class=\"article-figcaption-img\">El esquema de actualizaci\u00f3n tarifaria de AySA fija un aumento m\u00e1ximo de 3% de incremento mensual entre mayo y agosto de 2026.<\/figcaption><\/div>\n<p class=\"paragraph\">Desde abril de 2024, AySA tiene vigente una f\u00f3rmula polin\u00f3mica para la actualizaci\u00f3n mensual de tarifas, aprobada por la Resoluci\u00f3n 09\/2024 de la Secretar\u00eda de Obras P\u00fablicas. Dicha f\u00f3rmula toma en cuenta los salarios, los precios mayoristas y el \u00cdndice de Precios al Consumidor (IPC). Pero durante 2025, el Ministerio de Econom\u00eda dispuso que los aumentos no superaran el <b>1% <\/b>mensual, lo que gener\u00f3 un atraso tarifario de <b>21% <\/b>a diciembre de ese a\u00f1o. Por lo que a posteriori una nueva resoluci\u00f3n permiti\u00f3 aumentos de hasta <b>4%<\/b> mensual entre enero y abril del 2026. Pero como la inflaci\u00f3n continu\u00f3 en alza, el atraso no se recuper\u00f3.<\/p>\n<p class=\"paragraph\">Pese a ello, por medio de la Resoluci\u00f3n ERAS N\u00b0 14\/26 y a los fines de ayudar a la desaceleraci\u00f3n de la inflaci\u00f3n a partir de abril, se fij\u00f3 que el incremento mensual efectivo desde mayo hasta agosto de 2026 no podr\u00e1 superar el <b>3%<\/b> en cada mes, siempre que la f\u00f3rmula de actualizaci\u00f3n no arroje un valor menor. La medida responde al pedido de la concesionaria, que inform\u00f3 un d\u00e9ficit proyectado de <b>$205.000 millones<\/b> y la necesidad de continuar con el proceso de convergencia tarifaria.<\/p>\n<p class=\"paragraph\">El proceso de actualizaci\u00f3n incluye, seg\u00fan destacaron desde la empresa, la continuidad del programa de <b>Tarifa Social<\/b>, que busca neutralizar el impacto del ajuste para los sectores vulnerables. El descuento del <b>15%<\/b> para los denominados \u201czonales bajos\u201d se mantiene vigente y alcanza al <b>48%<\/b> de los usuarios residenciales. AySA remarc\u00f3 que estos mecanismos de protecci\u00f3n social seguir\u00e1n vigentes mientras avance el proceso de readecuaci\u00f3n tarifaria. <\/p>\n<div class=\"visual__image\"><picture><source srcset=\"https:\/\/www.infobae.com\/resizer\/v2\/MRRD4QS3GFC6HLXD3NF7THCD7I.jpeg?auth=ad066f9cf65f0c965df65954fd07e6b643c16b6e1bd053cc15622dee6b481039&amp;smart=true&amp;width=992&amp;height=576&amp;quality=85\" media=\"(min-width: 1000px)\"\/><source srcset=\"https:\/\/www.infobae.com\/resizer\/v2\/MRRD4QS3GFC6HLXD3NF7THCD7I.jpeg?auth=ad066f9cf65f0c965df65954fd07e6b643c16b6e1bd053cc15622dee6b481039&amp;smart=true&amp;width=768&amp;height=446&amp;quality=85\" media=\"(min-width: 768px)\"\/><source srcset=\"https:\/\/www.infobae.com\/resizer\/v2\/MRRD4QS3GFC6HLXD3NF7THCD7I.jpeg?auth=ad066f9cf65f0c965df65954fd07e6b643c16b6e1bd053cc15622dee6b481039&amp;smart=true&amp;width=577&amp;height=335&amp;quality=85\" media=\"(min-width: 580px)\"\/><source srcset=\"https:\/\/www.infobae.com\/resizer\/v2\/MRRD4QS3GFC6HLXD3NF7THCD7I.jpeg?auth=ad066f9cf65f0c965df65954fd07e6b643c16b6e1bd053cc15622dee6b481039&amp;smart=true&amp;width=420&amp;height=244&amp;quality=85\" media=\"(min-width: 350px)\"\/><source srcset=\"https:\/\/www.infobae.com\/resizer\/v2\/MRRD4QS3GFC6HLXD3NF7THCD7I.jpeg?auth=ad066f9cf65f0c965df65954fd07e6b643c16b6e1bd053cc15622dee6b481039&amp;smart=true&amp;width=350&amp;height=203&amp;quality=85\" media=\"(min-width: 80px)\"\/><img alt=\"Captura de pantalla de tabla de AySA con factura media mensual de agua y cloaca. Muestra datos por zonas (Alto, Medio, Bajo) y meses (Mar, Abr, May)\" class=\"global-image\" decoding=\"async\" fetchpriority=\"low\" height=\"340\" loading=\"lazy\" src=\"https:\/\/www.infobae.com\/resizer\/v2\/MRRD4QS3GFC6HLXD3NF7THCD7I.jpeg?auth=ad066f9cf65f0c965df65954fd07e6b643c16b6e1bd053cc15622dee6b481039&amp;smart=true&amp;width=350&amp;height=203&amp;quality=85\" width=\"586\"\/><\/picture><figcaption class=\"article-figcaption-img\">La factura media de AYSA en mayo sera de $ 39.967 sin impuestos.<\/figcaption><\/div>\n<p class=\"paragraph\">Seg\u00fan el cuadro oficial de AySA, las boletas de agua y cloaca reflejar\u00e1n distintos valores promedio mensuales sin impuestos seg\u00fan la zona. En mayo de 2026, el monto estimado para la zona alta ser\u00e1 de <b>$35.325<\/b>, mientras que en la zona media ascender\u00e1 a<b> $32.081<\/b> y en la zona baja a <b>$25.777<\/b>. El promedio general para todas las \u00e1reas se ubicar\u00e1 en <b>$29.967<\/b>, lo que representa un incremento respecto a los meses previos. En abril, el monto estimado para la zona alta era de <b>$34.977<\/b>, media <b>$31.146<\/b> y baja <b>25.026 pesos<\/b>.<\/p>\n<p class=\"paragraph\">En el sector energ\u00e9tico, la atenci\u00f3n se concentra en la inminente actualizaci\u00f3n del recargo en las facturas de gas. Fuentes al tanto de las decisiones comentaron a <i>Infobae <\/i>que la definici\u00f3n respecto al aumento del <b>50% <\/b>del recargo de la tarifa de gas se va a conocer a fin de mes. Es que hace una semana, el presidente <b>Javier Milei<\/b> otorg\u00f3 nuevas facultades al ministro <b>Luis Caputo<\/b> para modificar hasta en un <b>50% <\/b>el recargo en la boleta de gas que financia el <b>Fondo Fiduciario de Zonas Fr\u00edas<\/b>. Mediante el Decreto 266\/2026, el recargo podr\u00e1 llegar hasta un m\u00e1ximo de <b>11,25%<\/b>, frente al tope anterior de<b> 7,5%<\/b>.<\/p>\n<p class=\"paragraph\">El <b>Fondo Fiduciario de Zonas Fr\u00edas<\/b> cubre el costo de las bonificaciones para usuarios residenciales en \u00e1reas con temperaturas bajas. En 2021, la ampliaci\u00f3n del r\u00e9gimen increment\u00f3 la cantidad de beneficiarios de <b>950 mil a 4 millones de hogares<\/b>. El nuevo marco legal apunta a que el costo de los subsidios no recaiga exclusivamente sobre el Estado, en un contexto de suba internacional de los precios del gas y el petr\u00f3leo.<\/p>\n<p class=\"paragraph\">El ajuste del recargo impacta sobre el precio del gas y surge de la necesidad de cubrir el d\u00e9ficit del fondo ante el incremento en los costos de abastecimiento. Seg\u00fan fuentes oficiales, el r\u00e9gimen de zona fr\u00eda es regresivo y deficitario, y la medida busca evitar mayor gasto p\u00fablico. El decreto responde a la volatilidad del mercado internacional de gas, agravada por el conflicto en Oriente Medio y la demanda invernal de importaciones de GNL.<\/p>\n<p class=\"paragraph\">El paralelismo entre la pol\u00edtica de topes en los servicios de agua y el manejo de los aumentos en el gas marca la estrategia oficial para atenuar el traslado de costos a los usuarios. Mientras la definici\u00f3n sobre el gas permanece pendiente, la experiencia de la segmentaci\u00f3n de aumentos en AySA funciona como antecedente sobre c\u00f3mo las autoridades buscan administrar el impacto de la inflaci\u00f3n en los servicios p\u00fablicos esenciales.<\/p>\n<\/div>\n<p><script defer=\"\">try{!function(f,b,e,v,n,t,s) {if(f.fbq)return;n=f.fbq=function(){n.callMethod? n.callMethod.apply(n,arguments):n.queue.push(arguments)}; if(!f._fbq)f._fbq=n;n.push=n;n.loaded=!0;n.version='2.0'; n.queue=[];t=b.createElement(e);t.async=!0; t.src=v;s=b.getElementsByTagName(e)[0]; s.parentNode.insertBefore(t,s)}(window, document,'script', ' fbq('init', '336383993555320'); fbq('track', 'PageView'); fbq('track', 'ViewContent');}catch(error){console.log(\"Error al inicializar facebookPixelRawCodeScript:\",error);}<\/script><\/p>\n","protected":false},"excerpt":{"rendered":"<p>El ministro de Econom\u00eda, Luis Caputo debe fijar en los pr\u00f3ximos d\u00edas si aplica un aumento del recargo en la boleta de gas. Luego del 3,4% que marc\u00f3 la inflaci\u00f3n en marzo, el Gobierno se comprometi\u00f3 con el objetivo de lograr una desaceleraci\u00f3n en abril y con ello cortar con la tendencia alcista que ya [&hellip;]<\/p>\n","protected":false},"author":2,"featured_media":87058,"comment_status":"","ping_status":"","sticky":false,"template":"","format":"standard","meta":{"footnotes":""},"categories":[2],"tags":[],"_links":{"self":[{"href":"https:\/\/maxradio923.com.ar\/index.php\/wp-json\/wp\/v2\/posts\/87828"}],"collection":[{"href":"https:\/\/maxradio923.com.ar\/index.php\/wp-json\/wp\/v2\/posts"}],"about":[{"href":"https:\/\/maxradio923.com.ar\/index.php\/wp-json\/wp\/v2\/types\/post"}],"author":[{"embeddable":true,"href":"https:\/\/maxradio923.com.ar\/index.php\/wp-json\/wp\/v2\/users\/2"}],"replies":[{"embeddable":true,"href":"https:\/\/maxradio923.com.ar\/index.php\/wp-json\/wp\/v2\/comments?post=87828"}],"version-history":[{"count":0,"href":"https:\/\/maxradio923.com.ar\/index.php\/wp-json\/wp\/v2\/posts\/87828\/revisions"}],"wp:featuredmedia":[{"embeddable":true,"href":"https:\/\/maxradio923.com.ar\/index.php\/wp-json\/wp\/v2\/media\/87058"}],"wp:attachment":[{"href":"https:\/\/maxradio923.com.ar\/index.php\/wp-json\/wp\/v2\/media?parent=87828"}],"wp:term":[{"taxonomy":"category","embeddable":true,"href":"https:\/\/maxradio923.com.ar\/index.php\/wp-json\/wp\/v2\/categories?post=87828"},{"taxonomy":"post_tag","embeddable":true,"href":"https:\/\/maxradio923.com.ar\/index.php\/wp-json\/wp\/v2\/tags?post=87828"}],"curies":[{"name":"wp","href":"https:\/\/api.w.org\/{rel}","templated":true}]}}