{"id":87824,"date":"2026-04-27T13:48:04","date_gmt":"2026-04-27T16:48:04","guid":{"rendered":"https:\/\/maxradio923.com.ar\/index.php\/2026\/04\/27\/una-historica-empresa-de-muebles-prepara-el-pedido-a-convocatoria-de-acreedores-en-medio-de-la-crisis-del-sector\/"},"modified":"2026-04-27T13:48:04","modified_gmt":"2026-04-27T16:48:04","slug":"una-historica-empresa-de-muebles-prepara-el-pedido-a-convocatoria-de-acreedores-en-medio-de-la-crisis-del-sector","status":"publish","type":"post","link":"https:\/\/maxradio923.com.ar\/index.php\/2026\/04\/27\/una-historica-empresa-de-muebles-prepara-el-pedido-a-convocatoria-de-acreedores-en-medio-de-la-crisis-del-sector\/","title":{"rendered":"Una hist\u00f3rica empresa de muebles prepara el pedido a convocatoria de acreedores, en medio de la crisis del sector"},"content":{"rendered":"<p><\/p>\n<div>\n<div class=\"visual__image image-initial-width\"><picture><source srcset=\"https:\/\/www.infobae.com\/resizer\/v2\/BEZAPT76RFHPXCCJETVM4NTJ3U.jpg?auth=2bff2e6d06ba265694585a4ddf0186d169cb7e61c91d01b148d8c24814fb86c6&amp;smart=true&amp;width=992&amp;height=522&amp;quality=85\" media=\"(min-width: 1000px)\"\/><source srcset=\"https:\/\/www.infobae.com\/resizer\/v2\/BEZAPT76RFHPXCCJETVM4NTJ3U.jpg?auth=2bff2e6d06ba265694585a4ddf0186d169cb7e61c91d01b148d8c24814fb86c6&amp;smart=true&amp;width=768&amp;height=404&amp;quality=85\" media=\"(min-width: 768px)\"\/><source srcset=\"https:\/\/www.infobae.com\/resizer\/v2\/BEZAPT76RFHPXCCJETVM4NTJ3U.jpg?auth=2bff2e6d06ba265694585a4ddf0186d169cb7e61c91d01b148d8c24814fb86c6&amp;smart=true&amp;width=577&amp;height=304&amp;quality=85\" media=\"(min-width: 580px)\"\/><source srcset=\"https:\/\/www.infobae.com\/resizer\/v2\/BEZAPT76RFHPXCCJETVM4NTJ3U.jpg?auth=2bff2e6d06ba265694585a4ddf0186d169cb7e61c91d01b148d8c24814fb86c6&amp;smart=true&amp;width=420&amp;height=221&amp;quality=85\" media=\"(min-width: 350px)\"\/><source srcset=\"https:\/\/www.infobae.com\/resizer\/v2\/BEZAPT76RFHPXCCJETVM4NTJ3U.jpg?auth=2bff2e6d06ba265694585a4ddf0186d169cb7e61c91d01b148d8c24814fb86c6&amp;smart=true&amp;width=350&amp;height=184&amp;quality=85\" media=\"(min-width: 80px)\"\/><img alt=\"Fachada nocturna de Reno amoblamientos con el cartel iluminado &quot;reno&quot;. Grandes ventanales muestran el interior brillante con varias personas\" class=\"global-image\" decoding=\"async\" fetchpriority=\"high\" height=\"1011\" loading=\"eager\" src=\"https:\/\/www.infobae.com\/resizer\/v2\/BEZAPT76RFHPXCCJETVM4NTJ3U.jpg?auth=2bff2e6d06ba265694585a4ddf0186d169cb7e61c91d01b148d8c24814fb86c6&amp;smart=true&amp;width=350&amp;height=184&amp;quality=85\" width=\"1920\"\/><\/picture><figcaption class=\"article-figcaption-img\">Fundada en los a\u00f1os 50, Reno mantiene\u00a0m\u00e1s de seis d\u00e9cadas de trayectoria en el dise\u00f1o y fabricaci\u00f3n de muebles a medida<\/figcaption><\/div>\n<p class=\"paragraph\">En un contexto de ca\u00edda del consumo y cierre de numerosas industrias, la firma de amoblamientos Reno prepara su convocatoria de acreedores. Se trata de una importante empresa en el sector de cocinas, <b>con base en Santa Fe<\/b>.<\/p>\n<p class=\"paragraph\">Fundada en los a\u00f1os 50, su negocio se centra en <b>el dise\u00f1o y fabricaci\u00f3n de muebles a medida<\/b>. La compa\u00f1\u00eda, con origen en un taller artesanal, consolid\u00f3 su nombre en el sector de <b>amoblamientos de cocina, placares y vestidores<\/b> con una propuesta que se diferencia de las grandes cadenas por su enfoque personalizado.<\/p>\n<p class=\"paragraph\">Reconocida en el mercado de <b>interiorismo y construcci\u00f3n<\/b>, se orienta a proyectos que requieren soluciones espec\u00edficas y atenci\u00f3n individual. Apunta a un segmento de consumidores de nivel medio y alto, y lleg\u00f3 a exportar a pa\u00edses de la regi\u00f3n.<\/p>\n<p class=\"paragraph\">Fuentes del sector comentan que al desmanejo financiero de la empresa, atravesada por el recambio generacional de la direcci\u00f3n, se suma la fuerte ca\u00edda de ventas. La posibilidad de pedido formal de convocatoria sorprendi\u00f3, dado el calibre de la firma.<\/p>\n<div class=\"visual__image\"><picture><source srcset=\"https:\/\/www.infobae.com\/resizer\/v2\/IV7BUCKCZZHNFN65VRUUK7REXE.jpg?auth=90ef0aefd553bf2aba49172a75bd7d3ec4984ef2799417b882ed3b0f6c96d4cb&amp;smart=true&amp;width=992&amp;height=744&amp;quality=85\" media=\"(min-width: 1000px)\"\/><source srcset=\"https:\/\/www.infobae.com\/resizer\/v2\/IV7BUCKCZZHNFN65VRUUK7REXE.jpg?auth=90ef0aefd553bf2aba49172a75bd7d3ec4984ef2799417b882ed3b0f6c96d4cb&amp;smart=true&amp;width=768&amp;height=576&amp;quality=85\" media=\"(min-width: 768px)\"\/><source srcset=\"https:\/\/www.infobae.com\/resizer\/v2\/IV7BUCKCZZHNFN65VRUUK7REXE.jpg?auth=90ef0aefd553bf2aba49172a75bd7d3ec4984ef2799417b882ed3b0f6c96d4cb&amp;smart=true&amp;width=577&amp;height=433&amp;quality=85\" media=\"(min-width: 580px)\"\/><source srcset=\"https:\/\/www.infobae.com\/resizer\/v2\/IV7BUCKCZZHNFN65VRUUK7REXE.jpg?auth=90ef0aefd553bf2aba49172a75bd7d3ec4984ef2799417b882ed3b0f6c96d4cb&amp;smart=true&amp;width=420&amp;height=315&amp;quality=85\" media=\"(min-width: 350px)\"\/><source srcset=\"https:\/\/www.infobae.com\/resizer\/v2\/IV7BUCKCZZHNFN65VRUUK7REXE.jpg?auth=90ef0aefd553bf2aba49172a75bd7d3ec4984ef2799417b882ed3b0f6c96d4cb&amp;smart=true&amp;width=350&amp;height=263&amp;quality=85\" media=\"(min-width: 80px)\"\/><img alt=\"Vista interior de un showroom de cocinas. Una isla blanca con fregadero y grifo, gabinetes naranjas y un cartel rojo con &quot;reno&quot; en la pared\" class=\"global-image\" decoding=\"async\" fetchpriority=\"low\" height=\"1440\" loading=\"lazy\" src=\"https:\/\/www.infobae.com\/resizer\/v2\/IV7BUCKCZZHNFN65VRUUK7REXE.jpg?auth=90ef0aefd553bf2aba49172a75bd7d3ec4984ef2799417b882ed3b0f6c96d4cb&amp;smart=true&amp;width=350&amp;height=263&amp;quality=85\" width=\"1920\"\/><\/picture><figcaption class=\"article-figcaption-img\">La compa\u00f1\u00eda, con origen en un taller artesanal, consolid\u00f3 su nombre en el sector de\u00a0amoblamientos de cocina, placares y vestidores\u00a0<\/figcaption><\/div>\n<p class=\"paragraph\">Otra fuente se\u00f1al\u00f3 que ten\u00eda un marcado atraso en obras y que en Mendoza puntualmente tuvieron problemas importantes: la empresa habr\u00eda dejado compromisos incumplidos, con numerosos clientes afectados. <\/p>\n<p class=\"paragraph\">En algunos casos, afirman, se trataba de operaciones en las que se solicitaba el pago del 100% por adelantado \u2014generalmente a cambio de un precio m\u00e1s bajo\u2014 y luego no se cumpl\u00eda con la entrega de las cocinas.<\/p>\n<p class=\"paragraph\">En t\u00e9rminos generales, \u201cse va cerrando el camino\u201d, aseguran en el rubro en relaci\u00f3n al proceso de reconversi\u00f3n. Aunque muchas f\u00e1bricas comenzaron aboc\u00e1ndose a los muebles a medida, la retracci\u00f3n de la demanda masiva es tal que aparecen cada vez m\u00e1s competidores en los nichos.<\/p>\n<p class=\"paragraph\">\u201cEl punto tambi\u00e9n es c\u00f3mo se reconvierten las empresas y con qu\u00e9 respaldo financiero cuentan para hacerlo. Las m\u00e1quinas disponibles est\u00e1n dise\u00f1adas para producir determinados productos y no necesariamente pueden adaptarse a otros, lo cual vuelve este proceso especialmente delicado\u201d, indicaron las fuentes.<\/p>\n<div class=\"visual__image\"><picture><source srcset=\"https:\/\/www.infobae.com\/resizer\/v2\/ZBIN4WIEYFBALG6HOL3FLTRVFQ.jpg?auth=c0ad5fdf2b887baede2b3b3721b12c679ecb29af75a9b0f2e106c89f4dd8700e&amp;smart=true&amp;width=992&amp;height=991&amp;quality=85\" media=\"(min-width: 1000px)\"\/><source srcset=\"https:\/\/www.infobae.com\/resizer\/v2\/ZBIN4WIEYFBALG6HOL3FLTRVFQ.jpg?auth=c0ad5fdf2b887baede2b3b3721b12c679ecb29af75a9b0f2e106c89f4dd8700e&amp;smart=true&amp;width=768&amp;height=767&amp;quality=85\" media=\"(min-width: 768px)\"\/><source srcset=\"https:\/\/www.infobae.com\/resizer\/v2\/ZBIN4WIEYFBALG6HOL3FLTRVFQ.jpg?auth=c0ad5fdf2b887baede2b3b3721b12c679ecb29af75a9b0f2e106c89f4dd8700e&amp;smart=true&amp;width=577&amp;height=576&amp;quality=85\" media=\"(min-width: 580px)\"\/><source srcset=\"https:\/\/www.infobae.com\/resizer\/v2\/ZBIN4WIEYFBALG6HOL3FLTRVFQ.jpg?auth=c0ad5fdf2b887baede2b3b3721b12c679ecb29af75a9b0f2e106c89f4dd8700e&amp;smart=true&amp;width=420&amp;height=420&amp;quality=85\" media=\"(min-width: 350px)\"\/><source srcset=\"https:\/\/www.infobae.com\/resizer\/v2\/ZBIN4WIEYFBALG6HOL3FLTRVFQ.jpg?auth=c0ad5fdf2b887baede2b3b3721b12c679ecb29af75a9b0f2e106c89f4dd8700e&amp;smart=true&amp;width=350&amp;height=350&amp;quality=85\" media=\"(min-width: 80px)\"\/><img alt=\"Cocina moderna con gabinetes blancos y encimeras negras. Los gabinetes superiores est\u00e1n cubiertos con pl\u00e1stico protector con el logo rojo de Reno Amoblamientos\" class=\"global-image\" decoding=\"async\" fetchpriority=\"low\" height=\"1918\" loading=\"lazy\" src=\"https:\/\/www.infobae.com\/resizer\/v2\/ZBIN4WIEYFBALG6HOL3FLTRVFQ.jpg?auth=c0ad5fdf2b887baede2b3b3721b12c679ecb29af75a9b0f2e106c89f4dd8700e&amp;smart=true&amp;width=350&amp;height=350&amp;quality=85\" width=\"1920\"\/><\/picture><figcaption class=\"article-figcaption-img\">Fuentes advierten que Reno presenta desmanejos financieros<\/figcaption><\/div>\n<p class=\"paragraph\">\u201cEste es un tema que seguramente se ir\u00e1 definiendo con el tiempo. Por ahora, es evidente que el sector importador \u2014que maneja estas variables con bastante flexibilidad\u2014 a\u00fan no est\u00e1 operando a plena capacidad, principalmente porque la demanda del mercado sigue siendo limitada&#8221;, agregaron.<\/p>\n<p class=\"paragraph\">De todos modos, la competencia con Brasil contin\u00faa intensific\u00e1ndose y ejerce una creciente presi\u00f3n sobre la industria local, especialmente en el segmento de muebles que pueden transportarse en cajas, como bibliotecas e incluso sillones. <\/p>\n<p class=\"paragraph\">Seg\u00fan indican, el panorama empeora porque el pa\u00eds vecino est\u00e1 financiando exportaciones. \u201cVa a tomar mucho mercado cuando se despierte\u201d, sostienen.<\/p>\n<p class=\"paragraph\">Por otra parte, explican que aquellas empresas dedicadas a la foresto industria son las m\u00e1s afectadas, principalmente por el fin de la obra p\u00fablica.<\/p>\n<div class=\"visual__image\"><picture><source srcset=\"https:\/\/www.infobae.com\/resizer\/v2\/D6YKUIMTJNG7RJLRONEVJBOGWA.png?auth=cfc8b5725e9b2d854877034045a9e1e22de80700847a971ba5e6db79acb0ace1&amp;smart=true&amp;width=992&amp;height=431&amp;quality=85\" media=\"(min-width: 1000px)\"\/><source srcset=\"https:\/\/www.infobae.com\/resizer\/v2\/D6YKUIMTJNG7RJLRONEVJBOGWA.png?auth=cfc8b5725e9b2d854877034045a9e1e22de80700847a971ba5e6db79acb0ace1&amp;smart=true&amp;width=768&amp;height=334&amp;quality=85\" media=\"(min-width: 768px)\"\/><source srcset=\"https:\/\/www.infobae.com\/resizer\/v2\/D6YKUIMTJNG7RJLRONEVJBOGWA.png?auth=cfc8b5725e9b2d854877034045a9e1e22de80700847a971ba5e6db79acb0ace1&amp;smart=true&amp;width=577&amp;height=251&amp;quality=85\" media=\"(min-width: 580px)\"\/><source srcset=\"https:\/\/www.infobae.com\/resizer\/v2\/D6YKUIMTJNG7RJLRONEVJBOGWA.png?auth=cfc8b5725e9b2d854877034045a9e1e22de80700847a971ba5e6db79acb0ace1&amp;smart=true&amp;width=420&amp;height=182&amp;quality=85\" media=\"(min-width: 350px)\"\/><source srcset=\"https:\/\/www.infobae.com\/resizer\/v2\/D6YKUIMTJNG7RJLRONEVJBOGWA.png?auth=cfc8b5725e9b2d854877034045a9e1e22de80700847a971ba5e6db79acb0ace1&amp;smart=true&amp;width=350&amp;height=152&amp;quality=85\" media=\"(min-width: 80px)\"\/><img alt=\"Deshechos de la actividad forestal\" class=\"global-image\" decoding=\"async\" fetchpriority=\"low\" height=\"529\" loading=\"lazy\" src=\"https:\/\/www.infobae.com\/resizer\/v2\/D6YKUIMTJNG7RJLRONEVJBOGWA.png?auth=cfc8b5725e9b2d854877034045a9e1e22de80700847a971ba5e6db79acb0ace1&amp;smart=true&amp;width=350&amp;height=152&amp;quality=85\" width=\"1218\"\/><\/picture><figcaption class=\"article-figcaption-img\">Las empresas dedicadas a la foresto industria son las m\u00e1s afectadas, principalmente por el fin de la obra p\u00fablica (Revista Chacra)<\/figcaption><\/div>\n<p class=\"paragraph\">As\u00ed, m\u00e1s all\u00e1 de las particularidades, Reno no es un caso aislado e ilustra la crisis que enfrenta toda esta actividad.<\/p>\n<p class=\"paragraph\">En ese sentido, seg\u00fan el \u00faltimo relevamiento de la Confederaci\u00f3n Argentina de la Mediana Empresa (CAME), la actividad del sector Bazar, decoraci\u00f3n, textiles de hogar y muebles se contrajo un 8,3% en marzo respecto al a\u00f1o anterior. <\/p>\n<p class=\"paragraph\">\u201cEl presupuesto de los hogares prioriz\u00f3 los gastos escolares y de subsistencia, postergando la renovaci\u00f3n de mobiliario y art\u00edculos decorativos. La inflaci\u00f3n y la erosi\u00f3n de los ingresos reales limitaron el volumen f\u00edsico de ventas en el per\u00edodo\u201d, se\u00f1al\u00f3 la entidad. <\/p>\n<p class=\"paragraph\">Y asegur\u00f3 que se registr\u00f3 un menor flujo de clientes en locales f\u00edsicos, concentrando la demanda en elementos de bajo costo unitario. Los reportes indican que el uso de tarjetas de cr\u00e9dito y beneficios bancarios fue el principal recurso para concretar transacciones. <\/p>\n<p class=\"paragraph\">\u201cEl alza en los costos operativos, como impuestos y servicios, redujo los m\u00e1rgenes de ganancia. Los vendedores se\u00f1alan una fuerte competencia de canales informales y bazares de bajo precio. La recuperaci\u00f3n de los niveles de venta depende de la mejora en la capacidad de ahorro y la flexibilidad del financiamiento\u201d, concluy\u00f3 el informe.<\/p>\n<\/div>\n<p><script defer=\"\">try{!function(f,b,e,v,n,t,s) {if(f.fbq)return;n=f.fbq=function(){n.callMethod? n.callMethod.apply(n,arguments):n.queue.push(arguments)}; if(!f._fbq)f._fbq=n;n.push=n;n.loaded=!0;n.version='2.0'; n.queue=[];t=b.createElement(e);t.async=!0; t.src=v;s=b.getElementsByTagName(e)[0]; s.parentNode.insertBefore(t,s)}(window, document,'script', ' fbq('init', '336383993555320'); fbq('track', 'PageView'); fbq('track', 'ViewContent');}catch(error){console.log(\"Error al inicializar facebookPixelRawCodeScript:\",error);}<\/script><\/p>\n","protected":false},"excerpt":{"rendered":"<p>Fundada en los a\u00f1os 50, Reno mantiene\u00a0m\u00e1s de seis d\u00e9cadas de trayectoria en el dise\u00f1o y fabricaci\u00f3n de muebles a medida En un contexto de ca\u00edda del consumo y cierre de numerosas industrias, la firma de amoblamientos Reno prepara su convocatoria de acreedores. Se trata de una importante empresa en el sector de cocinas, con [&hellip;]<\/p>\n","protected":false},"author":2,"featured_media":87825,"comment_status":"","ping_status":"","sticky":false,"template":"","format":"standard","meta":{"footnotes":""},"categories":[2],"tags":[],"_links":{"self":[{"href":"https:\/\/maxradio923.com.ar\/index.php\/wp-json\/wp\/v2\/posts\/87824"}],"collection":[{"href":"https:\/\/maxradio923.com.ar\/index.php\/wp-json\/wp\/v2\/posts"}],"about":[{"href":"https:\/\/maxradio923.com.ar\/index.php\/wp-json\/wp\/v2\/types\/post"}],"author":[{"embeddable":true,"href":"https:\/\/maxradio923.com.ar\/index.php\/wp-json\/wp\/v2\/users\/2"}],"replies":[{"embeddable":true,"href":"https:\/\/maxradio923.com.ar\/index.php\/wp-json\/wp\/v2\/comments?post=87824"}],"version-history":[{"count":0,"href":"https:\/\/maxradio923.com.ar\/index.php\/wp-json\/wp\/v2\/posts\/87824\/revisions"}],"wp:featuredmedia":[{"embeddable":true,"href":"https:\/\/maxradio923.com.ar\/index.php\/wp-json\/wp\/v2\/media\/87825"}],"wp:attachment":[{"href":"https:\/\/maxradio923.com.ar\/index.php\/wp-json\/wp\/v2\/media?parent=87824"}],"wp:term":[{"taxonomy":"category","embeddable":true,"href":"https:\/\/maxradio923.com.ar\/index.php\/wp-json\/wp\/v2\/categories?post=87824"},{"taxonomy":"post_tag","embeddable":true,"href":"https:\/\/maxradio923.com.ar\/index.php\/wp-json\/wp\/v2\/tags?post=87824"}],"curies":[{"name":"wp","href":"https:\/\/api.w.org\/{rel}","templated":true}]}}