{"id":87814,"date":"2026-04-27T12:21:02","date_gmt":"2026-04-27T15:21:02","guid":{"rendered":"https:\/\/maxradio923.com.ar\/index.php\/2026\/04\/27\/salud-y-la-ops-acordaron-fortalecer-las-politicas-publicas-sanitarias-en-san-juan\/"},"modified":"2026-04-27T12:21:02","modified_gmt":"2026-04-27T15:21:02","slug":"salud-y-la-ops-acordaron-fortalecer-las-politicas-publicas-sanitarias-en-san-juan","status":"publish","type":"post","link":"https:\/\/maxradio923.com.ar\/index.php\/2026\/04\/27\/salud-y-la-ops-acordaron-fortalecer-las-politicas-publicas-sanitarias-en-san-juan\/","title":{"rendered":"Salud y la OPS acordaron fortalecer las pol\u00edticas p\u00fablicas sanitarias en San Juan"},"content":{"rendered":"<p><\/p>\n<div>\n<p>El Ministerio de Salud y la Organizaci\u00f3n Panamericana de la Salud (OPS) firmaron un acuerdo marco de cooperaci\u00f3n t\u00e9cnica con el objetivo de fortalecer el sistema sanitario provincial, en l\u00ednea con la Estrategia de Cooperaci\u00f3n de Pa\u00eds 2024\u20132028 establecida entre el organismo internacional y la Rep\u00fablica Argentina.<\/p>\n<p>El convenio fue rubricado por el gobernador de la provincia, Marcelo Orrego, el ministro de Salud, Am\u00edlcar Dobladez y la representante de la OPS en Argentina, Eva Jan\u00e9 Llopis. La iniciativa apunta a mejorar la capacidad institucional, la calidad de los servicios de salud y los resultados sanitarios de la poblaci\u00f3n.<\/p>\n<p>Entre las principales l\u00edneas de cooperaci\u00f3n se destacan el fortalecimiento de la rector\u00eda y la gobernanza del sistema de salud, el desarrollo de sistemas de informaci\u00f3n y el impulso de la comunicaci\u00f3n social como herramienta clave para la toma de decisiones basadas en evidencia. Asimismo, se busca reducir la fragmentaci\u00f3n del sistema y garantizar servicios equitativos y de calidad, en el marco de los objetivos de salud universal.<\/p>\n<p>El acuerdo tambi\u00e9n contempla acciones para mejorar el acceso a servicios de salud integrales, consolidar estrategias sostenibles para la prevenci\u00f3n y control de enfermedades transmisibles, y promover pol\u00edticas integrales en salud mental, junto con la prevenci\u00f3n y el abordaje de enfermedades no transmisibles.<\/p>\n<p>Acompa\u00f1aron la firma del convenio el Presidente de la Comisi\u00f3n de Salud de la c\u00e1mara Legislativa diputado Gustavo N\u00fa\u00f1ez; la consultora nacional de Enfermedades Inmunoprevenibles en OPS, Ver\u00f3nica Lucconi; los secretarios de Salud, Alejandro Navarta, Gast\u00f3n Jofr\u00e9, Sonia S\u00e1nchez y Sebasti\u00e1n Godoy; y la directora de Relaciones Institucionales, Natalia Schiaroli.<\/p>\n<\/p><\/div>\n<p><script async defer crossorigin=\"anonymous\" src=\"https:\/\/connect.facebook.net\/es_ES\/sdk.js#xfbml=1&#038;version=v3.3\"><\/script><\/p>\n","protected":false},"excerpt":{"rendered":"<p>El Ministerio de Salud y la Organizaci\u00f3n Panamericana de la Salud (OPS) firmaron un acuerdo marco de cooperaci\u00f3n t\u00e9cnica con el objetivo de fortalecer el sistema sanitario provincial, en l\u00ednea con la Estrategia de Cooperaci\u00f3n de Pa\u00eds 2024\u20132028 establecida entre el organismo internacional y la Rep\u00fablica Argentina. El convenio fue rubricado por el gobernador de [&hellip;]<\/p>\n","protected":false},"author":2,"featured_media":87815,"comment_status":"","ping_status":"","sticky":false,"template":"","format":"standard","meta":{"footnotes":""},"categories":[8],"tags":[],"_links":{"self":[{"href":"https:\/\/maxradio923.com.ar\/index.php\/wp-json\/wp\/v2\/posts\/87814"}],"collection":[{"href":"https:\/\/maxradio923.com.ar\/index.php\/wp-json\/wp\/v2\/posts"}],"about":[{"href":"https:\/\/maxradio923.com.ar\/index.php\/wp-json\/wp\/v2\/types\/post"}],"author":[{"embeddable":true,"href":"https:\/\/maxradio923.com.ar\/index.php\/wp-json\/wp\/v2\/users\/2"}],"replies":[{"embeddable":true,"href":"https:\/\/maxradio923.com.ar\/index.php\/wp-json\/wp\/v2\/comments?post=87814"}],"version-history":[{"count":0,"href":"https:\/\/maxradio923.com.ar\/index.php\/wp-json\/wp\/v2\/posts\/87814\/revisions"}],"wp:featuredmedia":[{"embeddable":true,"href":"https:\/\/maxradio923.com.ar\/index.php\/wp-json\/wp\/v2\/media\/87815"}],"wp:attachment":[{"href":"https:\/\/maxradio923.com.ar\/index.php\/wp-json\/wp\/v2\/media?parent=87814"}],"wp:term":[{"taxonomy":"category","embeddable":true,"href":"https:\/\/maxradio923.com.ar\/index.php\/wp-json\/wp\/v2\/categories?post=87814"},{"taxonomy":"post_tag","embeddable":true,"href":"https:\/\/maxradio923.com.ar\/index.php\/wp-json\/wp\/v2\/tags?post=87814"}],"curies":[{"name":"wp","href":"https:\/\/api.w.org\/{rel}","templated":true}]}}