{"id":87812,"date":"2026-04-27T12:00:36","date_gmt":"2026-04-27T15:00:36","guid":{"rendered":"https:\/\/maxradio923.com.ar\/index.php\/2026\/04\/27\/crisis-en-la-industria-textil-una-marca-de-ropa-para-ninos-cerro-locales-y-pidio-su-concurso-preventivo\/"},"modified":"2026-04-27T12:00:36","modified_gmt":"2026-04-27T15:00:36","slug":"crisis-en-la-industria-textil-una-marca-de-ropa-para-ninos-cerro-locales-y-pidio-su-concurso-preventivo","status":"publish","type":"post","link":"https:\/\/maxradio923.com.ar\/index.php\/2026\/04\/27\/crisis-en-la-industria-textil-una-marca-de-ropa-para-ninos-cerro-locales-y-pidio-su-concurso-preventivo\/","title":{"rendered":"Crisis en la industria textil: una marca de ropa para ni\u00f1os cerr\u00f3 locales y pidi\u00f3 su concurso preventivo"},"content":{"rendered":"<p><\/p>\n<div>\n<div class=\"visual__image image-initial-width\"><picture><source srcset=\"https:\/\/www.infobae.com\/resizer\/v2\/PLLM755G25AIJOIMWPVOAAOGBE.jpg?auth=43ebd03a5672f267bb71ad0c61ec56d6ec5dceb5a269f0fcca85d07131ad3a1f&amp;smart=true&amp;width=992&amp;height=458&amp;quality=85\" media=\"(min-width: 1000px)\"\/><source srcset=\"https:\/\/www.infobae.com\/resizer\/v2\/PLLM755G25AIJOIMWPVOAAOGBE.jpg?auth=43ebd03a5672f267bb71ad0c61ec56d6ec5dceb5a269f0fcca85d07131ad3a1f&amp;smart=true&amp;width=768&amp;height=355&amp;quality=85\" media=\"(min-width: 768px)\"\/><source srcset=\"https:\/\/www.infobae.com\/resizer\/v2\/PLLM755G25AIJOIMWPVOAAOGBE.jpg?auth=43ebd03a5672f267bb71ad0c61ec56d6ec5dceb5a269f0fcca85d07131ad3a1f&amp;smart=true&amp;width=577&amp;height=266&amp;quality=85\" media=\"(min-width: 580px)\"\/><source srcset=\"https:\/\/www.infobae.com\/resizer\/v2\/PLLM755G25AIJOIMWPVOAAOGBE.jpg?auth=43ebd03a5672f267bb71ad0c61ec56d6ec5dceb5a269f0fcca85d07131ad3a1f&amp;smart=true&amp;width=420&amp;height=194&amp;quality=85\" media=\"(min-width: 350px)\"\/><source srcset=\"https:\/\/www.infobae.com\/resizer\/v2\/PLLM755G25AIJOIMWPVOAAOGBE.jpg?auth=43ebd03a5672f267bb71ad0c61ec56d6ec5dceb5a269f0fcca85d07131ad3a1f&amp;smart=true&amp;width=350&amp;height=162&amp;quality=85\" media=\"(min-width: 80px)\"\/><img alt=\"Local de la marca de ni\u00f1os Owoko en Unicenter\" class=\"global-image\" decoding=\"async\" fetchpriority=\"high\" height=\"591\" loading=\"eager\" src=\"https:\/\/www.infobae.com\/resizer\/v2\/PLLM755G25AIJOIMWPVOAAOGBE.jpg?auth=43ebd03a5672f267bb71ad0c61ec56d6ec5dceb5a269f0fcca85d07131ad3a1f&amp;smart=true&amp;width=350&amp;height=162&amp;quality=85\" width=\"1280\"\/><\/picture><figcaption class=\"article-figcaption-img\">Local de la marca de ni\u00f1os Owoko en Unicenter (Owoko)<\/figcaption><\/div>\n<p class=\"paragraph\"><b>Owoko<\/b>, una marca con m\u00e1s de 20 a\u00f1os de historia en la indumentaria infantil, atraviesa una crisis severa tras solicitar la apertura de su concurso preventivo para sus sociedades y<b> cerrar locales<\/b> en los principales shoppings del pa\u00eds. El deterioro financiero que llev\u00f3 a la empresa a esta instancia judicial responde a la ca\u00edda del consumo y a la crisis profunda del sector textil.<\/p>\n<p class=\"paragraph\">Seg\u00fan el expediente que tramita en el <b>Juzgado Comercial N\u00b0 9<\/b>, la suma de deudas entre <b>De Ni\u00f1os S.A.<\/b> (dedicada a la comercializaci\u00f3n) y <b>Kokoloko S.A.<\/b> (productiva), las empresas detr\u00e1s de la marca Owoko, supera los <b>$2.800 millones<\/b>. Tan solo De Ni\u00f1os acumula <b>$1.457 millones<\/b> de obligaciones, mientras Kokoloko agrega <b>$1.354 millones<\/b>, abarcando compromisos comerciales, bancarios, previsionales y fiscales, seg\u00fan el expediente judicial. La presi\u00f3n en la cadena de pagos tambi\u00e9n es cr\u00edtica: Kokoloko registra <b>1.400 cheques rechazados<\/b> por alrededor de <b>$600 millones<\/b> y De Ni\u00f1os otros <b>164<\/b> por <b>$117 millones<\/b>. En paralelo, algunos proveedores ya presentaron pedidos de quiebra.<\/p>\n<p class=\"paragraph\">Seg\u00fan el escrito que present\u00f3 la empresa en la documentaci\u00f3n del concurso, el promedio <b>mensual de ventas<\/b> cay\u00f3 de <b>$400 millones<\/b> en 2024 a <b>$250 millones<\/b> en 2025, lo que representa una disminuci\u00f3n acumulada de <b>m\u00e1s de $1.000 millones<\/b> en t\u00e9rminos nominales dentro del \u00faltimo a\u00f1o. <\/p>\n<p class=\"paragraph\">El propio texto elevado al Juzgado reconoce la gravedad de su situaci\u00f3n: <b>\u201cLa afectaci\u00f3n de la capacidad de consumo del cliente objetivo ha hecho que prescinda de bienes que no resultan indispensables.<\/b> Y los productos que comercializa la Sociedad, que no son otra cosa que moda, son los primeros en caer\u201d, sostiene la empresa. La compa\u00f1\u00eda advierte tambi\u00e9n en su presentaci\u00f3n: \u201cEl stock, que desde el punto de vista contable constituye un activo, se convierte en la pr\u00e1ctica en un capital inmovilizado, incapaz de cumplir su funci\u00f3n econ\u00f3mica primordial\u201d.<\/p>\n<p class=\"paragraph\">La ca\u00edda de ventas, el exceso de stock y la presi\u00f3n de las importaciones, son, seg\u00fan un informe de la <b>C\u00e1mara Industrial Argentina de la Indumentaria (CIAI)<\/b>, las principales preocupaciones de la industria textil. En un escenario en el que las ventas no repuntan, los dep\u00f3sitos se llenan de mercader\u00eda sin salida y crecen los problemas financieros a lo largo de toda la cadena, se complica la supervivencia del sector.<\/p>\n<p class=\"paragraph\">En los hechos, Owoko materializ\u00f3 su crisis con el cierre de puntos de venta en ubicaciones clave. Entre los locales que bajaron sus persianas figuran las plazas de la marca en <b>Abasto Shopping<\/b>, <b>Galer\u00edas Pac\u00edfico<\/b>, <b>Recoleta Mall<\/b> y <b>Alto Avellaneda<\/b>, espacios de alto tr\u00e1nsito y visibilidad en la ciudad de Buenos Aires y el conurbano. Aunque a\u00fan conserva presencia en barrios como <b>Palermo<\/b>, <b>Caballito<\/b>, <b>Adrogu\u00e9<\/b> y en distintas ciudades del interior, la escala de la empresa es hoy mucho menor a la de su etapa de mayor expansi\u00f3n.<\/p>\n<div class=\"visual__image\"><picture><source srcset=\"https:\/\/www.infobae.com\/resizer\/v2\/FUMUY2S2O5EONB74OE372UM57Y.jpg?auth=9fc4fbe313ea5be1f771de9bfc6d2470fb43e91d09d5fb855f6b5b3aabd9b21f&amp;smart=true&amp;width=992&amp;height=744&amp;quality=85\" media=\"(min-width: 1000px)\"\/><source srcset=\"https:\/\/www.infobae.com\/resizer\/v2\/FUMUY2S2O5EONB74OE372UM57Y.jpg?auth=9fc4fbe313ea5be1f771de9bfc6d2470fb43e91d09d5fb855f6b5b3aabd9b21f&amp;smart=true&amp;width=768&amp;height=576&amp;quality=85\" media=\"(min-width: 768px)\"\/><source srcset=\"https:\/\/www.infobae.com\/resizer\/v2\/FUMUY2S2O5EONB74OE372UM57Y.jpg?auth=9fc4fbe313ea5be1f771de9bfc6d2470fb43e91d09d5fb855f6b5b3aabd9b21f&amp;smart=true&amp;width=577&amp;height=433&amp;quality=85\" media=\"(min-width: 580px)\"\/><source srcset=\"https:\/\/www.infobae.com\/resizer\/v2\/FUMUY2S2O5EONB74OE372UM57Y.jpg?auth=9fc4fbe313ea5be1f771de9bfc6d2470fb43e91d09d5fb855f6b5b3aabd9b21f&amp;smart=true&amp;width=420&amp;height=315&amp;quality=85\" media=\"(min-width: 350px)\"\/><source srcset=\"https:\/\/www.infobae.com\/resizer\/v2\/FUMUY2S2O5EONB74OE372UM57Y.jpg?auth=9fc4fbe313ea5be1f771de9bfc6d2470fb43e91d09d5fb855f6b5b3aabd9b21f&amp;smart=true&amp;width=350&amp;height=263&amp;quality=85\" media=\"(min-width: 80px)\"\/><img alt=\"Local de la marca de ni\u00f1os Owoko\" class=\"global-image\" decoding=\"async\" fetchpriority=\"low\" height=\"1200\" loading=\"lazy\" src=\"https:\/\/www.infobae.com\/resizer\/v2\/FUMUY2S2O5EONB74OE372UM57Y.jpg?auth=9fc4fbe313ea5be1f771de9bfc6d2470fb43e91d09d5fb855f6b5b3aabd9b21f&amp;smart=true&amp;width=350&amp;height=263&amp;quality=85\" width=\"1600\"\/><\/picture><figcaption class=\"article-figcaption-img\">Local de la marca de ni\u00f1os Owoko (Owoko)<\/figcaption><\/div>\n<p class=\"paragraph\">El deterioro operativo implic\u00f3, adem\u00e1s, una reducci\u00f3n considerable en la estructura de la marca, que en su mejor momento lleg\u00f3 a emplear <b>120 personas en plantilla<\/b> y gener\u00f3 trabajo para cientos m\u00e1s en talleres y proveedores vinculados a su cadena de valor. La presi\u00f3n de los acreedores y la situaci\u00f3n judicial pusieron en conflicto tanto la continuidad de la red comercial como el funcionamiento productivo.<\/p>\n<p class=\"paragraph\">Seg\u00fan la encuesta de la CIAI correspondiente al primer bimestre del a\u00f1o, <b>las ventas cayeron 8,4% interanual <\/b>y consolidaron una tendencia negativa que ya lleva dos a\u00f1os. En 12 de los \u00faltimos 13 relevamientos bimestrales, el sector registr\u00f3 <b>retrocesos <\/b>en su facturaci\u00f3n.<\/p>\n<p class=\"paragraph\">El nacimiento de <b>Owoko<\/b> remonta a 2003, cuando la dise\u00f1adora <b>Mar\u00eda Fernanda Gonz\u00e1lez Zeolla<\/b> y el dise\u00f1ador industrial <b>Mart\u00edn Boero<\/b> fundaron la marca con el objetivo de crear una propuesta diferenciada para la infancia, apostando a la innovaci\u00f3n y el dise\u00f1o. Gonz\u00e1lez Zeolla, que hab\u00eda trabajado casi una d\u00e9cada en <b>Alpargatas -la marca fundadora de Topper, hoy en manos brasile\u00f1as-<\/b>, decidi\u00f3 romper con el esquema dominante, lejos de los tonos pasteles y dise\u00f1os cl\u00e1sicos: \u201cHago ropa de ni\u00f1os que parece ropa de adultos\u201d, sosten\u00eda en sus declaraciones, en abierta cr\u00edtica al mercado.<\/p>\n<p class=\"paragraph\">El primer local abri\u00f3 en <b>Palermo Soho<\/b> en 2004 y, desde entonces, la expansi\u00f3n incluy\u00f3 tiendas propias, franquicias y presencia en multimarcas, alcanzando una red de m\u00e1s de <b>40 locales<\/b> en shoppings, centros comerciales y calles de alto tr\u00e1nsito. El modelo de negocios incorpor\u00f3, adem\u00e1s, una estructura productiva propia y una pol\u00edtica de comunicaci\u00f3n alternativa: rechaz\u00f3 el uso de ni\u00f1os modelos en campa\u00f1as y promovi\u00f3 prendas pensadas para circular en la familia, apostando a un consumo m\u00e1s durable y menos subordinado a la l\u00f3gica de renovaci\u00f3n estacional.<\/p>\n<\/div>\n<p><script defer=\"\">try{!function(f,b,e,v,n,t,s) {if(f.fbq)return;n=f.fbq=function(){n.callMethod? n.callMethod.apply(n,arguments):n.queue.push(arguments)}; if(!f._fbq)f._fbq=n;n.push=n;n.loaded=!0;n.version='2.0'; n.queue=[];t=b.createElement(e);t.async=!0; t.src=v;s=b.getElementsByTagName(e)[0]; s.parentNode.insertBefore(t,s)}(window, document,'script', ' fbq('init', '336383993555320'); fbq('track', 'PageView'); fbq('track', 'ViewContent');}catch(error){console.log(\"Error al inicializar facebookPixelRawCodeScript:\",error);}<\/script><\/p>\n","protected":false},"excerpt":{"rendered":"<p>Local de la marca de ni\u00f1os Owoko en Unicenter (Owoko) Owoko, una marca con m\u00e1s de 20 a\u00f1os de historia en la indumentaria infantil, atraviesa una crisis severa tras solicitar la apertura de su concurso preventivo para sus sociedades y cerrar locales en los principales shoppings del pa\u00eds. El deterioro financiero que llev\u00f3 a la [&hellip;]<\/p>\n","protected":false},"author":2,"featured_media":87813,"comment_status":"","ping_status":"","sticky":false,"template":"","format":"standard","meta":{"footnotes":""},"categories":[2],"tags":[],"_links":{"self":[{"href":"https:\/\/maxradio923.com.ar\/index.php\/wp-json\/wp\/v2\/posts\/87812"}],"collection":[{"href":"https:\/\/maxradio923.com.ar\/index.php\/wp-json\/wp\/v2\/posts"}],"about":[{"href":"https:\/\/maxradio923.com.ar\/index.php\/wp-json\/wp\/v2\/types\/post"}],"author":[{"embeddable":true,"href":"https:\/\/maxradio923.com.ar\/index.php\/wp-json\/wp\/v2\/users\/2"}],"replies":[{"embeddable":true,"href":"https:\/\/maxradio923.com.ar\/index.php\/wp-json\/wp\/v2\/comments?post=87812"}],"version-history":[{"count":0,"href":"https:\/\/maxradio923.com.ar\/index.php\/wp-json\/wp\/v2\/posts\/87812\/revisions"}],"wp:featuredmedia":[{"embeddable":true,"href":"https:\/\/maxradio923.com.ar\/index.php\/wp-json\/wp\/v2\/media\/87813"}],"wp:attachment":[{"href":"https:\/\/maxradio923.com.ar\/index.php\/wp-json\/wp\/v2\/media?parent=87812"}],"wp:term":[{"taxonomy":"category","embeddable":true,"href":"https:\/\/maxradio923.com.ar\/index.php\/wp-json\/wp\/v2\/categories?post=87812"},{"taxonomy":"post_tag","embeddable":true,"href":"https:\/\/maxradio923.com.ar\/index.php\/wp-json\/wp\/v2\/tags?post=87812"}],"curies":[{"name":"wp","href":"https:\/\/api.w.org\/{rel}","templated":true}]}}