{"id":87801,"date":"2026-04-27T10:11:04","date_gmt":"2026-04-27T13:11:04","guid":{"rendered":"https:\/\/maxradio923.com.ar\/index.php\/2026\/04\/27\/embajadores-europeos-visitaron-epse-y-conocieron-la-fabrica-de-paneles-solares\/"},"modified":"2026-04-27T10:11:04","modified_gmt":"2026-04-27T13:11:04","slug":"embajadores-europeos-visitaron-epse-y-conocieron-la-fabrica-de-paneles-solares","status":"publish","type":"post","link":"https:\/\/maxradio923.com.ar\/index.php\/2026\/04\/27\/embajadores-europeos-visitaron-epse-y-conocieron-la-fabrica-de-paneles-solares\/","title":{"rendered":"Embajadores europeos visitaron EPSE y conocieron la f\u00e1brica de paneles solares"},"content":{"rendered":"<p><\/p>\n<div>\n<p>Una delegaci\u00f3n integrada por <span style=\"text-decoration: line-through;\">e<\/span>mbajadores y autoridades diplom\u00e1ticas de varios pa\u00edses europeos acreditados en la Rep\u00fablica Argentina realiz\u00f3 una visita protocolar a Energ\u00eda Provincial Sociedad del Estado (EPSE), donde conocieron la f\u00e1brica de paneles solares de San Juan. El encuentro tuvo como objetivo fortalecer el v\u00ednculo entre la provincia y pa\u00edses europeos, promoviendo oportunidades de cooperaci\u00f3n e intercambio en \u00e1reas estrat\u00e9gicas.<\/p>\n<p>Durante la visita, los representantes diplom\u00e1ticos recorrieron las instalaciones de la f\u00e1brica y recibieron informaci\u00f3n detallada sobre el desarrollo de la energ\u00eda solar en San Juan, as\u00ed como sobre la matriz energ\u00e9tica provincial, que se posiciona como una de las m\u00e1s avanzadas del pa\u00eds en materia de energ\u00edas renovables. En ese marco, se expusieron las inversiones realizadas, el crecimiento de los parques solares y el rol clave de EPSE en la generaci\u00f3n de energ\u00eda limpia.<\/p>\n<p>Asimismo, se presentaron las pol\u00edticas p\u00fablicas impulsadas por el Ministerio de Infraestructura, Agua y Energ\u00eda, orientadas a promover la sostenibilidad, la eficiencia energ\u00e9tica y el cuidado del ambiente. Entre ellas, se destac\u00f3 la incorporaci\u00f3n de tecnolog\u00eda aplicada, el impulso a la generaci\u00f3n distribuida y el desarrollo de infraestructura que permite diversificar la matriz energ\u00e9tica, con impacto directo en el desarrollo productivo y en la calidad de vida de las familias sanjuaninas.<\/p>\n<p>La delegaci\u00f3n estuvo encabezada por el embajador de la Uni\u00f3n Europea en Argentina, Erik H\u00f8eg, junto a representantes diplom\u00e1ticos de Austria, B\u00e9lgica, Eslovenia, Finlandia, Irlanda, Pa\u00edses Bajos, Portugal, Hungr\u00eda y Polonia, entre otros funcionarios.<\/p>\n<p>Por parte del Gobierno provincial participaron el ministro de Infraestructura, Agua y Energ\u00eda, Fernando Perea; el secretario DE Recursos H\u00eddricos y Energ\u00edas Renovables, David Devia y la secretaria de Relaciones Institucionales del Ministerio de Gobierno, Claudia Sarmiento, entre otras autoridades.<\/p>\n<p>En representaci\u00f3n de EPSE estuvieron presentes su presidente, Lucas Estrada; el vicepresidente, Gustavo Soria; el director secretario, Adri\u00e1n Trettel; y el s\u00edndico, Mat\u00edas Garc\u00e9s, junto a equipos t\u00e9cnicos y responsables de distintas \u00e1reas.<\/p>\n<p>Este tipo de encuentros consolida la proyecci\u00f3n internacional de San Juan y refuerza el posicionamiento de la provincia como referente en energ\u00edas renovables, con una pol\u00edtica sostenida que impulsa el desarrollo, la inversi\u00f3n y la sustentabilidad a largo plazo.<\/p>\n<\/p><\/div>\n<p><script async defer crossorigin=\"anonymous\" src=\"https:\/\/connect.facebook.net\/es_ES\/sdk.js#xfbml=1&#038;version=v3.3\"><\/script><\/p>\n","protected":false},"excerpt":{"rendered":"<p>Una delegaci\u00f3n integrada por embajadores y autoridades diplom\u00e1ticas de varios pa\u00edses europeos acreditados en la Rep\u00fablica Argentina realiz\u00f3 una visita protocolar a Energ\u00eda Provincial Sociedad del Estado (EPSE), donde conocieron la f\u00e1brica de paneles solares de San Juan. El encuentro tuvo como objetivo fortalecer el v\u00ednculo entre la provincia y pa\u00edses europeos, promoviendo oportunidades de [&hellip;]<\/p>\n","protected":false},"author":2,"featured_media":87802,"comment_status":"","ping_status":"","sticky":false,"template":"","format":"standard","meta":{"footnotes":""},"categories":[8],"tags":[],"_links":{"self":[{"href":"https:\/\/maxradio923.com.ar\/index.php\/wp-json\/wp\/v2\/posts\/87801"}],"collection":[{"href":"https:\/\/maxradio923.com.ar\/index.php\/wp-json\/wp\/v2\/posts"}],"about":[{"href":"https:\/\/maxradio923.com.ar\/index.php\/wp-json\/wp\/v2\/types\/post"}],"author":[{"embeddable":true,"href":"https:\/\/maxradio923.com.ar\/index.php\/wp-json\/wp\/v2\/users\/2"}],"replies":[{"embeddable":true,"href":"https:\/\/maxradio923.com.ar\/index.php\/wp-json\/wp\/v2\/comments?post=87801"}],"version-history":[{"count":0,"href":"https:\/\/maxradio923.com.ar\/index.php\/wp-json\/wp\/v2\/posts\/87801\/revisions"}],"wp:featuredmedia":[{"embeddable":true,"href":"https:\/\/maxradio923.com.ar\/index.php\/wp-json\/wp\/v2\/media\/87802"}],"wp:attachment":[{"href":"https:\/\/maxradio923.com.ar\/index.php\/wp-json\/wp\/v2\/media?parent=87801"}],"wp:term":[{"taxonomy":"category","embeddable":true,"href":"https:\/\/maxradio923.com.ar\/index.php\/wp-json\/wp\/v2\/categories?post=87801"},{"taxonomy":"post_tag","embeddable":true,"href":"https:\/\/maxradio923.com.ar\/index.php\/wp-json\/wp\/v2\/tags?post=87801"}],"curies":[{"name":"wp","href":"https:\/\/api.w.org\/{rel}","templated":true}]}}