{"id":87793,"date":"2026-04-27T07:09:02","date_gmt":"2026-04-27T10:09:02","guid":{"rendered":"https:\/\/maxradio923.com.ar\/index.php\/2026\/04\/27\/el-gobernador-orrego-encabezo-acciones-sanitarias-y-presento-el-vacunarte-en-san-juan\/"},"modified":"2026-04-27T07:09:02","modified_gmt":"2026-04-27T10:09:02","slug":"el-gobernador-orrego-encabezo-acciones-sanitarias-y-presento-el-vacunarte-en-san-juan","status":"publish","type":"post","link":"https:\/\/maxradio923.com.ar\/index.php\/2026\/04\/27\/el-gobernador-orrego-encabezo-acciones-sanitarias-y-presento-el-vacunarte-en-san-juan\/","title":{"rendered":"El gobernador Orrego encabez\u00f3 acciones sanitarias y present\u00f3 el VacunArte+ en San Juan"},"content":{"rendered":"<p><\/p>\n<div>\n<p>El gobernador de San Juan, Marcelo Orrego, encabez\u00f3 este s\u00e1bado 25 de abril una serie de acciones orientadas al fortalecimiento del sistema de salud provincial, que incluyeron la firma de un convenio y el lanzamiento de una nueva edici\u00f3n de la Semana de Vacunaci\u00f3n en las Am\u00e9ricas, en el marco del programa \u201cVacunArte+\u201d.<\/p>\n<p>Las actividades se desarrollaron entre el Centro C\u00edvico y la Estaci\u00f3n San Mart\u00edn, y contaron con la participaci\u00f3n del ministro de Salud de la provincia y de la representante de la Organizaci\u00f3n Panamericana de la Salud (OPS), Eva Jan\u00e9 Llopis.<\/p>\n<p>Durante la jornada, Orrego destac\u00f3 el trabajo articulado entre la Provincia y los organismos internacionales, y puso en valor el rol del equipo de salud.<\/p>\n<p>\u201cQuiero expresar mi reconocimiento al trabajo que vienen desarrollando, con compromiso y entusiasmo. La salud es un \u00e1rea muy sensible y requiere de un esfuerzo permanente y en equipo. En San Juan tenemos un equipo de salud extraordinario que trabaja todos los d\u00edas para llegar a cada rinc\u00f3n de la provincia\u201d, se\u00f1al\u00f3.<\/p>\n<p>En esa l\u00ednea, el mandatario remarc\u00f3 la importancia de sostener pol\u00edticas p\u00fablicas que se transformen en h\u00e1bitos en la comunidad: \u201cCuando las acciones se sostienen en el tiempo, se convierten en h\u00e1bitos, y esos h\u00e1bitos en una cultura de vida. Ese es el camino que queremos seguir consolidando\u201d.<\/p>\n<p>Asimismo, valor\u00f3 los resultados de iniciativas como \u201cVacunArte+\u201d, que este a\u00f1o transit\u00f3 su tercera edici\u00f3n: \u201cAl inicio no formaba parte del calendario de la provincia, pero los resultados han sido muy satisfactorios. Esto es posible gracias al trabajo conjunto con la Organizaci\u00f3n Panamericana de la Salud, el Ministerio de Salud y las distintas instituciones de San Juan\u201d.<\/p>\n<p>Finalmente, Orrego destac\u00f3 el trabajo territorial de los equipos sanitarios: \u201cQuiero reconocer a los vacunadores y a quienes trabajan en cada punto de la provincia, incluso en zonas alejadas. La salud se cuida todos los d\u00edas y entre todos\u201d.<\/p>\n<p>Por su parte, la representante de la Organizaci\u00f3n Panamericana de la Salud (OPS), Eva Jan\u00e9 Llopis, celebr\u00f3 el car\u00e1cter participativo e innovador de la iniciativa, al se\u00f1alar que \u201cnos recuerda que vacunarse no es solo una decisi\u00f3n individual, sino un acto colectivo de protecci\u00f3n\u201d.<\/p>\n<p>Tambi\u00e9n reconoci\u00f3 la labor de los profesionales de la salud, vacunadores y vacunadoras, y agentes sanitarios para que las dosis lleguen a cada rinc\u00f3n de la provincia.<\/p>\n<p>Jan\u00e9 Llopis destac\u00f3 adem\u00e1s los trabajos de los chicos que participaron y expresaron claramente en sus videos que \u201clas vacunas son seguras, salvan vidas, me protegen a m\u00ed, a mi familia y a toda la comunidad\u201d.<\/p>\n<\/p><\/div>\n<p><script async defer crossorigin=\"anonymous\" src=\"https:\/\/connect.facebook.net\/es_ES\/sdk.js#xfbml=1&#038;version=v3.3\"><\/script><\/p>\n","protected":false},"excerpt":{"rendered":"<p>El gobernador de San Juan, Marcelo Orrego, encabez\u00f3 este s\u00e1bado 25 de abril una serie de acciones orientadas al fortalecimiento del sistema de salud provincial, que incluyeron la firma de un convenio y el lanzamiento de una nueva edici\u00f3n de la Semana de Vacunaci\u00f3n en las Am\u00e9ricas, en el marco del programa \u201cVacunArte+\u201d. Las actividades [&hellip;]<\/p>\n","protected":false},"author":2,"featured_media":87794,"comment_status":"","ping_status":"","sticky":false,"template":"","format":"standard","meta":{"footnotes":""},"categories":[8],"tags":[],"_links":{"self":[{"href":"https:\/\/maxradio923.com.ar\/index.php\/wp-json\/wp\/v2\/posts\/87793"}],"collection":[{"href":"https:\/\/maxradio923.com.ar\/index.php\/wp-json\/wp\/v2\/posts"}],"about":[{"href":"https:\/\/maxradio923.com.ar\/index.php\/wp-json\/wp\/v2\/types\/post"}],"author":[{"embeddable":true,"href":"https:\/\/maxradio923.com.ar\/index.php\/wp-json\/wp\/v2\/users\/2"}],"replies":[{"embeddable":true,"href":"https:\/\/maxradio923.com.ar\/index.php\/wp-json\/wp\/v2\/comments?post=87793"}],"version-history":[{"count":0,"href":"https:\/\/maxradio923.com.ar\/index.php\/wp-json\/wp\/v2\/posts\/87793\/revisions"}],"wp:featuredmedia":[{"embeddable":true,"href":"https:\/\/maxradio923.com.ar\/index.php\/wp-json\/wp\/v2\/media\/87794"}],"wp:attachment":[{"href":"https:\/\/maxradio923.com.ar\/index.php\/wp-json\/wp\/v2\/media?parent=87793"}],"wp:term":[{"taxonomy":"category","embeddable":true,"href":"https:\/\/maxradio923.com.ar\/index.php\/wp-json\/wp\/v2\/categories?post=87793"},{"taxonomy":"post_tag","embeddable":true,"href":"https:\/\/maxradio923.com.ar\/index.php\/wp-json\/wp\/v2\/tags?post=87793"}],"curies":[{"name":"wp","href":"https:\/\/api.w.org\/{rel}","templated":true}]}}