{"id":87779,"date":"2026-04-27T00:48:02","date_gmt":"2026-04-27T03:48:02","guid":{"rendered":"https:\/\/maxradio923.com.ar\/index.php\/2026\/04\/27\/la-asociacion-bancaria-realizara-hoy-un-paro-en-el-bcra-como-afectara-a-la-actividad-financiera\/"},"modified":"2026-04-27T00:48:02","modified_gmt":"2026-04-27T03:48:02","slug":"la-asociacion-bancaria-realizara-hoy-un-paro-en-el-bcra-como-afectara-a-la-actividad-financiera","status":"publish","type":"post","link":"https:\/\/maxradio923.com.ar\/index.php\/2026\/04\/27\/la-asociacion-bancaria-realizara-hoy-un-paro-en-el-bcra-como-afectara-a-la-actividad-financiera\/","title":{"rendered":"La Asociaci\u00f3n Bancaria realizar\u00e1 hoy un paro en el BCRA: c\u00f3mo afectar\u00e1 a la actividad financiera"},"content":{"rendered":"<p><\/p>\n<div>\n<div class=\"visual__image image-initial-width\"><picture><source srcset=\"https:\/\/www.infobae.com\/resizer\/v2\/EEKBJRZVPFELRDWDZQQ6BY7MCI.JPG?auth=c82b8d6847bb564280519654eadc5b972e5f1225f666c271ed1175bb4f89ba78&amp;smart=true&amp;width=992&amp;height=661&amp;quality=85\" media=\"(min-width: 1000px)\"\/><source srcset=\"https:\/\/www.infobae.com\/resizer\/v2\/EEKBJRZVPFELRDWDZQQ6BY7MCI.JPG?auth=c82b8d6847bb564280519654eadc5b972e5f1225f666c271ed1175bb4f89ba78&amp;smart=true&amp;width=768&amp;height=512&amp;quality=85\" media=\"(min-width: 768px)\"\/><source srcset=\"https:\/\/www.infobae.com\/resizer\/v2\/EEKBJRZVPFELRDWDZQQ6BY7MCI.JPG?auth=c82b8d6847bb564280519654eadc5b972e5f1225f666c271ed1175bb4f89ba78&amp;smart=true&amp;width=577&amp;height=385&amp;quality=85\" media=\"(min-width: 580px)\"\/><source srcset=\"https:\/\/www.infobae.com\/resizer\/v2\/EEKBJRZVPFELRDWDZQQ6BY7MCI.JPG?auth=c82b8d6847bb564280519654eadc5b972e5f1225f666c271ed1175bb4f89ba78&amp;smart=true&amp;width=420&amp;height=280&amp;quality=85\" media=\"(min-width: 350px)\"\/><source srcset=\"https:\/\/www.infobae.com\/resizer\/v2\/EEKBJRZVPFELRDWDZQQ6BY7MCI.JPG?auth=c82b8d6847bb564280519654eadc5b972e5f1225f666c271ed1175bb4f89ba78&amp;smart=true&amp;width=350&amp;height=233&amp;quality=85\" media=\"(min-width: 80px)\"\/><img alt=\"Comienza el paro en el Banco Central (REUTERS\/Irina Dambrauskas)\" class=\"global-image\" decoding=\"async\" fetchpriority=\"high\" height=\"3334\" loading=\"eager\" src=\"https:\/\/www.infobae.com\/resizer\/v2\/EEKBJRZVPFELRDWDZQQ6BY7MCI.JPG?auth=c82b8d6847bb564280519654eadc5b972e5f1225f666c271ed1175bb4f89ba78&amp;smart=true&amp;width=350&amp;height=233&amp;quality=85\" width=\"5000\"\/><\/picture><figcaption class=\"article-figcaption-img\">Comienza el paro en el Banco Central (REUTERS\/Irina Dambrauskas)<\/figcaption><\/div>\n<p class=\"paragraph\">La<b> <\/b><b>Asociaci\u00f3n Bancaria <\/b><b>dispuso un paro de actividades por 24 horas<\/b> <b>en los tesoros regionales del Banco Central<\/b> de todo el pa\u00eds para hoy. La medida gremial responde a la decisi\u00f3n de la autoridad monetaria de <b>cerrar 12 de esas oficinas del BCRA en el interior del pa\u00eds,<\/b> que podr\u00eda generar el despido de 32 trabajadores.<\/p>\n<p class=\"paragraph\">La medida de fuerza <b>no impactar\u00e1 al resto de la actividad habitual del Banco Central <\/b>ni tampoco al funcionamiento de los bancos del sistema. Por lo tanto,<b> la atenci\u00f3n al p\u00fablico en las sucursales bancarias y las operaciones de la red de cajeros autom\u00e1ticos funcionar\u00e1n con total normalidad<\/b>. A\u00fan as\u00ed, el gremio se\u00f1al\u00f3 que puede haber dificultades en el abastecimiento de dinero en algunas plazas del interior.<\/p>\n<p class=\"paragraph\">\u201cAnte la falta de di\u00e1logo y el estancamiento de las negociaciones con las autoridades del B.C.R.A, sumado a las intimidaciones y amenazas que recibieron los trabajadores y trabajadoras de dicha entidad, que podr\u00edan perder 32 puestos de trabajo por el cierre de 12 tesoros regionales, los cuerpos org\u00e1nicos de la <b>Asociaci\u00f3n Bancaria<\/b> han decidido efectuar <b>un paro de 24 horas en los 21 tesoros regionales distribuidos en todo el pa\u00eds<\/b>\u201c, se\u00f1al\u00f3 un comunicado de la Asociaci\u00f3n Bancaria.<\/p>\n<p class=\"paragraph\">\u201cPor lo tanto, no habr\u00e1 operaciones en los lugares mencionados, lo cual implica que ese d\u00eda no haya traslado ni abastecimiento de dinero <b>en aquellas entidades financieras que requieran dicha operatoria<\/b>\u201d, agreg\u00f3 el gremio.<\/p>\n<p class=\"paragraph\"><b>La provisi\u00f3n de dinero en efectivo para los bancos de todo el pa\u00eds no pareciera correr riesgos excesivos por una medida de fuerza de un solo d\u00eda de duraci\u00f3n<\/b>. La mayor\u00eda de los bancos podr\u00e1n suplir esa inactividad de los tesoros regionales tomando algunas previsiones para que no falte el dinero en efectivo en sus sucursales. De hecho, algunos bancos l\u00edderes, de alcance nacional, tienen circuitos propios de distribuci\u00f3n de efectivo en paralelo al funcionamiento de los tesoros del BCRA.<\/p>\n<p class=\"paragraph\">Al mismo tiempo, la Bancaria anticip\u00f3 que <b>puede haber m\u00e1s medidas de fuerza<\/b> en el marco del ajuste interno que lleva adelante la entidad que preside Santiago Bausili: \u201cDe no obtener respuestas satisfactorias en la mesa de negociaci\u00f3n con las autoridades de dicho \u00f3rgano rector, <b>se profundizar\u00e1 el plan de acci\u00f3n<\/b>, con medidas de fuerza en todas las entidades oficiales y privadas que alberguen estos tesoros regionales\u201d.<\/p>\n<div class=\"visual__image\"><picture><source srcset=\"https:\/\/www.infobae.com\/resizer\/v2\/36U2GFMICZBCPPSCB7DQUEXYW4.png?auth=83f39ec74a423780ba00f96a4adfcc4b74f0a80f936a0eeb77cab45eb029bef0&amp;smart=true&amp;width=992&amp;height=554&amp;quality=85\" media=\"(min-width: 1000px)\"\/><source srcset=\"https:\/\/www.infobae.com\/resizer\/v2\/36U2GFMICZBCPPSCB7DQUEXYW4.png?auth=83f39ec74a423780ba00f96a4adfcc4b74f0a80f936a0eeb77cab45eb029bef0&amp;smart=true&amp;width=768&amp;height=429&amp;quality=85\" media=\"(min-width: 768px)\"\/><source srcset=\"https:\/\/www.infobae.com\/resizer\/v2\/36U2GFMICZBCPPSCB7DQUEXYW4.png?auth=83f39ec74a423780ba00f96a4adfcc4b74f0a80f936a0eeb77cab45eb029bef0&amp;smart=true&amp;width=577&amp;height=322&amp;quality=85\" media=\"(min-width: 580px)\"\/><source srcset=\"https:\/\/www.infobae.com\/resizer\/v2\/36U2GFMICZBCPPSCB7DQUEXYW4.png?auth=83f39ec74a423780ba00f96a4adfcc4b74f0a80f936a0eeb77cab45eb029bef0&amp;smart=true&amp;width=420&amp;height=234&amp;quality=85\" media=\"(min-width: 350px)\"\/><source srcset=\"https:\/\/www.infobae.com\/resizer\/v2\/36U2GFMICZBCPPSCB7DQUEXYW4.png?auth=83f39ec74a423780ba00f96a4adfcc4b74f0a80f936a0eeb77cab45eb029bef0&amp;smart=true&amp;width=350&amp;height=195&amp;quality=85\" media=\"(min-width: 80px)\"\/><img alt=\"Primer plano de unas manos sosteniendo una billetera marr\u00f3n abierta, de la cual sobresalen billetes de 20.000 y 10.000 pesos argentinos con dise\u00f1os modernos.\" class=\"global-image\" decoding=\"async\" fetchpriority=\"low\" height=\"1536\" loading=\"lazy\" src=\"https:\/\/www.infobae.com\/resizer\/v2\/36U2GFMICZBCPPSCB7DQUEXYW4.png?auth=83f39ec74a423780ba00f96a4adfcc4b74f0a80f936a0eeb77cab45eb029bef0&amp;smart=true&amp;width=350&amp;height=195&amp;quality=85\" width=\"2752\"\/><\/picture><figcaption class=\"article-figcaption-img\">La medida de fuerza no afectar\u00e1 la actividad financiera (Imagen Ilustrativa Infobae)<\/figcaption><\/div>\n<p class=\"paragraph\">Mientras se endurece la situaci\u00f3n entre el la <b>Asociaci\u00f3n Bancaria<\/b> y el Banco Central por la situaci\u00f3n de los tesoros regionales, pocos d\u00edas atr\u00e1s el gremio cerr\u00f3 su paritaria. La Bancaria acord\u00f3 con las c\u00e1maras empresariales su nuevo aumento salarial para <b>marzo <\/b>en sinton\u00eda con la inflaci\u00f3n: se trata de un <b>3,4%,<\/b> lo que llevar\u00e1 <b>el salario inicial de la actividad a $2.259.305,03.<\/b><\/p>\n<p class=\"paragraph\">Adem\u00e1s, el gremio que encabeza <b>Sergio Palazzo<\/b> pact\u00f3 que el bono que cobrar\u00e1n todos los trabajadores de la actividad por el <b>D\u00eda del Bancario <\/b>tendr\u00e1 un monto m\u00ednimo de <b>$2.014.092,28, <\/b>que se corregir\u00e1 en futuras actualizaciones de los salarios.<\/p>\n<p class=\"paragraph\">El incremento del 3,4% ser\u00e1 de aplicaci\u00f3n para todas las remuneraciones mensuales brutas, normales, habituales y totales, remunerativas y no remunerativas, incluyendo los adicionales convencionales y no convencionales, acumulando en los tres primeros meses del a\u00f1o un 9,4% sobre los salarios de diciembre 2025.<\/p>\n<p class=\"paragraph\">Las partes acordaron adem\u00e1s, <b>continuar durante abril y mayo<\/b> con el mismo mecanismo y el alcance estipulado en los acuerdos salariales que se realizaron hasta el momento. Asimismo se comprometieron a continuar con la negociaci\u00f3n paritaria en la segunda quincena de junio.<\/p>\n<\/div>\n<p><script defer=\"\">try{!function(f,b,e,v,n,t,s) {if(f.fbq)return;n=f.fbq=function(){n.callMethod? n.callMethod.apply(n,arguments):n.queue.push(arguments)}; if(!f._fbq)f._fbq=n;n.push=n;n.loaded=!0;n.version='2.0'; n.queue=[];t=b.createElement(e);t.async=!0; t.src=v;s=b.getElementsByTagName(e)[0]; s.parentNode.insertBefore(t,s)}(window, document,'script', ' fbq('init', '336383993555320'); fbq('track', 'PageView'); fbq('track', 'ViewContent');}catch(error){console.log(\"Error al inicializar facebookPixelRawCodeScript:\",error);}<\/script><\/p>\n","protected":false},"excerpt":{"rendered":"<p>Comienza el paro en el Banco Central (REUTERS\/Irina Dambrauskas) La Asociaci\u00f3n Bancaria dispuso un paro de actividades por 24 horas en los tesoros regionales del Banco Central de todo el pa\u00eds para hoy. La medida gremial responde a la decisi\u00f3n de la autoridad monetaria de cerrar 12 de esas oficinas del BCRA en el interior [&hellip;]<\/p>\n","protected":false},"author":2,"featured_media":87780,"comment_status":"","ping_status":"","sticky":false,"template":"","format":"standard","meta":{"footnotes":""},"categories":[2],"tags":[],"_links":{"self":[{"href":"https:\/\/maxradio923.com.ar\/index.php\/wp-json\/wp\/v2\/posts\/87779"}],"collection":[{"href":"https:\/\/maxradio923.com.ar\/index.php\/wp-json\/wp\/v2\/posts"}],"about":[{"href":"https:\/\/maxradio923.com.ar\/index.php\/wp-json\/wp\/v2\/types\/post"}],"author":[{"embeddable":true,"href":"https:\/\/maxradio923.com.ar\/index.php\/wp-json\/wp\/v2\/users\/2"}],"replies":[{"embeddable":true,"href":"https:\/\/maxradio923.com.ar\/index.php\/wp-json\/wp\/v2\/comments?post=87779"}],"version-history":[{"count":0,"href":"https:\/\/maxradio923.com.ar\/index.php\/wp-json\/wp\/v2\/posts\/87779\/revisions"}],"wp:featuredmedia":[{"embeddable":true,"href":"https:\/\/maxradio923.com.ar\/index.php\/wp-json\/wp\/v2\/media\/87780"}],"wp:attachment":[{"href":"https:\/\/maxradio923.com.ar\/index.php\/wp-json\/wp\/v2\/media?parent=87779"}],"wp:term":[{"taxonomy":"category","embeddable":true,"href":"https:\/\/maxradio923.com.ar\/index.php\/wp-json\/wp\/v2\/categories?post=87779"},{"taxonomy":"post_tag","embeddable":true,"href":"https:\/\/maxradio923.com.ar\/index.php\/wp-json\/wp\/v2\/tags?post=87779"}],"curies":[{"name":"wp","href":"https:\/\/api.w.org\/{rel}","templated":true}]}}