{"id":87773,"date":"2026-04-26T19:02:03","date_gmt":"2026-04-26T22:02:03","guid":{"rendered":"https:\/\/maxradio923.com.ar\/index.php\/2026\/04\/26\/no-te-va-gustar-presento-florece-en-el-caos-con-un-gran-show-y-un-invitado-inesperado\/"},"modified":"2026-04-26T19:02:03","modified_gmt":"2026-04-26T22:02:03","slug":"no-te-va-gustar-presento-florece-en-el-caos-con-un-gran-show-y-un-invitado-inesperado","status":"publish","type":"post","link":"https:\/\/maxradio923.com.ar\/index.php\/2026\/04\/26\/no-te-va-gustar-presento-florece-en-el-caos-con-un-gran-show-y-un-invitado-inesperado\/","title":{"rendered":"No Te Va Gustar present\u00f3 Florece en el caos con un gran show y un invitado inesperado"},"content":{"rendered":"<p><\/p>\n<div>\n<p class=\"com-paragraph  --capital --s\">Tal como describe la teor\u00eda del caos, un cambio, por m\u00e1s peque\u00f1o que sea, puede alterar por completo el resultado. Eso no significa que las cosas est\u00e9n libradas al azar. Todo lo contrario: en esa aparente imprevisibilidad hay una l\u00f3gica propia y calculada para llegar a buen puerto, incluso cuando el rumbo toma sendas inesperadas. Inmerso en ese universo de incertidumbre est\u00e1 <strong>No Te Va Gustar<\/strong> tocando \u201cNo somos nosotros\u201d, una canci\u00f3n nueva de m\u00e1s de cinco minutos que tiene una coda instrumental en la que la banda parece perder el control, pero, para alegr\u00eda del p\u00fablico, el tema deriva en \u201cNo era cierto\u201d, de su primer \u00e1lbum, que se convirti\u00f3 en el ritual de cierre de casi todos sus shows. As\u00ed, del desorden emerge el cl\u00e1sico conocido o, haciendo referencia al \u00e1lbum que presentaron este s\u00e1bado en Ferro, <em><strong>Florece en el caos<\/strong><\/em>. <\/p>\n<p class=\"com-paragraph   --s\">Luego de celebrar sus treinta a\u00f1os de carrera con una gira de estadios entre 2024 y 2025, No Te Va Gustar atraves\u00f3 una etapa fren\u00e9tica tras cinco a\u00f1os sin estrenar material. <\/p>\n<p class=\"com-paragraph   --s\">Como bien <u>explic\u00f3 el cantante Emiliano Brancciari a LA NACI\u00d3N<\/u>: \u201cEl t\u00edtulo del \u00e1lbum tiene que ver un poco con que el mundo es un caos general zarpado y la m\u00fasica es uno de esos lugares donde uno se refugia. Tambi\u00e9n para la banda el hecho de mudarse fue algo ca\u00f3tico, as\u00ed que pasa a ser algo personal. Dentro de tanto l\u00edo de mudanza, que es estresante, llegar a un lugar nuevo y que estas canciones nos hagan vivir un momento de felicidad es importante\u201d. <\/p>\n<div class=\"content-media\">\n<section role=\"button\" class=\"mod-media   \">\n<figure role=\"button\" tabindex=\"0\" class=\"mod-figure \"><figcaption class=\"mod-figcaption\"><span class=\"com-text --caption --twoxs\">No Te Va Gustar present\u00f3 Florece en el caos en Ferro<\/span><span class=\"com-text --credit --twoxs\">IGNACIO ARNEDO<\/span><\/figcaption><\/figure>\n<\/section>\n<\/div>\n<p class=\"com-paragraph   --s\">De todo ese caos, entonces, floreci\u00f3 este nuevo trabajo, que en Caballito son\u00f3 en su totalidad, un lujo que pocos m\u00fasicos se pueden dar en una \u00e9poca de hits descartables, donde el sencillo es el rey, el \u00e1lbum es una excusa para engrosar la cantidad de reproducciones en las plataformas de streaming y el \u00e9xito de un show depende de qu\u00e9 tanto se acerque a un compilado de grandes \u00e9xitos. <\/p>\n<p class=\"com-paragraph   --s\">El objetivo de haber editado el disco en enero -la peor \u00e9poca del a\u00f1o de acuerdo con quienes trabajan en la industria discogr\u00e1fica- fue que el p\u00fablico llegara a la presentaci\u00f3n oficial con las canciones aprendidas. Desde ya, la gente devolvi\u00f3 la gentileza con creces y No Te Va Gustar hizo concesiones con un show de tres horas y cuarenta canciones, donde las nuevas se entrelazaron a la perfecci\u00f3n con las m\u00e1s viejas, entre cl\u00e1sicos como \u201cA las nueve\u201d, \u201cTan lejos\u201d, \u201cChau\u201d y \u201cEse maldito momento\u201d, y rescates emotivos, entre los que sobresalieron \u201cMemorias del olvido\u201d, \u201cEl \u00faltimo jefe\u201d y \u201cTirano\u201d, \u201cescrita hace mucho para un presidente norteamericano que declaraba la guerra en Medio Oriente en nombre de la libertad. \u201dQu\u00e9 coincidencia\u201d, remat\u00f3 Brancciari. <\/p>\n<div class=\"content-media\">\n<section role=\"button\" class=\"mod-media   \">\n<figure role=\"button\" tabindex=\"0\" class=\"mod-figure \"><figcaption class=\"mod-figcaption\"><span class=\"com-text --caption --twoxs\">NTVG y el ritual de lo habitual<\/span><span class=\"com-text --credit --twoxs\">Agust\u00edn R. Dusserre<\/span><\/figcaption><\/figure>\n<\/section>\n<\/div>\n<p class=\"com-paragraph   --s\">Al incluir \u201cLos villanos\u201d, \u201cEl oficial\u201d y la reciente \u201cQue no te queden marcas\u201d -dedicada desde las pantallas a los desaparecidos por la \u00faltima dictadura militar-, el grupo deja en evidencia su malestar con la coyuntura actual y, desde el inicio, se muestra en su versi\u00f3n m\u00e1s contestataria con \u201cHalcones y payasos\u201d, tema que abre el nuevo disco y dispara una advertencia: \u201cYa estuvimos as\u00ed, ya salimos de cosas peores \/ no la vimos venir y seguimos ac\u00e1\u201d. <\/p>\n<p class=\"com-paragraph   --s\">A pesar de la bronca, la banda se toma los momentos necesarios para reivindicar el amor, como en \u201cNo te imagin\u00e1s\u201d, \u201cVerte re\u00edr\u201d y \u201cJosefina\u201d, dedicada a la abuela del cantante, que invit\u00f3 a su sobrino Gonzalo Brancciari para tocarla. \u201cAcaba de ser padre, as\u00ed que soy t\u00edo abuelo\u201d, anunci\u00f3 con una inocultable emoci\u00f3n antes de presentar al \u00fanico invitado de la noche. Hab\u00eda expectativa por la aparici\u00f3n de Andr\u00e9s Ciro Mart\u00ednez para cantar \u201cTan mal\u201d, la colaboraci\u00f3n que grab\u00f3 con la banda para <em>Florece en el caos<\/em>, pero el l\u00edder de Los Piojos y Ciro y los Persas no se encontraba en la ciudad para aceptar la invitaci\u00f3n a subir al escenario (en su cuenta de Instagram se lo puede ver en los Estados Unidos disfrutando del New Orleans Jazz &amp; Heritage Festival). <\/p>\n<div class=\"content-media\">\n<section role=\"button\" class=\"mod-media   \">\n<figure role=\"button\" tabindex=\"0\" class=\"mod-figure \"><figcaption class=\"mod-figcaption\"><span class=\"com-text --caption --twoxs\">Emiliano Brancciari<\/span><span class=\"com-text --credit --twoxs\">Agust\u00edn R. Dusserre<\/span><\/figcaption><\/figure>\n<\/section>\n<\/div>\n<p class=\"com-paragraph   --s\">A esta altura, nadie se atrever\u00eda a cuestionar la local\u00eda de No Te Va Gustar tras m\u00e1s de tres d\u00e9cadas tocando en toda la Argentina. Emiliano, adem\u00e1s, naci\u00f3 ac\u00e1 y se fue a vivir a Uruguay en la adolescencia. Por eso, ante el primer respiro que se toman tras los primeros temas, afirma que es una \u201calegr\u00eda volver a casa\u201d, idea que refuerza sobre el final, antes de los bises. Si hay alguien que sabe florecer en el caos, ese es Brancciari. Su propia historia parece responder a esa l\u00f3gica. Como el efecto mariposa, un hecho peque\u00f1o -un matrimonio del Conurbano que se rompe y deriva en una mudanza al pa\u00eds vecino- tiene a\u00f1os despu\u00e9s una consecuencia mayor: la formaci\u00f3n de una banda de rock que se convierte en una de las m\u00e1s grandes en ambas orillas del R\u00edo de la Plata. <\/p>\n<section class=\"container-center-100 mb-40 border border-bottom border-thin border-neutral-light-700\">\n<hr\/>\n<\/section>\n<\/div>\n<p><script id=\"facebookpixel\" defer=\"\" type=\"text\/javascript\">\n        !function(f,b,e,v,n,t,s)\n        {if(f.fbq)return;n=f.fbq=function(){n.callMethod?\n        n.callMethod.apply(n,arguments):n.queue.push(arguments)};\n        if(!f._fbq)f._fbq=n;n.push=n;n.loaded=!0;n.version='2.0';\n        n.queue=[];t=b.createElement(e);t.async=!0;\n        t.src=v;s=b.getElementsByTagName(e)[0];\n        s.parentNode.insertBefore(t,s)}(window, document,'script',\n        '\n        fbq('init', '492459597522335');\n        fbq('track', 'PageView');\n    <\/script><\/p>\n","protected":false},"excerpt":{"rendered":"<p>Tal como describe la teor\u00eda del caos, un cambio, por m\u00e1s peque\u00f1o que sea, puede alterar por completo el resultado. Eso no significa que las cosas est\u00e9n libradas al azar. Todo lo contrario: en esa aparente imprevisibilidad hay una l\u00f3gica propia y calculada para llegar a buen puerto, incluso cuando el rumbo toma sendas inesperadas. [&hellip;]<\/p>\n","protected":false},"author":2,"featured_media":87774,"comment_status":"","ping_status":"","sticky":false,"template":"","format":"standard","meta":{"footnotes":""},"categories":[14],"tags":[],"_links":{"self":[{"href":"https:\/\/maxradio923.com.ar\/index.php\/wp-json\/wp\/v2\/posts\/87773"}],"collection":[{"href":"https:\/\/maxradio923.com.ar\/index.php\/wp-json\/wp\/v2\/posts"}],"about":[{"href":"https:\/\/maxradio923.com.ar\/index.php\/wp-json\/wp\/v2\/types\/post"}],"author":[{"embeddable":true,"href":"https:\/\/maxradio923.com.ar\/index.php\/wp-json\/wp\/v2\/users\/2"}],"replies":[{"embeddable":true,"href":"https:\/\/maxradio923.com.ar\/index.php\/wp-json\/wp\/v2\/comments?post=87773"}],"version-history":[{"count":0,"href":"https:\/\/maxradio923.com.ar\/index.php\/wp-json\/wp\/v2\/posts\/87773\/revisions"}],"wp:featuredmedia":[{"embeddable":true,"href":"https:\/\/maxradio923.com.ar\/index.php\/wp-json\/wp\/v2\/media\/87774"}],"wp:attachment":[{"href":"https:\/\/maxradio923.com.ar\/index.php\/wp-json\/wp\/v2\/media?parent=87773"}],"wp:term":[{"taxonomy":"category","embeddable":true,"href":"https:\/\/maxradio923.com.ar\/index.php\/wp-json\/wp\/v2\/categories?post=87773"},{"taxonomy":"post_tag","embeddable":true,"href":"https:\/\/maxradio923.com.ar\/index.php\/wp-json\/wp\/v2\/tags?post=87773"}],"curies":[{"name":"wp","href":"https:\/\/api.w.org\/{rel}","templated":true}]}}