{"id":87767,"date":"2026-04-26T15:25:03","date_gmt":"2026-04-26T18:25:03","guid":{"rendered":"https:\/\/maxradio923.com.ar\/index.php\/2026\/04\/26\/revuelo-en-italia-echaron-a-la-directora-del-teatro-la-fenice-de-venecia-por-sus-dichos-a-la-nacion\/"},"modified":"2026-04-26T15:25:03","modified_gmt":"2026-04-26T18:25:03","slug":"revuelo-en-italia-echaron-a-la-directora-del-teatro-la-fenice-de-venecia-por-sus-dichos-a-la-nacion","status":"publish","type":"post","link":"https:\/\/maxradio923.com.ar\/index.php\/2026\/04\/26\/revuelo-en-italia-echaron-a-la-directora-del-teatro-la-fenice-de-venecia-por-sus-dichos-a-la-nacion\/","title":{"rendered":"Revuelo en Italia: echaron a la directora del Teatro La Fenice de Venecia por sus dichos a LA NACION"},"content":{"rendered":"<p><\/p>\n<div>\n<p class=\"com-paragraph  --capital --s\">ROMA.- Si bien en <strong>Venecia <\/strong>jam\u00e1s hab\u00edan digerido su cuestionada designaci\u00f3n al frente de la orquesta y direcci\u00f3n musical del <strong>Teatro La Fenice <\/strong>por un curr\u00edculum considerado insuficiente para el cargo, la entrevista que <strong>Beatrice Venezi <\/strong>concedi\u00f3 hace unos d\u00edas a LA NACION, que cre\u00f3 revuelo porque denunci\u00f3 cierto nepotismo, termin\u00f3 por precipitar su salida. Este domingo, <strong>la Fundaci\u00f3n del hist\u00f3rico coliseo veneciano decidi\u00f3 poner fin a toda relaci\u00f3n profesional con la directora.<\/strong><\/p>\n<p class=\"com-paragraph   --s\">\u201cLa Fundaci\u00f3n Teatro La Fenice, a trav\u00e9s de su titular Nicola Colabianchi, anuncia que decidi\u00f3 cancelar todas las futuras colaboraciones con el maestro Beatrice Venezi\u201d, indic\u00f3 este domingo la instituci\u00f3n de uno de los teatros m\u00e1s prestigiosos de Italia, en un comunicado. <\/p>\n<p class=\"com-paragraph   --s\">\u201cLa decisi\u00f3n se tom\u00f3 despu\u00e9s de las reiteradas y graves declaraciones p\u00fablicas del maestro, ofensivas y perjudiciales para el valor art\u00edstico y profesional de la Fundaci\u00f3n Teatro La Fenice y su orquesta. Estas declaraciones, con las que no estamos de acuerdo en cuanto al fondo y las opiniones expresadas, son incompatibles con los principios de la Fundaci\u00f3n y con la protecci\u00f3n y el respeto que se deben a los miembros de la orquesta\u201d, ahond\u00f3.<\/p>\n<div class=\"content-media\">\n<section role=\"button\" class=\"mod-media   \">\n<figure role=\"button\" tabindex=\"0\" class=\"mod-figure \"><figcaption class=\"mod-figcaption\"><span class=\"com-text --caption --twoxs\">La directora de orquesta italiana Beatrice Venezi. &#13;22\/04\/2026.<\/span><span class=\"com-text --credit --twoxs\">Hernan Zenteno &#8211; La Nacion<\/span><\/figcaption><\/figure>\n<\/section>\n<\/div>\n<p class=\"com-paragraph   --s\">En una entrevista publicada el jueves pasado por LA NACION, Venezi, primera mujer designada directora musical del legendario Teatro de Venecia \u2014cargo que deber\u00eda haber asumido en octubre pr\u00f3ximo y hasta octubre de 2030\u2014, denunci\u00f3 el virtual nepotismo de esta antigua instituci\u00f3n cultural.<\/p>\n<p class=\"com-paragraph   --s\">\u201cYo no tengo padrinos. No vengo de familia de m\u00fasicos. <strong>Y esta es una orquesta en la cual los puestos se pasan pr\u00e1cticamente de padres a hijos.<\/strong> Yo no pertenezco a familia de m\u00fasicos, soy mujer, de 36 a\u00f1os, la primera mujer directora de La Fenice y quiero renovar. Ese es el tema principal.<strong> Tienen miedo del cambio, de la renovaci\u00f3n<\/strong>\u201d, dijo, en una entrevista en Buenos Aires con <strong>Mauro Apicella<\/strong>.<\/p>\n<p class=\"com-paragraph   --s\">Aunque pronunciadas a m\u00e1s de 10.000 kil\u00f3metros de distancia, en la capital argentina, donde la m\u00fasica dirigi\u00f3 en el Teatro Col\u00f3n la \u00faltima funci\u00f3n de Pagliacci y Cavalleria Rusticana, <strong>esas declaraciones provocaron un terremoto en Venecia. <\/strong><\/p>\n<p class=\"com-paragraph   --s\">Tal como se inform\u00f3, al d\u00eda siguiente de la publicaci\u00f3n de este medio, los trabajadores de la gran sala de Venecia emitieron un comunicado titulado \u201cRespuesta a las declaraciones de la directora Beatrice Venezi\u201d, que no ocult\u00f3 la indignaci\u00f3n. \u201cLa RSU (Rappresentanza Sindacale Unitaria) del Gran Teatro La Fenice, en nombre de todos sus trabajadores, expresa su <strong>profunda consternaci\u00f3n y decepci\u00f3n por las declaraciones realizadas por Beatrice Venezi <\/strong>en una entrevista con el diario argentino LA NACION, publicada el 23 de abril, en la que alega que los puestos en la orquesta veneciana se transmiten \u2018de padre a hijo\u2019\u201d, escribi\u00f3. \u201cEstas son declaraciones graves, falsas y ofensivas que menoscaban la profesionalidad, el m\u00e9rito y la dignidad de los profesores de la Orquesta La Fenice, profesionales del m\u00e1s alto nivel seleccionados exclusivamente mediante concursos p\u00fablicos internacionales basados \u200b\u200ben el talento y el rigor procesal. Ofender a los trabajadores y al p\u00fablico del teatro no solo constituye una falta de respeto institucional, sino un ataque directo a la propia identidad de nuestra Fundaci\u00f3n&#8221;, a\u00f1adi\u00f3.<\/p>\n<div class=\"content-media\">\n<section role=\"button\" class=\"mod-media   \">\n<figure role=\"button\" tabindex=\"0\" class=\"mod-figure \"><figcaption class=\"mod-figcaption\"><span class=\"com-text --caption --twoxs\">CONFLICTO EN LA FENICE. Comunicado oficial emitido por la Representaci\u00f3n Sindical Unitaria (RSU) del Gran Teatro La Fenice de Venecia, en respuesta a las recientes declaraciones de la directora de orquesta Beatrice Venezi, Venezia, 25 de abril de 2026.<\/span><\/figcaption><\/figure>\n<\/section>\n<\/div>\n<p class=\"com-paragraph   --s\">\u201cConsideramos que tales declaraciones son incompatibles con las condiciones necesarias para construir una relaci\u00f3n de confianza y una fruct\u00edfera colaboraci\u00f3n art\u00edstica. La direcci\u00f3n de orquesta y coro no puede ignorar el respeto mutuo ni un clima de armon\u00eda profesional, que las palabras de la maestra Venezi han socavado grave y unilateralmente. A la luz de lo sucedido, nos vemos obligados a recalcar que su presencia en nuestro podio se producir\u00eda en un contexto de profunda tensi\u00f3n y desconfianza. Es imperativo que el Maestro y la direcci\u00f3n reconozcan que ya no existen las condiciones para una relaci\u00f3n de colaboraci\u00f3n armoniosa y fruct\u00edfera. Sin respeto por quienes viven y honran el Teatro cada d\u00eda con su trabajo, se socava la base misma de toda producci\u00f3n art\u00edstica de excelencia\u201d, sum\u00f3.<\/p>\n<p class=\"com-paragraph   --s\">Tal comunicado fue tan s\u00f3lo el preludio de la tajante decisi\u00f3n que se conoci\u00f3 este domingo, que fue el ep\u00edlogo de un tira y afloje que hubo desde su designaci\u00f3n, en septiembre pasado, que caus\u00f3 un esc\u00e1ndalo. <\/p>\n<p class=\"com-paragraph   --s\">La Fundaci\u00f3n Teatro La Fenice \u201creafirma su compromiso de promover un entorno profesional basado en el respeto mutuo, la colaboraci\u00f3n constructiva y la excelencia art\u00edstica\u201d, subray\u00f3 este domingo su titular, Colabianchi.<\/p>\n<p class=\"com-paragraph   --s\">La noticia del virtual despido de la pol\u00e9mica directora de orquesta, que en la entrevista con LA NACION incluso habl\u00f3 de su amistad con la primera ministra italiana, <strong>Giorgia Meloni<\/strong>, enseguida caus\u00f3 repercusiones en Italia.<\/p>\n<p class=\"com-paragraph   --s\">Tal como inform\u00f3 el diario <em>Corriere della Sera<\/em>, el ministro de Cultura, <strong>Alessandro Giuli, <\/strong>al conocer la decisi\u00f3n \u201ctomada de forma aut\u00f3noma e independiente\u201d por Colabianchi, reafirm\u00f3 su \u201cplena confianza\u201d en el titular de La Fenice y auspici\u00f3 que esta resoluci\u00f3n \u201csirva para disipar malentendidos, tensiones y cualquier tipo de instrumentalizaci\u00f3n\u201d.<\/p>\n<p class=\"com-paragraph   --s\">La Confederaci\u00f3n General Italiana del Trabajo (CGIL) de Venecia, por su parte, consider\u00f3 la decisi\u00f3n de la Fundaci\u00f3n \u201cpositiva y la \u00fanica opci\u00f3n posible\u201d. <strong>\u201cEse nombramiento fue errado, inapropiado y profundamente cuestionado por quienes viven y hacen vivir el gran teatro La Fenice\u201d<\/strong>, dijo<strong> Daniele Giordano<\/strong>, secretario general de ese sindicato.<\/p>\n<p class=\"com-paragraph   --s\">Como era de esperar, en tanto, la oposici\u00f3n de centroizquierda aplaudi\u00f3 la decisi\u00f3n, que consider\u00f3, de todos modos, tard\u00eda. <\/p>\n<p class=\"com-paragraph   --s\">\u201cFue necesaria una entrevista en la Argentina para que el titular de La Fenice, Colabianchi, comprendiera que deb\u00eda poner fin a su relaci\u00f3n con el maestro Venezi. Hemos apoyado a los trabajadores de la orquesta en los \u00faltimos meses, y en cuanto le\u00edmos las \u00faltimas declaraciones de Venezi, condenamos de inmediato su gravedad y su total incompatibilidad con el papel que deb\u00eda desempe\u00f1ar. Colabianchi debi\u00f3 darse cuenta de que, llegado ese punto, o Venezi ca\u00eda o ca\u00eda \u00e9l, y opt\u00f3 por lo primero\u201d, afirm\u00f3 Luca Pirondini, l\u00edder del grupo del Movimiento Cinco Estrellas (M5S) en el Senado.<\/p>\n<p class=\"com-paragraph   --s\">\u201cSin embargo, se trata de una medida tard\u00eda: tom\u00f3 una decisi\u00f3n que debi\u00f3 haberse tomado hace mucho tiempo. Ojal\u00e1 esto ponga fin a la vergonzosa farsa que se ha desarrollado a costa de los trabajadores y de la imagen de una de las instituciones m\u00e1s prestigiosas del pa\u00eds. Ahora, Alessandro Giuli, Colabianchi y todos aquellos que han defendido firmemente a Venezi en los \u00faltimos meses deber\u00edan pedir disculpas. Esta es una victoria para los trabajadores del teatro, que han demostrado su capacidad de lucha para defender la calidad art\u00edstica de su Fundaci\u00f3n\u201d, a\u00f1adi\u00f3, seg\u00fan consign\u00f3 la agencia ANSA.<\/p>\n<p class=\"com-paragraph   --s\">Coincidi\u00f3 Irene Manzi, jefa del grupo parlamentario del Partido Democr\u00e1tico (el principal de la oposici\u00f3n de centroizquierda) en la Comisi\u00f3n de Cultura de la C\u00e1mara de Diputados, que fue m\u00e1s all\u00e1 y, en un comunicado, defini\u00f3 todo este caso como un ejemplo \u201cdel fracaso del gobierno de Meloni con respecto de sus pol\u00edticas culturales\u201d. \u201cEl tema del nombramiento de Beatrice Venezi es el resultado de una decisi\u00f3n pol\u00edtica impuesta desde arriba, sin tener en cuenta al mundo de la m\u00fasica y la \u00f3pera, al que hemos criticado desde el principio: es un m\u00e9todo err\u00f3neo que menoscaba la competencia y la autonom\u00eda de las instituciones culturales y que hoy paga las consecuencias\u201d, denunci\u00f3.<\/p>\n<section class=\"container-center-100 mb-40 border border-bottom border-thin border-neutral-light-700\">\n<hr\/>\n<\/section>\n<\/div>\n<p><script id=\"facebookpixel\" defer=\"\" type=\"text\/javascript\">\n        !function(f,b,e,v,n,t,s)\n        {if(f.fbq)return;n=f.fbq=function(){n.callMethod?\n        n.callMethod.apply(n,arguments):n.queue.push(arguments)};\n        if(!f._fbq)f._fbq=n;n.push=n;n.loaded=!0;n.version='2.0';\n        n.queue=[];t=b.createElement(e);t.async=!0;\n        t.src=v;s=b.getElementsByTagName(e)[0];\n        s.parentNode.insertBefore(t,s)}(window, document,'script',\n        '\n        fbq('init', '492459597522335');\n        fbq('track', 'PageView');\n    <\/script><\/p>\n","protected":false},"excerpt":{"rendered":"<p>ROMA.- Si bien en Venecia jam\u00e1s hab\u00edan digerido su cuestionada designaci\u00f3n al frente de la orquesta y direcci\u00f3n musical del Teatro La Fenice por un curr\u00edculum considerado insuficiente para el cargo, la entrevista que Beatrice Venezi concedi\u00f3 hace unos d\u00edas a LA NACION, que cre\u00f3 revuelo porque denunci\u00f3 cierto nepotismo, termin\u00f3 por precipitar su salida. [&hellip;]<\/p>\n","protected":false},"author":2,"featured_media":87768,"comment_status":"","ping_status":"","sticky":false,"template":"","format":"standard","meta":{"footnotes":""},"categories":[14],"tags":[],"_links":{"self":[{"href":"https:\/\/maxradio923.com.ar\/index.php\/wp-json\/wp\/v2\/posts\/87767"}],"collection":[{"href":"https:\/\/maxradio923.com.ar\/index.php\/wp-json\/wp\/v2\/posts"}],"about":[{"href":"https:\/\/maxradio923.com.ar\/index.php\/wp-json\/wp\/v2\/types\/post"}],"author":[{"embeddable":true,"href":"https:\/\/maxradio923.com.ar\/index.php\/wp-json\/wp\/v2\/users\/2"}],"replies":[{"embeddable":true,"href":"https:\/\/maxradio923.com.ar\/index.php\/wp-json\/wp\/v2\/comments?post=87767"}],"version-history":[{"count":0,"href":"https:\/\/maxradio923.com.ar\/index.php\/wp-json\/wp\/v2\/posts\/87767\/revisions"}],"wp:featuredmedia":[{"embeddable":true,"href":"https:\/\/maxradio923.com.ar\/index.php\/wp-json\/wp\/v2\/media\/87768"}],"wp:attachment":[{"href":"https:\/\/maxradio923.com.ar\/index.php\/wp-json\/wp\/v2\/media?parent=87767"}],"wp:term":[{"taxonomy":"category","embeddable":true,"href":"https:\/\/maxradio923.com.ar\/index.php\/wp-json\/wp\/v2\/categories?post=87767"},{"taxonomy":"post_tag","embeddable":true,"href":"https:\/\/maxradio923.com.ar\/index.php\/wp-json\/wp\/v2\/tags?post=87767"}],"curies":[{"name":"wp","href":"https:\/\/api.w.org\/{rel}","templated":true}]}}