{"id":87763,"date":"2026-04-26T12:54:02","date_gmt":"2026-04-26T15:54:02","guid":{"rendered":"https:\/\/maxradio923.com.ar\/index.php\/2026\/04\/26\/que-va-a-pasar-con-la-inflacion-factores-estacionales-y-estabilidad-cambiaria-impulsan-la-moderacion-en-el-segundo-trimestre\/"},"modified":"2026-04-26T12:54:02","modified_gmt":"2026-04-26T15:54:02","slug":"que-va-a-pasar-con-la-inflacion-factores-estacionales-y-estabilidad-cambiaria-impulsan-la-moderacion-en-el-segundo-trimestre","status":"publish","type":"post","link":"https:\/\/maxradio923.com.ar\/index.php\/2026\/04\/26\/que-va-a-pasar-con-la-inflacion-factores-estacionales-y-estabilidad-cambiaria-impulsan-la-moderacion-en-el-segundo-trimestre\/","title":{"rendered":"\u00bfQu\u00e9 va a pasar con la inflaci\u00f3n?: factores estacionales y estabilidad cambiaria impulsan la moderaci\u00f3n en el segundo trimestre"},"content":{"rendered":"<p><\/p>\n<div>\n<div class=\"visual__image image-initial-width\"><picture><source srcset=\"https:\/\/www.infobae.com\/resizer\/v2\/NA5ZEW5KINGCFCY57GDUB3PCGI.png?auth=9d848544eeb6b88fa33543c845a419e447ef50c89fd838e5f02a490df85bdc6f&amp;smart=true&amp;width=992&amp;height=541&amp;quality=85\" media=\"(min-width: 1000px)\"\/><source srcset=\"https:\/\/www.infobae.com\/resizer\/v2\/NA5ZEW5KINGCFCY57GDUB3PCGI.png?auth=9d848544eeb6b88fa33543c845a419e447ef50c89fd838e5f02a490df85bdc6f&amp;smart=true&amp;width=768&amp;height=419&amp;quality=85\" media=\"(min-width: 768px)\"\/><source srcset=\"https:\/\/www.infobae.com\/resizer\/v2\/NA5ZEW5KINGCFCY57GDUB3PCGI.png?auth=9d848544eeb6b88fa33543c845a419e447ef50c89fd838e5f02a490df85bdc6f&amp;smart=true&amp;width=577&amp;height=315&amp;quality=85\" media=\"(min-width: 580px)\"\/><source srcset=\"https:\/\/www.infobae.com\/resizer\/v2\/NA5ZEW5KINGCFCY57GDUB3PCGI.png?auth=9d848544eeb6b88fa33543c845a419e447ef50c89fd838e5f02a490df85bdc6f&amp;smart=true&amp;width=420&amp;height=229&amp;quality=85\" media=\"(min-width: 350px)\"\/><source srcset=\"https:\/\/www.infobae.com\/resizer\/v2\/NA5ZEW5KINGCFCY57GDUB3PCGI.png?auth=9d848544eeb6b88fa33543c845a419e447ef50c89fd838e5f02a490df85bdc6f&amp;smart=true&amp;width=350&amp;height=191&amp;quality=85\" media=\"(min-width: 80px)\"\/><img alt=\"M\u00faltiples clientes en un supermercado moderno, navegando por estantes llenos de paquetes de quinoa, mijo y trigo espelta en la secci\u00f3n de productos saludables. El ambiente es luminoso.\" class=\"global-image\" decoding=\"async\" fetchpriority=\"high\" height=\"768\" loading=\"eager\" src=\"https:\/\/www.infobae.com\/resizer\/v2\/NA5ZEW5KINGCFCY57GDUB3PCGI.png?auth=9d848544eeb6b88fa33543c845a419e447ef50c89fd838e5f02a490df85bdc6f&amp;smart=true&amp;width=350&amp;height=191&amp;quality=85\" width=\"1408\"\/><\/picture><figcaption class=\"article-figcaption-img\">La desaceleraci\u00f3n en la inflaci\u00f3n de los alimentos quita presi\u00f3n al \u00edndice general (Imagen Ilustrativa Infobae)<\/figcaption><\/div>\n<p class=\"paragraph\">Tras el 3,4% de marzo, considerado un \u201cmal dato\u201d por el presidente <b>Javier Milei<\/b>, la inflaci\u00f3n se habr\u00eda desacelerado en abril y mantendr\u00eda esa tendencia en mayo. Esta moderaci\u00f3n responde tanto a factores estacionales como a la evoluci\u00f3n de la demanda interna y un contexto internacional menos convulsionado. El comportamiento del rubro Alimentos y bebidas tambi\u00e9n cumple un rol clave.<\/p>\n<p class=\"paragraph\">El \u00faltimo Relevamiento de Expectativas de Mercado (REM), elaborado por el BCRA, arroj\u00f3 que los analistas privados sit\u00faan el \u00cdndice de Precios al Consumidor (IPC) en 2,6% para abril y 2,3% para mayo. Ambas proyecciones fueron ajustadas al alza en 0,4 puntos porcentuales respecto al informe anterior.<\/p>\n<p class=\"paragraph\">Desde Equilibra, el economista <b>Gonzalo Carrera <\/b>estim\u00f3 una inflaci\u00f3n de 2,5% para el mes en curso, destacando el <b>arrastre parcial del aumento de 20% en los combustibles<\/b> durante marzo, derivado de la suba del precio internacional del petr\u00f3leo por el conflicto en Medio Oriente.<\/p>\n<p class=\"paragraph\">En paralelo, la carne dej\u00f3 de presionar, por lo que su impacto en abril ser\u00eda acotado. Carrera agreg\u00f3 que, sin el componente estacional de Educaci\u00f3n y con un tipo de cambio relativamente estable en torno a $1.400, abril deber\u00eda mostrar una din\u00e1mica m\u00e1s contenida.<\/p>\n<div class=\"visual__image\"><picture><source srcset=\"https:\/\/www.infobae.com\/resizer\/v2\/NUZ26RQQL5CPNAQYKPOHSVRTB4.jpeg?auth=e456444444e5965f6d3bec9b48414e381cd6dcaaca24b4ed24efb181bb7cf3f9&amp;smart=true&amp;width=992&amp;height=558&amp;quality=85\" media=\"(min-width: 1000px)\"\/><source srcset=\"https:\/\/www.infobae.com\/resizer\/v2\/NUZ26RQQL5CPNAQYKPOHSVRTB4.jpeg?auth=e456444444e5965f6d3bec9b48414e381cd6dcaaca24b4ed24efb181bb7cf3f9&amp;smart=true&amp;width=768&amp;height=432&amp;quality=85\" media=\"(min-width: 768px)\"\/><source srcset=\"https:\/\/www.infobae.com\/resizer\/v2\/NUZ26RQQL5CPNAQYKPOHSVRTB4.jpeg?auth=e456444444e5965f6d3bec9b48414e381cd6dcaaca24b4ed24efb181bb7cf3f9&amp;smart=true&amp;width=577&amp;height=325&amp;quality=85\" media=\"(min-width: 580px)\"\/><source srcset=\"https:\/\/www.infobae.com\/resizer\/v2\/NUZ26RQQL5CPNAQYKPOHSVRTB4.jpeg?auth=e456444444e5965f6d3bec9b48414e381cd6dcaaca24b4ed24efb181bb7cf3f9&amp;smart=true&amp;width=420&amp;height=236&amp;quality=85\" media=\"(min-width: 350px)\"\/><source srcset=\"https:\/\/www.infobae.com\/resizer\/v2\/NUZ26RQQL5CPNAQYKPOHSVRTB4.jpeg?auth=e456444444e5965f6d3bec9b48414e381cd6dcaaca24b4ed24efb181bb7cf3f9&amp;smart=true&amp;width=350&amp;height=197&amp;quality=85\" media=\"(min-width: 80px)\"\/><img alt=\"Gr\u00e1fico de barras digital de Infobae mostrando la inflaci\u00f3n mensual de abril 2025 a marzo 2026, con 3,4% para marzo. Fondo con billetes desenfocados\" class=\"global-image\" decoding=\"async\" fetchpriority=\"low\" height=\"900\" loading=\"lazy\" src=\"https:\/\/www.infobae.com\/resizer\/v2\/NUZ26RQQL5CPNAQYKPOHSVRTB4.jpeg?auth=e456444444e5965f6d3bec9b48414e381cd6dcaaca24b4ed24efb181bb7cf3f9&amp;smart=true&amp;width=350&amp;height=197&amp;quality=85\" width=\"1600\"\/><\/picture><figcaption class=\"article-figcaption-img\">Carrera afirm\u00f3 que sin el componente estacional de Educaci\u00f3n y con un tipo de cambio relativamente estable en torno a $1.400, abril deber\u00eda mostrar una din\u00e1mica m\u00e1s contenida&#8221;<\/figcaption><\/div>\n<p class=\"paragraph\">Para mayo, Carrera dijo que si los valores de la carne se mantienen contenidos tras el salto previo, la estacionalidad jugar\u00e1 a favor. Con un<b> tipo de cambio sin sobresaltos y una demanda d\u00e9bil<\/b>, la inflaci\u00f3n podr\u00eda ubicarse m\u00e1s cerca del 2% mensual.<\/p>\n<p class=\"paragraph\">En la consultora EcoGo, estiman que el nivel general de precios alcanzar\u00e1 el 2,5% en abril. \u201cLa desaceleraci\u00f3n en Alimentos contin\u00faa siendo el contrapeso m\u00e1s relevante, logrando atenuar el impacto de la inercia de costos. Si bien persisten presiones de arrastre heredadas de marzo y ajustes en Indumentaria, la<b> estabilidad en los productos de primera necesidad<\/b> ayuda a contener el efecto de dichos factores\u201d, afirmaron.<\/p>\n<div class=\"blockquote\">\n<blockquote class=\"color_figcaption\"><p>La desaceleraci\u00f3n en Alimentos contin\u00faa siendo el contrapeso m\u00e1s relevante, logrando atenuar el impacto de la inercia de costos (EcoGo<\/p><\/blockquote>\n<\/div>\n<p class=\"paragraph\">El economista de la consultora Analytica, <b>Claudio Caprarulo<\/b>, proyecta que abril cerrar\u00eda con una inflaci\u00f3n de 2,9%. \u201cNuestro relevamiento indica que los<b> alimentos y bebidas mantienen una tendencia a la baja<\/b>. En contraposici\u00f3n, las consecuencias del incremento en los combustibles todav\u00eda traccionan al alza\u201d, se\u00f1al\u00f3.<\/p>\n<p class=\"paragraph\">Desde la Fundaci\u00f3n Libertad y Progreso, <b>Iv\u00e1n Cachanosky<\/b>, economista Jefe, pronostica una suba del IPC de entre 2,5% y 2,7% para abril. \u201cEstamos viendo una fuerte desaceleraci\u00f3n en alimentos y bebidas, especialmente la carne, y detectamos una baja de precios en indumentaria. Adem\u00e1s, se observan muchos rubros con poca variaci\u00f3n, como restaurantes, comunicaciones, recreaci\u00f3n y cultura\u201d, indic\u00f3<\/p>\n<p class=\"paragraph\">Respecto de mayo, Cachanosky precis\u00f3: \u201cCreemos que rondar\u00e1 el <b>2% mensual<\/b>. La devaluaci\u00f3n y el traslado a precios, producto de la incertidumbre electoral del a\u00f1o pasado, ya est\u00e1n dejando de surtir efecto y comenzar\u00e1 a sentirse el apret\u00f3n monetario del BCRA. Por otra parte, se vienen los meses de liquidaci\u00f3n de la cosecha gruesa, lo que contribuye a que el d\u00f3lar se mantenga estable\u201d.<\/p>\n<div class=\"visual__image\"><picture><source srcset=\"https:\/\/www.infobae.com\/resizer\/v2\/VE246HH75RATTAWZI35XXJJ2OE.JPG?auth=011ffd58b24e0bee5165a8198a03909fa7ff2ccf9f99c7f2139407ec37e05722&amp;smart=true&amp;width=992&amp;height=652&amp;quality=85\" media=\"(min-width: 1000px)\"\/><source srcset=\"https:\/\/www.infobae.com\/resizer\/v2\/VE246HH75RATTAWZI35XXJJ2OE.JPG?auth=011ffd58b24e0bee5165a8198a03909fa7ff2ccf9f99c7f2139407ec37e05722&amp;smart=true&amp;width=768&amp;height=505&amp;quality=85\" media=\"(min-width: 768px)\"\/><source srcset=\"https:\/\/www.infobae.com\/resizer\/v2\/VE246HH75RATTAWZI35XXJJ2OE.JPG?auth=011ffd58b24e0bee5165a8198a03909fa7ff2ccf9f99c7f2139407ec37e05722&amp;smart=true&amp;width=577&amp;height=379&amp;quality=85\" media=\"(min-width: 580px)\"\/><source srcset=\"https:\/\/www.infobae.com\/resizer\/v2\/VE246HH75RATTAWZI35XXJJ2OE.JPG?auth=011ffd58b24e0bee5165a8198a03909fa7ff2ccf9f99c7f2139407ec37e05722&amp;smart=true&amp;width=420&amp;height=276&amp;quality=85\" media=\"(min-width: 350px)\"\/><source srcset=\"https:\/\/www.infobae.com\/resizer\/v2\/VE246HH75RATTAWZI35XXJJ2OE.JPG?auth=011ffd58b24e0bee5165a8198a03909fa7ff2ccf9f99c7f2139407ec37e05722&amp;smart=true&amp;width=350&amp;height=230&amp;quality=85\" media=\"(min-width: 80px)\"\/><img alt=\"Cachanosky: &quot;La devaluaci\u00f3n y el traslado a precios, producto de la incertidumbre electoral del a\u00f1o pasado, ya est\u00e1n dejando de surtir efecto y comenzar\u00e1 a sentirse el apret\u00f3n monetario del BCRA&quot; (Foto: Reuters)\" class=\"global-image\" decoding=\"async\" fetchpriority=\"low\" height=\"3492\" loading=\"lazy\" src=\"https:\/\/www.infobae.com\/resizer\/v2\/VE246HH75RATTAWZI35XXJJ2OE.JPG?auth=011ffd58b24e0bee5165a8198a03909fa7ff2ccf9f99c7f2139407ec37e05722&amp;smart=true&amp;width=350&amp;height=230&amp;quality=85\" width=\"5311\"\/><\/picture><figcaption class=\"article-figcaption-img\">Cachanosky: &#8220;La devaluaci\u00f3n y el traslado a precios, producto de la incertidumbre electoral del a\u00f1o pasado, ya est\u00e1n dejando de surtir efecto y comenzar\u00e1 a sentirse el apret\u00f3n monetario del BCRA&#8221; (Foto: Reuters)<\/figcaption><\/div>\n<p class=\"paragraph\">El economista<b> Fausto Spotorno<\/b>, del estudio Orlando Ferreres y Asociados, calcula que la inflaci\u00f3n de abril estar\u00e1 en el rango de 2,5% a 2,7%. Aunque se trata de un dato preliminar, resalt\u00f3 que todo apunta a que ser\u00e1 menor a la de marzo. Para mayo, prev\u00e9 un registro m\u00e1s cercano al 2,5 por ciento.<\/p>\n<p class=\"paragraph\">Todos son planteos que se alinean con lo expresado por el vicepresidente del BCRA, <b>Vladimir Werning<\/b>, en una presentaci\u00f3n ante inversores en Washington. Enfatiz\u00f3 que shocks globales, estacionalidad y la normalizaci\u00f3n de tarifas impulsaron el IPC en los \u00faltimos meses. Argument\u00f3 que actualmente los precios se determinan por la oferta y demanda espec\u00edfica de cada mercado, sin otros factores incidentes.<\/p>\n<p class=\"paragraph\">En ese contexto, el funcionario sostuvo que el incremento de la carne vacuna se est\u00e1 desacelerando y que la suba previa no se traslad\u00f3 a los precios internos del cerdo o el pollo, lo que, a su criterio, muestra que se trata de un ajuste relativo de corto plazo y no de una inercia nominal persistente. Esto explicar\u00eda que el sector privado proyecte una disminuci\u00f3n de la inflaci\u00f3n en el corto plazo.<\/p>\n<p class=\"paragraph\">El ministro de Econom\u00eda, <b>Luis Caputo<\/b>, luego del dato de marzo, justific\u00f3: \u201cLa inflaci\u00f3n es un fen\u00f3meno monetario, y puede acelerarse por un aumento en la oferta monetaria, una ca\u00edda en la demanda o una combinaci\u00f3n de ambas. A medida que el impacto rezagado del desplome pre electoral en la demanda de dinero vaya perdiendo fuerza, el orden fiscal y monetario permitir\u00e1n que contin\u00fae su convergencia hacia niveles internacionales\u201d.<\/p>\n<\/div>\n<p><script defer=\"\">try{!function(f,b,e,v,n,t,s) {if(f.fbq)return;n=f.fbq=function(){n.callMethod? n.callMethod.apply(n,arguments):n.queue.push(arguments)}; if(!f._fbq)f._fbq=n;n.push=n;n.loaded=!0;n.version='2.0'; n.queue=[];t=b.createElement(e);t.async=!0; t.src=v;s=b.getElementsByTagName(e)[0]; s.parentNode.insertBefore(t,s)}(window, document,'script', ' fbq('init', '336383993555320'); fbq('track', 'PageView'); fbq('track', 'ViewContent');}catch(error){console.log(\"Error al inicializar facebookPixelRawCodeScript:\",error);}<\/script><\/p>\n","protected":false},"excerpt":{"rendered":"<p>La desaceleraci\u00f3n en la inflaci\u00f3n de los alimentos quita presi\u00f3n al \u00edndice general (Imagen Ilustrativa Infobae) Tras el 3,4% de marzo, considerado un \u201cmal dato\u201d por el presidente Javier Milei, la inflaci\u00f3n se habr\u00eda desacelerado en abril y mantendr\u00eda esa tendencia en mayo. Esta moderaci\u00f3n responde tanto a factores estacionales como a la evoluci\u00f3n de [&hellip;]<\/p>\n","protected":false},"author":2,"featured_media":87764,"comment_status":"","ping_status":"","sticky":false,"template":"","format":"standard","meta":{"footnotes":""},"categories":[2],"tags":[],"_links":{"self":[{"href":"https:\/\/maxradio923.com.ar\/index.php\/wp-json\/wp\/v2\/posts\/87763"}],"collection":[{"href":"https:\/\/maxradio923.com.ar\/index.php\/wp-json\/wp\/v2\/posts"}],"about":[{"href":"https:\/\/maxradio923.com.ar\/index.php\/wp-json\/wp\/v2\/types\/post"}],"author":[{"embeddable":true,"href":"https:\/\/maxradio923.com.ar\/index.php\/wp-json\/wp\/v2\/users\/2"}],"replies":[{"embeddable":true,"href":"https:\/\/maxradio923.com.ar\/index.php\/wp-json\/wp\/v2\/comments?post=87763"}],"version-history":[{"count":0,"href":"https:\/\/maxradio923.com.ar\/index.php\/wp-json\/wp\/v2\/posts\/87763\/revisions"}],"wp:featuredmedia":[{"embeddable":true,"href":"https:\/\/maxradio923.com.ar\/index.php\/wp-json\/wp\/v2\/media\/87764"}],"wp:attachment":[{"href":"https:\/\/maxradio923.com.ar\/index.php\/wp-json\/wp\/v2\/media?parent=87763"}],"wp:term":[{"taxonomy":"category","embeddable":true,"href":"https:\/\/maxradio923.com.ar\/index.php\/wp-json\/wp\/v2\/categories?post=87763"},{"taxonomy":"post_tag","embeddable":true,"href":"https:\/\/maxradio923.com.ar\/index.php\/wp-json\/wp\/v2\/tags?post=87763"}],"curies":[{"name":"wp","href":"https:\/\/api.w.org\/{rel}","templated":true}]}}