{"id":87751,"date":"2026-04-26T03:08:02","date_gmt":"2026-04-26T06:08:02","guid":{"rendered":"https:\/\/maxradio923.com.ar\/index.php\/2026\/04\/26\/fuerte-caida-del-empleo-privado-en-las-provincias-y-poco-derrame-de-los-sectores-que-crecen-puede-revertirlo-la-reforma-laboral\/"},"modified":"2026-04-26T03:08:02","modified_gmt":"2026-04-26T06:08:02","slug":"fuerte-caida-del-empleo-privado-en-las-provincias-y-poco-derrame-de-los-sectores-que-crecen-puede-revertirlo-la-reforma-laboral","status":"publish","type":"post","link":"https:\/\/maxradio923.com.ar\/index.php\/2026\/04\/26\/fuerte-caida-del-empleo-privado-en-las-provincias-y-poco-derrame-de-los-sectores-que-crecen-puede-revertirlo-la-reforma-laboral\/","title":{"rendered":"Fuerte ca\u00edda del empleo privado en las provincias y poco derrame de los sectores que crecen: \u00bfpuede revertirlo la reforma laboral?"},"content":{"rendered":"<p><\/p>\n<div>\n<div class=\"visual__image image-initial-width\"><picture><source srcset=\"https:\/\/www.infobae.com\/resizer\/v2\/T3XF7JM4CBBPVGJWX5EAYWERX4.jpg?auth=1e1fc05c3e29db55d7f4faf7fd16dc0b8ea381c902caef2b6610a0e1748ed264&amp;smart=true&amp;width=992&amp;height=744&amp;quality=85\" media=\"(min-width: 1000px)\"\/><source srcset=\"https:\/\/www.infobae.com\/resizer\/v2\/T3XF7JM4CBBPVGJWX5EAYWERX4.jpg?auth=1e1fc05c3e29db55d7f4faf7fd16dc0b8ea381c902caef2b6610a0e1748ed264&amp;smart=true&amp;width=768&amp;height=576&amp;quality=85\" media=\"(min-width: 768px)\"\/><source srcset=\"https:\/\/www.infobae.com\/resizer\/v2\/T3XF7JM4CBBPVGJWX5EAYWERX4.jpg?auth=1e1fc05c3e29db55d7f4faf7fd16dc0b8ea381c902caef2b6610a0e1748ed264&amp;smart=true&amp;width=577&amp;height=433&amp;quality=85\" media=\"(min-width: 580px)\"\/><source srcset=\"https:\/\/www.infobae.com\/resizer\/v2\/T3XF7JM4CBBPVGJWX5EAYWERX4.jpg?auth=1e1fc05c3e29db55d7f4faf7fd16dc0b8ea381c902caef2b6610a0e1748ed264&amp;smart=true&amp;width=420&amp;height=315&amp;quality=85\" media=\"(min-width: 350px)\"\/><source srcset=\"https:\/\/www.infobae.com\/resizer\/v2\/T3XF7JM4CBBPVGJWX5EAYWERX4.jpg?auth=1e1fc05c3e29db55d7f4faf7fd16dc0b8ea381c902caef2b6610a0e1748ed264&amp;smart=true&amp;width=350&amp;height=263&amp;quality=85\" media=\"(min-width: 80px)\"\/><img alt=\"Vista lateral de una larga fila de personas, vestidas con ropa informal, esperando en una acera junto a un edificio. Algunos miran sus tel\u00e9fonos\" class=\"global-image\" decoding=\"async\" fetchpriority=\"high\" height=\"810\" loading=\"eager\" src=\"https:\/\/www.infobae.com\/resizer\/v2\/T3XF7JM4CBBPVGJWX5EAYWERX4.jpg?auth=1e1fc05c3e29db55d7f4faf7fd16dc0b8ea381c902caef2b6610a0e1748ed264&amp;smart=true&amp;width=350&amp;height=263&amp;quality=85\" width=\"1080\"\/><\/picture><figcaption class=\"article-figcaption-img\">Ieral: &#8220;El desempe\u00f1o laboral no responde a una expansi\u00f3n generalizada, sino a din\u00e1micas sectoriales espec\u00edficas, en general vinculadas a actividades exportadoras o con ventajas comparativas claras&#8221; (Foto: La Capital de Mar del Plata)<\/figcaption><\/div>\n<p class=\"paragraph\">\u201cEl actual escenario econ\u00f3mico es el de un proceso de ajuste con oportunidades muy focalizadas. El desempe\u00f1o laboral no responde a una expansi\u00f3n generalizada, sino a din\u00e1micas sectoriales espec\u00edficas, en general vinculadas a actividades exportadoras o con ventajas comparativas claras, cuyo \u2018efecto derrame\u2019 por ahora es limitado, condicionado por la estructura productiva de cada provincia\u201d, dice un estudio del Ieral de Fundaci\u00f3n Mediterr\u00e1nea sobre la situaci\u00f3n del empleo en las provincias argentinas.<\/p>\n<p class=\"paragraph\">En base a datos de la <b>Secretar\u00eda de Trabajo<\/b> desagregados por provincia y por rubro, el informe precisa que del tercer trimestre de 2023 al tercero de 2025, el empleo privado formal cay\u00f3 en promedio 2,7 por ciento. <\/p>\n<p class=\"paragraph\">Pero esa cifra agregada, subraya <b>Jorge Day<\/b>, autor del trabajo, \u201coculta diferencias significativas entre provincias, con un grupo reducido que logra expandir el empleo y una mayor\u00eda que presenta contracciones de distinta magnitud\u201d. Entre las jurisdicciones de mejor desempe\u00f1o destaca claramente <b>Neuqu\u00e9n<\/b>, con crecimiento del empleo impulsado por la actividad petrolera, seguido a distancia por <b>Tucum\u00e1n<\/b> y <b>R\u00edo Negro<\/b>. <\/p>\n<div class=\"blockquote\">\n<blockquote class=\"color_figcaption\"><p>Las zonas de mejor desempe\u00f1o se vinculan a tres grandes motores: Vaca Muerta, la miner\u00eda y el complejo agropampeano (Day)<\/p><\/blockquote>\n<\/div>\n<p class=\"paragraph\">\u201cEn contraste, varias provincias muestran ca\u00eddas pronunciadas, especialmente aquellas m\u00e1s dependientes de la obra p\u00fablica o de transferencias nacionales, donde el ajuste fiscal impact\u00f3 de manera directa sobre el nivel de actividad y el empleo\u201d, dice un pasaje. <\/p>\n<p class=\"paragraph\">Las zonas de mejor desempe\u00f1o se vinculan a tres grandes motores: <b>Vaca Muerta<\/b> (<b>Neuqu\u00e9n<\/b>), la miner\u00eda (<b>San Juan<\/b>, <b>Salta<\/b> y <b>Jujuy<\/b>) y el complejo agropampeano. <\/p>\n<p class=\"paragraph\">En cambio, \u201cpresentan un desempe\u00f1o m\u00e1s d\u00e9bil provincias petroleras tradicionales (como <b>Santa Cruz<\/b> y <b>Chubut<\/b>) y aquellas con mayor dependencia de fondos nacionales, especialmente en el Norte del pa\u00eds\u201d, puntualiza <b>Day<\/b>. <\/p>\n<div class=\"rawHTML raw_html \"><img decoding=\"async\" src=\"https:\/\/www.infobae.com\/\/resizer\/v2\/O2JKCE3KX5CQNG7JWQK6F35VUM.jpg?auth=da23a6dbebe10ccc1d470c014aba127026c029e348df1567caab7604eb71ab61\" alt=\"infografia\" class=\"responsive\"\/><\/p>\n<p><img decoding=\"async\" src=\"alt=&quot;infografia&quot;\" class=\"responsive\"\/><\/p>\n<\/div>\n<p class=\"paragraph\">De acuerdo al trabajo, \u201ccabr\u00eda esperar que las regiones con sectores din\u00e1micos generen un \u2018efecto derrame\u2019 no solo en las actividades l\u00edderes, sino tambi\u00e9n en el resto, pero el an\u00e1lisis del empleo privado registrado muestra que, si bien hay algunos casos, como <b>Neuqu\u00e9n<\/b>, donde eso se verifica a nivel agregado, predomina la ca\u00edda del empleo y una gran heterogeneidad entre provincias y sectores&#8221;. <\/p>\n<p class=\"paragraph\">Por lejos, la Construcci\u00f3n es el sector m\u00e1s castigado. \u201cSu comportamiento responde fuertemente al ciclo econ\u00f3mico y, en particular, a la disponibilidad de obra p\u00fablica (\u2026) las provincias m\u00e1s afectadas son las de mayor dependencia de fondos nacionales\u201d, escribi\u00f3 <b>Day<\/b>. <\/p>\n<p class=\"paragraph\">La situaci\u00f3n de la Construcci\u00f3n funciona como un <b>term\u00f3metro adelantado del ciclo econ\u00f3mico<\/b>. Su contracci\u00f3n actual refleja el ajuste en curso, pero al mismo tiempo, ante un cambio en las condiciones macroecon\u00f3micas o fiscales, podr\u00eda ser uno de los primeros en recuperarse. En este sentido, dice el trabajo, \u201ccombina riesgo elevado en el corto plazo con potencial de rebote en una fase expansiva\u201d. En Santa Cruz, por caso, los datos -dado el inicio y principio del per\u00edodo considerado- reflejan la alta incidencia de la interrupci\u00f3n de la obra de represas sobre el r\u00edo Santa Cruz, cuyo reinicio el gobierno anunci\u00f3 el mes pasado.<\/p>\n<div class=\"blockquote\">\n<blockquote class=\"color_figcaption\"><p>La contracci\u00f3n de la construcci\u00f3n refleja el ajuste en curso, pero al mismo tiempo anticipa que, ante un cambio en las condiciones macroecon\u00f3micas o fiscales, podr\u00eda ser uno de los primeros en recuperarse (Day)<\/p><\/blockquote>\n<\/div>\n<p class=\"paragraph\">La ca\u00edda del empleo privado formal alcanza tanto a rubros productores de bienes como a prestadores de servicios. <\/p>\n<p class=\"paragraph\">En el primer caso, las excepciones se asocian a ventajas comparativas espec\u00edficas. \u201c<b>Neuqu\u00e9n<\/b> y <b>San Juan<\/b> muestran incrementos vinculados a la actividad minera, <b>Tucum\u00e1n<\/b> al sector agropecuario y <b>R\u00edo Negro<\/b> a la industria. Tambi\u00e9n se destacan los casos de <b>Jujuy<\/b> y <b>Formosa<\/b>, con crecimiento del empleo agropecuario. Con signo negativo se observa la p\u00e9rdida del impulso petrolero en provincias donde domina la extracci\u00f3n \u201cconvencional\u201d, como <b>Chubut<\/b> y <b>Santa Cruz<\/b>), precisa el Ieral.<\/p>\n<div class=\"visual__image\"><picture><source srcset=\"https:\/\/www.infobae.com\/resizer\/v2\/6U5BBS35YVCN7F4OGA3N7BCMVY.png?auth=e1ccdc7e0b5460feaeb9c509c3b2461558edbbde7addf6f60422a0adc76f5f60&amp;smart=true&amp;width=992&amp;height=554&amp;quality=85\" media=\"(min-width: 1000px)\"\/><source srcset=\"https:\/\/www.infobae.com\/resizer\/v2\/6U5BBS35YVCN7F4OGA3N7BCMVY.png?auth=e1ccdc7e0b5460feaeb9c509c3b2461558edbbde7addf6f60422a0adc76f5f60&amp;smart=true&amp;width=768&amp;height=429&amp;quality=85\" media=\"(min-width: 768px)\"\/><source srcset=\"https:\/\/www.infobae.com\/resizer\/v2\/6U5BBS35YVCN7F4OGA3N7BCMVY.png?auth=e1ccdc7e0b5460feaeb9c509c3b2461558edbbde7addf6f60422a0adc76f5f60&amp;smart=true&amp;width=577&amp;height=322&amp;quality=85\" media=\"(min-width: 580px)\"\/><source srcset=\"https:\/\/www.infobae.com\/resizer\/v2\/6U5BBS35YVCN7F4OGA3N7BCMVY.png?auth=e1ccdc7e0b5460feaeb9c509c3b2461558edbbde7addf6f60422a0adc76f5f60&amp;smart=true&amp;width=420&amp;height=234&amp;quality=85\" media=\"(min-width: 350px)\"\/><source srcset=\"https:\/\/www.infobae.com\/resizer\/v2\/6U5BBS35YVCN7F4OGA3N7BCMVY.png?auth=e1ccdc7e0b5460feaeb9c509c3b2461558edbbde7addf6f60422a0adc76f5f60&amp;smart=true&amp;width=350&amp;height=195&amp;quality=85\" media=\"(min-width: 80px)\"\/><img alt=\"Imagen dividida. Izquierda: Trabajadores soldando un oleoducto en Vaca Muerta, Neuqu\u00e9n, con sol. Derecha: Manifestaci\u00f3n de desempleados con pancartas y polic\u00eda en una calle.\" class=\"global-image\" decoding=\"async\" fetchpriority=\"low\" height=\"1536\" loading=\"lazy\" src=\"https:\/\/www.infobae.com\/resizer\/v2\/6U5BBS35YVCN7F4OGA3N7BCMVY.png?auth=e1ccdc7e0b5460feaeb9c509c3b2461558edbbde7addf6f60422a0adc76f5f60&amp;smart=true&amp;width=350&amp;height=195&amp;quality=85\" width=\"2752\"\/><\/picture><figcaption class=\"article-figcaption-img\">La imagen yuxtapone el desarrollo y la generaci\u00f3n de empleo en la formaci\u00f3n Vaca Muerta, Neuqu\u00e9n, con una manifestaci\u00f3n de desempleados en una provincia en crisis, reflejando las disparidades econ\u00f3micas de Argentina. (Imagen Ilustrativa Infobae)<\/figcaption><\/div>\n<p class=\"paragraph\">En servicios tambi\u00e9n prevalece la contracci\u00f3n, pero con matices importantes. Un dato destacado es que en cerca de la mitad de las provincias el empleo en el comercio crece y en la otra mitad disminuye. En otros sectores de servicios predomina la ca\u00edda, con excepciones como <b>Neuqu\u00e9n<\/b>, donde el empleo crece en la mayor\u00eda de los rubros, y algunas provincias donde se observan mejoras en servicios profesionales.<\/p>\n<p class=\"paragraph\">El escenario, dice Jorge Day, combina contracci\u00f3n agregada con oportunidades selectivas, pero su rasgo distintivo es que los cambios en el empleo \u201cresponden principalmente a factores econ\u00f3micos estructurales m\u00e1s que a fluctuaciones coyunturales\u201d y hay creciente divergencia entre sectores transables y exportadores y no transables, dependientes del mercado interno y del gasto p\u00fablico. <\/p>\n<p class=\"paragraph\">En cualquier caso, el potencial \u201cefecto derrame\u201d no es autom\u00e1tico, sino condicionado. Para que los sectores din\u00e1micos generen empleo en el resto de la econom\u00eda se requiere un <b>entorno favorable a los encadenamientos productivos<\/b>. \u201cEn su ausencia, el crecimiento tiende a concentrarse en actividades espec\u00edficas, con impactos acotados sobre el empleo total\u201d, dice el estudio.<\/p>\n<p class=\"paragraph\">La din\u00e1mica descripta calza con recientes advertencias. <b>Ricardo Arriazu<\/b>, economista y consultor que simpatiza con la orientaci\u00f3n oficial, advirti\u00f3 que el principal problema pol\u00edtico del gobierno es el conurbano bonaerense, donde la la falta de empleo privado formal es aguda. Y <b>Roberto Frenkel<\/b>, economista profesional m\u00e1s heterodoxo, dijo que aun si las cuentas externas permiten sostener el actual nivel del tipo de cambio, este seguir\u00e1 siendo un problema pues, en un contexto de apertura, no habr\u00e1 creaci\u00f3n de empleo en sectores transables vinculados al mercado interno.<\/p>\n<p class=\"paragraph\">El Gobierno, sin embargo, difundi\u00f3 estad\u00edsticas positivas sobre el salario y el empleo, que pivotea sobre un aumento r\u00e9cord del n\u00famero de monotributistas. Seg\u00fan el secretario de Trabajo, <b>Julio Cordero<\/b>, en 2025 aument\u00f3 la participaci\u00f3n de los trabajadores en el ingreso nacional, en un contexto de expansi\u00f3n del empleo y recuperaci\u00f3n del salario real. <\/p>\n<div class=\"blockquote\">\n<blockquote class=\"color_figcaption\"><p>En 2025 aument\u00f3 la participaci\u00f3n de los trabajadores en el ingreso nacional, en un contexto de expansi\u00f3n del empleo y recuperaci\u00f3n del salario real (Cordero)<\/p><\/blockquote>\n<\/div>\n<p class=\"paragraph\">\u201dVamos a una Argentina donde trabajar tiene que ser mucho m\u00e1s negocio que litigar y contratar a un trabajador tiene que ser mucho m\u00e1s rentable que no contratarlo. Esta es la realidad de lo que buscamos\u201d, dijo el funcionario al comentar nuevas estad\u00edsticas oficiales. <\/p>\n<p class=\"paragraph\">Seg\u00fan datos elaborados por la Direcci\u00f3n Nacional de Estudios y Estad\u00edsticas Laborales sobre la base de las Cuentas Nacionales del Indec, la participaci\u00f3n de los trabajadores en el ingreso total pas\u00f3 del 45,1% en 2023 al 45,5% en 2025, alcanzando su nivel m\u00e1s alto desde 2020\u201d, afirm\u00f3 el <b>Ministerio de Capital Humano<\/b>, que encabeza <b>Sandra Pettovello<\/b> y del que depende Trabajo. <\/p>\n<p class=\"paragraph\"><b>Cordero<\/b> afirm\u00f3 que esa evoluci\u00f3n \u201cse da en un escenario de crecimiento del empleo y de las horas trabajadas, junto con una mejora en el salario efectivamente percibido por los trabajadores\u201d.<\/p>\n<p class=\"paragraph\">Aunque el estudio del Ieral y el documento oficial no abarcan los mismos lapsos, la discrepancia de datos es significativa y convoca al debate sobre la mejora que puede ofrecer (o no) la ley de modernizaci\u00f3n laboral, que super\u00f3 esta semana un escollo judicial clave.<\/p>\n<div class=\"visual__image\"><picture><source srcset=\"https:\/\/www.infobae.com\/resizer\/v2\/APN3UUEJTZFYVPSRIGADTDSLPE.JPG?auth=c394bc6aeda00631cecbdc43a4fb0a4548b3a3fb130ebe6a96515a74ba10e3b4&amp;smart=true&amp;width=992&amp;height=558&amp;quality=85\" media=\"(min-width: 1000px)\"\/><source srcset=\"https:\/\/www.infobae.com\/resizer\/v2\/APN3UUEJTZFYVPSRIGADTDSLPE.JPG?auth=c394bc6aeda00631cecbdc43a4fb0a4548b3a3fb130ebe6a96515a74ba10e3b4&amp;smart=true&amp;width=768&amp;height=432&amp;quality=85\" media=\"(min-width: 768px)\"\/><source srcset=\"https:\/\/www.infobae.com\/resizer\/v2\/APN3UUEJTZFYVPSRIGADTDSLPE.JPG?auth=c394bc6aeda00631cecbdc43a4fb0a4548b3a3fb130ebe6a96515a74ba10e3b4&amp;smart=true&amp;width=577&amp;height=325&amp;quality=85\" media=\"(min-width: 580px)\"\/><source srcset=\"https:\/\/www.infobae.com\/resizer\/v2\/APN3UUEJTZFYVPSRIGADTDSLPE.JPG?auth=c394bc6aeda00631cecbdc43a4fb0a4548b3a3fb130ebe6a96515a74ba10e3b4&amp;smart=true&amp;width=420&amp;height=236&amp;quality=85\" media=\"(min-width: 350px)\"\/><source srcset=\"https:\/\/www.infobae.com\/resizer\/v2\/APN3UUEJTZFYVPSRIGADTDSLPE.JPG?auth=c394bc6aeda00631cecbdc43a4fb0a4548b3a3fb130ebe6a96515a74ba10e3b4&amp;smart=true&amp;width=350&amp;height=197&amp;quality=85\" media=\"(min-width: 80px)\"\/><img alt=\"Juan Luis Bour . FIEL\" class=\"global-image\" decoding=\"async\" fetchpriority=\"low\" height=\"1080\" loading=\"lazy\" src=\"https:\/\/www.infobae.com\/resizer\/v2\/APN3UUEJTZFYVPSRIGADTDSLPE.JPG?auth=c394bc6aeda00631cecbdc43a4fb0a4548b3a3fb130ebe6a96515a74ba10e3b4&amp;smart=true&amp;width=350&amp;height=197&amp;quality=85\" width=\"1920\"\/><\/picture><figcaption class=\"article-figcaption-img\">Dijo Bour: &#8220;Si, conforme la ley, dicha regulaci\u00f3n se aplica tambi\u00e9n a los trabajadores actuales, pueden verse efectos inmediatos&#8221;<\/figcaption><\/div>\n<p class=\"paragraph\">Seg\u00fan <b>Juan Luis Bour<\/b>, economista jefe y director de FIEL y experto en econom\u00eda laboral, una primera cuesti\u00f3n es cu\u00e1ndo la nueva ley \u201cpisar\u00e1 sobre firme\u201d. Hasta que eso no ocurra, dijo a <b>Infobae<\/b>, \u201chabr\u00e1 que esperar para ver que efectivamente la ley rige y en qu\u00e9 parte es limitada\u201d. <\/p>\n<p class=\"paragraph\">Para Bour, lo importante en t\u00e9rminos de indemnizaci\u00f3n es si, conforme a la ley, se aplica tambi\u00e9n a los trabajadores actuales. Pero aclara que la ley no solo agiliza definiciones sobre la indemnizaci\u00f3n, sino que habilita a negociar convenios colectivos directamente con los trabajadores. Algo inviable en compa\u00f1\u00edas con conflictos gremiales o convenios preexistentes. La ley, subraya, favorece principalmente a firmas de nueva radicaci\u00f3n.<\/p>\n<p class=\"paragraph\">Bour plantea la posibilidad de que nuevos emprendimientos firmen convenios que no dependan de los acuerdos generales, facilitando la transici\u00f3n y la adecuaci\u00f3n tecnol\u00f3gica en un proceso de apertura econ\u00f3mica. Resalta la necesidad de reestructuraci\u00f3n y anticipa el cierre de empresas incapaces de competir, junto al surgimiento de otras que negocian condiciones laborales por fuera de sindicatos o c\u00e1maras con sede en Buenos Aires, aunque se encuentren en otras provincias, como La Rioja.<\/p>\n<div class=\"blockquote\">\n<blockquote class=\"color_figcaption\"><p>Cuando los convenios colectivos se hagan por empresa, los sindicatos de c\u00fapula y las c\u00e1maras empresarias tendr\u00e1n que poner las barbas en remojo (Bour)<\/p><\/blockquote>\n<\/div>\n<p class=\"paragraph\">Al consultarle si se trata de una nueva etapa en las relaciones laborales, Bour responde: \u201cS\u00ed, porque es un cambio respecto de un modelo que se estableci\u00f3 hace muchas d\u00e9cadas. En Argentina tenemos sindicatos de c\u00fapulas. Es un cambio que se tiene que producir. Cuando los convenios colectivos se hagan por empresa, los sindicatos de c\u00fapula y las c\u00e1maras empresarias tendr\u00e1n que poner las barbas en remojo\u201d.<\/p>\n<p class=\"paragraph\">El especialista explic\u00f3 que el pesimismo actual en torno al empleo est\u00e1 relacionado a que en los \u00faltimos 15 a\u00f1os solo creci\u00f3 el informal, de baja calidad. <\/p>\n<p class=\"paragraph\">\u201cEn los <b>momentos de recuperaci\u00f3n el empleo formal creci\u00f3 un poco y en<\/b> <b>la recesi\u00f3n siguiente se cay\u00f3.<\/b> Si segu\u00eds igual, vas a tener lo mismo. Este cambio de la ley y otros que vendr\u00e1n pueden permitir el despegue del empleo si la actividad econ\u00f3mica tambi\u00e9n repunta. El pesimismo de hoy surge porque est\u00e1s en una meseta de actividad econ\u00f3mica, con algunos sectores en crecimiento y otros en ca\u00edda, que no arrastran empleo, y aumento de la competencia externa. No habr\u00e1 crecimiento del empleo en el corto plazo. Este a\u00f1o no creo que crezca m\u00e1s de 0,2% o 0,3 por ciento. Para que esto se revierta se necesita no solamente estas reformas sino tambi\u00e9n que la <b>econom\u00eda se mueva&#8221;<\/b>, concluy\u00f3.<\/p>\n<\/div>\n<p><script defer=\"\">try{!function(f,b,e,v,n,t,s) {if(f.fbq)return;n=f.fbq=function(){n.callMethod? n.callMethod.apply(n,arguments):n.queue.push(arguments)}; if(!f._fbq)f._fbq=n;n.push=n;n.loaded=!0;n.version='2.0'; n.queue=[];t=b.createElement(e);t.async=!0; t.src=v;s=b.getElementsByTagName(e)[0]; s.parentNode.insertBefore(t,s)}(window, document,'script', ' fbq('init', '336383993555320'); fbq('track', 'PageView'); fbq('track', 'ViewContent');}catch(error){console.log(\"Error al inicializar facebookPixelRawCodeScript:\",error);}<\/script><\/p>\n","protected":false},"excerpt":{"rendered":"<p>Ieral: &#8220;El desempe\u00f1o laboral no responde a una expansi\u00f3n generalizada, sino a din\u00e1micas sectoriales espec\u00edficas, en general vinculadas a actividades exportadoras o con ventajas comparativas claras&#8221; (Foto: La Capital de Mar del Plata) \u201cEl actual escenario econ\u00f3mico es el de un proceso de ajuste con oportunidades muy focalizadas. El desempe\u00f1o laboral no responde a una [&hellip;]<\/p>\n","protected":false},"author":2,"featured_media":87752,"comment_status":"","ping_status":"","sticky":false,"template":"","format":"standard","meta":{"footnotes":""},"categories":[2],"tags":[],"_links":{"self":[{"href":"https:\/\/maxradio923.com.ar\/index.php\/wp-json\/wp\/v2\/posts\/87751"}],"collection":[{"href":"https:\/\/maxradio923.com.ar\/index.php\/wp-json\/wp\/v2\/posts"}],"about":[{"href":"https:\/\/maxradio923.com.ar\/index.php\/wp-json\/wp\/v2\/types\/post"}],"author":[{"embeddable":true,"href":"https:\/\/maxradio923.com.ar\/index.php\/wp-json\/wp\/v2\/users\/2"}],"replies":[{"embeddable":true,"href":"https:\/\/maxradio923.com.ar\/index.php\/wp-json\/wp\/v2\/comments?post=87751"}],"version-history":[{"count":0,"href":"https:\/\/maxradio923.com.ar\/index.php\/wp-json\/wp\/v2\/posts\/87751\/revisions"}],"wp:featuredmedia":[{"embeddable":true,"href":"https:\/\/maxradio923.com.ar\/index.php\/wp-json\/wp\/v2\/media\/87752"}],"wp:attachment":[{"href":"https:\/\/maxradio923.com.ar\/index.php\/wp-json\/wp\/v2\/media?parent=87751"}],"wp:term":[{"taxonomy":"category","embeddable":true,"href":"https:\/\/maxradio923.com.ar\/index.php\/wp-json\/wp\/v2\/categories?post=87751"},{"taxonomy":"post_tag","embeddable":true,"href":"https:\/\/maxradio923.com.ar\/index.php\/wp-json\/wp\/v2\/tags?post=87751"}],"curies":[{"name":"wp","href":"https:\/\/api.w.org\/{rel}","templated":true}]}}