{"id":87747,"date":"2026-04-26T02:26:02","date_gmt":"2026-04-26T05:26:02","guid":{"rendered":"https:\/\/maxradio923.com.ar\/index.php\/2026\/04\/26\/clima-de-negocios-como-piensa-peter-thiel-el-magnate-libertario-que-se-enamoro-del-experimento-argentino-y-se-instalo-en-buenos-aires\/"},"modified":"2026-04-26T02:26:02","modified_gmt":"2026-04-26T05:26:02","slug":"clima-de-negocios-como-piensa-peter-thiel-el-magnate-libertario-que-se-enamoro-del-experimento-argentino-y-se-instalo-en-buenos-aires","status":"publish","type":"post","link":"https:\/\/maxradio923.com.ar\/index.php\/2026\/04\/26\/clima-de-negocios-como-piensa-peter-thiel-el-magnate-libertario-que-se-enamoro-del-experimento-argentino-y-se-instalo-en-buenos-aires\/","title":{"rendered":"Clima de Negocios: C\u00f3mo piensa Peter Thiel, el magnate libertario que se enamor\u00f3 del experimento argentino y se instal\u00f3 en Buenos Aires"},"content":{"rendered":"<p><\/p>\n<div>\n<div class=\"visual__image image-initial-width\"><picture><source srcset=\"https:\/\/www.infobae.com\/resizer\/v2\/J7YW6JWTGRCPJML4F2HCWFULLE.png?auth=23fde96d8d68715c7a0725d11a3d804adf8e4b82d7af9924ea80771676d10e01&amp;smart=true&amp;width=992&amp;height=554&amp;quality=85\" media=\"(min-width: 1000px)\"\/><source srcset=\"https:\/\/www.infobae.com\/resizer\/v2\/J7YW6JWTGRCPJML4F2HCWFULLE.png?auth=23fde96d8d68715c7a0725d11a3d804adf8e4b82d7af9924ea80771676d10e01&amp;smart=true&amp;width=768&amp;height=429&amp;quality=85\" media=\"(min-width: 768px)\"\/><source srcset=\"https:\/\/www.infobae.com\/resizer\/v2\/J7YW6JWTGRCPJML4F2HCWFULLE.png?auth=23fde96d8d68715c7a0725d11a3d804adf8e4b82d7af9924ea80771676d10e01&amp;smart=true&amp;width=577&amp;height=322&amp;quality=85\" media=\"(min-width: 580px)\"\/><source srcset=\"https:\/\/www.infobae.com\/resizer\/v2\/J7YW6JWTGRCPJML4F2HCWFULLE.png?auth=23fde96d8d68715c7a0725d11a3d804adf8e4b82d7af9924ea80771676d10e01&amp;smart=true&amp;width=420&amp;height=234&amp;quality=85\" media=\"(min-width: 350px)\"\/><source srcset=\"https:\/\/www.infobae.com\/resizer\/v2\/J7YW6JWTGRCPJML4F2HCWFULLE.png?auth=23fde96d8d68715c7a0725d11a3d804adf8e4b82d7af9924ea80771676d10e01&amp;smart=true&amp;width=350&amp;height=195&amp;quality=85\" media=\"(min-width: 80px)\"\/><img alt=\"Ilustraci\u00f3n acuarela de Peter Thiel, un hombre con traje oscuro y camisa clara, sobre un fondo abstracto de colores vibrantes como azul, verde, amarillo y morado.\" class=\"global-image\" decoding=\"async\" fetchpriority=\"high\" height=\"1536\" loading=\"eager\" src=\"https:\/\/www.infobae.com\/resizer\/v2\/J7YW6JWTGRCPJML4F2HCWFULLE.png?auth=23fde96d8d68715c7a0725d11a3d804adf8e4b82d7af9924ea80771676d10e01&amp;smart=true&amp;width=350&amp;height=195&amp;quality=85\" width=\"2752\"\/><\/picture><figcaption class=\"article-figcaption-img\">Peter Thiel (Imagen Ilustrativa Infobae)<\/figcaption><\/div>\n<p class=\"paragraph\">Al final, la pregunta parece ser la misma, ac\u00e1 y all\u00e1.<\/p>\n<p class=\"paragraph\">Se cont\u00f3 en el <b>Clima de Negocios<\/b> del domingo pasado que el concepto de moda entre muchos empresarios locales e inversores que miran al pa\u00eds, incluso entre quienes bancan fervientemente a <b>Javier Milei<\/b>, su gesti\u00f3n y sus ideas, es <b>\u201cexperimento\u201d<\/b>. Casi a coro se preguntan ahora si el experimento libertario va a funcionar. Seguramente con una mirada un poco m\u00e1s de largo plazo y no tan atada a las urgencias de la inflaci\u00f3n de los pr\u00f3ximos meses, si conviene no \u201centerrar\u201d d\u00f3lares en el pa\u00eds o el resultado de la elecci\u00f3n de 2027, es lo mismo que le pregunt\u00f3 el jueves pasado en <b>Casa Rosada<\/b> el <b>mega magnate tech Peter Thiel<\/b> al Presidente. Literalmente.<\/p>\n<p class=\"paragraph\">Lo cont\u00f3 el propio mandatario en una entrevista en <b>Neura<\/b>. <b>\u201c\u00bfC\u00f3mo se sostiene esto en el tiempo?\u201d<\/b>, consult\u00f3 este inversor, fundador de gigantes como <b>PayPal<\/b> y <b>Palantir<\/b>, que tiene una fortuna personal de unos USD 30.000 millones y se define como libertario y anarcocapitalista. <\/p>\n<p class=\"paragraph\">Milei dijo que hubo elogios a sus logros y cont\u00f3 su respuesta ante la pregunta del mill\u00f3n. \u201cLe dije que lo que garantizaba el resultado a largo plazo es la batalla cultural\u201d, destac\u00f3 y cont\u00f3, sin dar detalles, que tambi\u00e9n hablaron de lo \u201caberrante\u201d que es el impuesto a la riqueza y de los l\u00edmites del anarcocapitalismo y del Estado. <\/p>\n<p class=\"paragraph\"><b>A Thiel le deben haber brillado los ojos con la idea de \u201cbatalla cultural\u201d. M\u00e1s all\u00e1 de sus negocios y su fortuna, sus ideas y formaci\u00f3n filos\u00f3fica lo hacen pensar en esos t\u00e9rminos.<\/b> All\u00ed asoma el Thiel m\u00e1s pol\u00e9mico: el que habla del anticristo \u2013y hasta asocia con esa idea a la activista clim\u00e1tica sueca <b>Greta Thunberg<\/b>\u2013, de que la democracia es incompatible con la libertad y que los monopolios son \u00fatiles. El mismo que est\u00e1 obsesionado con la inmortalidad y al que se lo apunta por espionaje digital.<\/p>\n<div class=\"visual__image\"><picture><source srcset=\"https:\/\/www.infobae.com\/resizer\/v2\/4HDENNZTZZA3ZES2UA6NAXGBQY.jpeg?auth=b4503cd4ab5052080e9fd2bed56e27b93bf1dcdff2763917a53cfb4e7f2a55c5&amp;smart=true&amp;width=992&amp;height=661&amp;quality=85\" media=\"(min-width: 1000px)\"\/><source srcset=\"https:\/\/www.infobae.com\/resizer\/v2\/4HDENNZTZZA3ZES2UA6NAXGBQY.jpeg?auth=b4503cd4ab5052080e9fd2bed56e27b93bf1dcdff2763917a53cfb4e7f2a55c5&amp;smart=true&amp;width=768&amp;height=512&amp;quality=85\" media=\"(min-width: 768px)\"\/><source srcset=\"https:\/\/www.infobae.com\/resizer\/v2\/4HDENNZTZZA3ZES2UA6NAXGBQY.jpeg?auth=b4503cd4ab5052080e9fd2bed56e27b93bf1dcdff2763917a53cfb4e7f2a55c5&amp;smart=true&amp;width=577&amp;height=384&amp;quality=85\" media=\"(min-width: 580px)\"\/><source srcset=\"https:\/\/www.infobae.com\/resizer\/v2\/4HDENNZTZZA3ZES2UA6NAXGBQY.jpeg?auth=b4503cd4ab5052080e9fd2bed56e27b93bf1dcdff2763917a53cfb4e7f2a55c5&amp;smart=true&amp;width=420&amp;height=280&amp;quality=85\" media=\"(min-width: 350px)\"\/><source srcset=\"https:\/\/www.infobae.com\/resizer\/v2\/4HDENNZTZZA3ZES2UA6NAXGBQY.jpeg?auth=b4503cd4ab5052080e9fd2bed56e27b93bf1dcdff2763917a53cfb4e7f2a55c5&amp;smart=true&amp;width=350&amp;height=233&amp;quality=85\" media=\"(min-width: 80px)\"\/><img alt=\"El jueves pasado Thiel estuvo en Casa Rosada con el presidente Javier Milei\" class=\"global-image\" decoding=\"async\" fetchpriority=\"low\" height=\"1066\" loading=\"lazy\" src=\"https:\/\/www.infobae.com\/resizer\/v2\/4HDENNZTZZA3ZES2UA6NAXGBQY.jpeg?auth=b4503cd4ab5052080e9fd2bed56e27b93bf1dcdff2763917a53cfb4e7f2a55c5&amp;smart=true&amp;width=350&amp;height=233&amp;quality=85\" width=\"1600\"\/><\/picture><figcaption class=\"article-figcaption-img\">El jueves pasado Thiel estuvo en Casa Rosada con el presidente Javier Milei<\/figcaption><\/div>\n<p class=\"paragraph\">Como se sabe, Thiel est\u00e1 en <b>Argentina<\/b>. Lleg\u00f3 hace unas semanas con su esposo <b>Matt Danzeisen<\/b>, un exvicepresidente del mega fondo financiero <b>BlackRock<\/b>, y sus tres hijos. Planea quedarse unos dos meses para ver en vivo y en directo lo mismo que le pregunt\u00f3 a <b>Milei<\/b>: <b>c\u00f3mo funciona el \u00fanico pa\u00eds del mundo con un presidente libertario<\/b>. <\/p>\n<p class=\"paragraph\">Como se cont\u00f3 en la semana, compr\u00f3 una mansi\u00f3n en <b>Barrio Parque<\/b> por unos USD 12 millones, analiza algunos negocios \u2014adquirir m\u00e1s propiedades y ganado\u2014 y adem\u00e1s de Milei se reuni\u00f3 con su asesor <b>Santiago Caputo<\/b> y cen\u00f3 en la casa del ministro <b>Federico Sturzenegger<\/b>, una velada familiar de la que tambi\u00e9n particip\u00f3 el canciller <b>Pablo Quirno<\/b>. Comieron pollo al curry y flan con dulce de leche. Estuvieron presentes, adem\u00e1s, empresarios como <b>Marcelo Mindlin<\/b>, presidente de <b>Pampa Energ\u00eda<\/b>. <\/p>\n<p class=\"paragraph\">En otros encuentros con representantes del c\u00edrculo rojo, tambi\u00e9n se habr\u00eda reunido, seg\u00fan pudo saber este medio, con <b>Marcos Galperin<\/b>, presidente de <b>Mercado Libre<\/b> y el hombre m\u00e1s rico del pa\u00eds; <b>Eduardo Elsztain<\/b>, presidente de <b>IRSA<\/b>; y <b>Nicol\u00e1s Szekasy<\/b>, del fondo <b>Kaszek<\/b>, entre otros. Elsztain lo invit\u00f3 al <b>Foro Llao Llao<\/b>, que se har\u00e1 desde el mi\u00e9rcoles en <b>Bariloche<\/b>, pero el inversor se excus\u00f3 diciendo que gran parte de esta semana estar\u00e1 fuera del pa\u00eds. Thiel tambi\u00e9n estuvo en el supercl\u00e1sico de la semana pasada en el <b>Monumental<\/b>.<\/p>\n<p class=\"paragraph\"><b>Los integrantes del ecosistema emprendedor vern\u00e1culo est\u00e1n esperando algunas reuniones y hasta un evento un poco m\u00e1s grande, quiz\u00e1s un asado, con Thiel como protagonista.<\/b> Nada confirmado por el momento. A pesar de todo el movimiento que se genera a su alrededor \u2014y que viaja con equipos de asistentes y personal de seguridad\u2014, el empresario asegura que vino en plan familiar.<\/p>\n<p class=\"paragraph\"><b>Thiel<\/b> es hoy el inversor m\u00e1s influyente de <b>Silicon Valley<\/b>. No solo eso, es el mecenas de <b>J.D. Vance<\/b>, el vicepresidente de <b>Donald Trump<\/b>, que fue su empleado y al que muchos ven como un futuro candidato a la <b>Casa Blanca<\/b>.<\/p>\n<div class=\"visual__image\"><picture><source srcset=\"https:\/\/www.infobae.com\/resizer\/v2\/JKXRZCDRDFC37LQ3KLRMH5MTCI.jpg?auth=511668e592995b8ce61c1f707f545f787d4bdb9b91a3c101636b4b6dcbc5dbe4&amp;smart=true&amp;width=992&amp;height=538&amp;quality=85\" media=\"(min-width: 1000px)\"\/><source srcset=\"https:\/\/www.infobae.com\/resizer\/v2\/JKXRZCDRDFC37LQ3KLRMH5MTCI.jpg?auth=511668e592995b8ce61c1f707f545f787d4bdb9b91a3c101636b4b6dcbc5dbe4&amp;smart=true&amp;width=768&amp;height=416&amp;quality=85\" media=\"(min-width: 768px)\"\/><source srcset=\"https:\/\/www.infobae.com\/resizer\/v2\/JKXRZCDRDFC37LQ3KLRMH5MTCI.jpg?auth=511668e592995b8ce61c1f707f545f787d4bdb9b91a3c101636b4b6dcbc5dbe4&amp;smart=true&amp;width=577&amp;height=313&amp;quality=85\" media=\"(min-width: 580px)\"\/><source srcset=\"https:\/\/www.infobae.com\/resizer\/v2\/JKXRZCDRDFC37LQ3KLRMH5MTCI.jpg?auth=511668e592995b8ce61c1f707f545f787d4bdb9b91a3c101636b4b6dcbc5dbe4&amp;smart=true&amp;width=420&amp;height=228&amp;quality=85\" media=\"(min-width: 350px)\"\/><source srcset=\"https:\/\/www.infobae.com\/resizer\/v2\/JKXRZCDRDFC37LQ3KLRMH5MTCI.jpg?auth=511668e592995b8ce61c1f707f545f787d4bdb9b91a3c101636b4b6dcbc5dbe4&amp;smart=true&amp;width=350&amp;height=190&amp;quality=85\" media=\"(min-width: 80px)\"\/><img alt=\"Casa Peter Thiel Barrio Parque\" class=\"global-image\" decoding=\"async\" fetchpriority=\"low\" height=\"609\" loading=\"lazy\" src=\"https:\/\/www.infobae.com\/resizer\/v2\/JKXRZCDRDFC37LQ3KLRMH5MTCI.jpg?auth=511668e592995b8ce61c1f707f545f787d4bdb9b91a3c101636b4b6dcbc5dbe4&amp;smart=true&amp;width=350&amp;height=190&amp;quality=85\" width=\"1123\"\/><\/picture><figcaption class=\"article-figcaption-img\">La nueva casa del inversor en el coqueto Barrio Parque porte\u00f1o<\/figcaption><\/div>\n<p class=\"paragraph\">Controvertido y poderoso, suele acorralar a sus futuros socios o empleados con una pregunta demoledora: \u201c\u00bfCu\u00e1l es una verdad en la que vos crees mucho, pero con la que casi nadie est\u00e1 de acuerdo?\u201d. <\/p>\n<p class=\"paragraph\">Seg\u00fan tres fuentes locales que lo conocen hace tiempo, <b>Thiel<\/b> vino al pa\u00eds, sobre todo, porque disfruta de estar en lugares gobernados por dirigentes pol\u00edticamente afines a sus ideas. En rigor, ser\u00eda la primera vez que ve un experimento libertario en vivo y en directo porque es la primera vez que eso sucede. <\/p>\n<p class=\"paragraph\">Ese, b\u00e1sicamente, es su principal atractivo de pasar dos meses en <b>Argentina<\/b>. \u201c<b>Le resulta muy interesante el fen\u00f3meno Milei y Argentina puede ser un lugar de refugio ante la eventualidad de un mundo en crisis<\/b>\u201d, coincidi\u00f3 una fuente oficial ante la pregunta de <b>Infobae<\/b>.<\/p>\n<p class=\"paragraph\">El empresario argentino <b>Mart\u00edn Varsavsky<\/b>, agreg\u00f3: \u201cSu inter\u00e9s por Argentina es parecido al m\u00edo, por un lado un pa\u00eds curioso, diferente, contradictorio pero ahora muy bien encaminado con <b>Javier Milei<\/b> y adem\u00e1s un refugio para la tercera guerra mundial nuclear que esperemos que no sea necesaria pero que es siempre una posibilidad&#8221;. <\/p>\n<p class=\"paragraph\">Como cont\u00f3 este medio meses atr\u00e1s, el propio Varsavsky invirti\u00f3 en un campo en <b>Mendoza<\/b> al que define como un refugio en caso de guerra nuclear. <\/p>\n<p class=\"paragraph\">Esa idea de seguridad ante un evento de escala global y pagar menos impuestos podr\u00eda decirse que son dos grandes t\u00f3picos, hoy por hoy, de los grandes tecno-ricos del mundo. <\/p>\n<p class=\"paragraph\">\u201c<b>Mountainhead<\/b>\u201d es una pel\u00edcula del a\u00f1o pasado de <b>Jesse Armstrong<\/b>, tambi\u00e9n creador de la exitosa <b>Succession<\/b>. \u00c1cida y sat\u00edrica, relata el encuentro de cuatro multimillonarios estadounidenses en una mega mansi\u00f3n en una monta\u00f1a nevada. Amigos y competidores, son los reyes del mundo tech que discurren mientras el mundo se viene abajo por lo que gener\u00f3 el lanzamiento de una <i>app <\/i>de uno de ellos que facilita la creaci\u00f3n de <i>fake news<\/i>.<\/p>\n<div class=\"visual__image\"><picture><source srcset=\"https:\/\/www.infobae.com\/resizer\/v2\/UAC6YCT4W5FOZHJQRGMBZRVHIQ.JPG?auth=e8ea1df144c5a79415d3c30ae280d613cee335d5a0d7dacbab1b84bd3e5d54cb&amp;smart=true&amp;width=992&amp;height=561&amp;quality=85\" media=\"(min-width: 1000px)\"\/><source srcset=\"https:\/\/www.infobae.com\/resizer\/v2\/UAC6YCT4W5FOZHJQRGMBZRVHIQ.JPG?auth=e8ea1df144c5a79415d3c30ae280d613cee335d5a0d7dacbab1b84bd3e5d54cb&amp;smart=true&amp;width=768&amp;height=434&amp;quality=85\" media=\"(min-width: 768px)\"\/><source srcset=\"https:\/\/www.infobae.com\/resizer\/v2\/UAC6YCT4W5FOZHJQRGMBZRVHIQ.JPG?auth=e8ea1df144c5a79415d3c30ae280d613cee335d5a0d7dacbab1b84bd3e5d54cb&amp;smart=true&amp;width=577&amp;height=326&amp;quality=85\" media=\"(min-width: 580px)\"\/><source srcset=\"https:\/\/www.infobae.com\/resizer\/v2\/UAC6YCT4W5FOZHJQRGMBZRVHIQ.JPG?auth=e8ea1df144c5a79415d3c30ae280d613cee335d5a0d7dacbab1b84bd3e5d54cb&amp;smart=true&amp;width=420&amp;height=237&amp;quality=85\" media=\"(min-width: 350px)\"\/><source srcset=\"https:\/\/www.infobae.com\/resizer\/v2\/UAC6YCT4W5FOZHJQRGMBZRVHIQ.JPG?auth=e8ea1df144c5a79415d3c30ae280d613cee335d5a0d7dacbab1b84bd3e5d54cb&amp;smart=true&amp;width=350&amp;height=198&amp;quality=85\" media=\"(min-width: 80px)\"\/><img alt=\"Donald Trump junto a Peter Thiel, el CEO de Apple, Tim Cook; la CEO de Oracle Safra Catz y Elon Musk en una cena en la Trump Tower de Nueva York en 2016 (REUTERS\/Shannon Stapleton\/File Photo)\" class=\"global-image\" decoding=\"async\" fetchpriority=\"low\" height=\"2867\" loading=\"lazy\" src=\"https:\/\/www.infobae.com\/resizer\/v2\/UAC6YCT4W5FOZHJQRGMBZRVHIQ.JPG?auth=e8ea1df144c5a79415d3c30ae280d613cee335d5a0d7dacbab1b84bd3e5d54cb&amp;smart=true&amp;width=350&amp;height=198&amp;quality=85\" width=\"5072\"\/><\/picture><figcaption class=\"article-figcaption-img\">Donald Trump junto a Peter Thiel, el CEO de Apple, Tim Cook; la CEO de Oracle Safra Catz y Elon Musk en una cena en la Trump Tower de Nueva York en 2016 (REUTERS\/Shannon Stapleton\/File Photo)<\/figcaption><\/div>\n<p class=\"paragraph\">El film se estren\u00f3 y, muy r\u00e1pido, se empez\u00f3 a especular sobre en qui\u00e9nes se hab\u00eda inspirado Armstrong para crear a sus personajes. La respuesta result\u00f3 obvia: <b>Elon Musk<\/b> (<b>X<\/b> y <b>SpaceX<\/b>), <b>Mark Zuckerberg<\/b> (<b>Meta<\/b>), <b>Marc Andreessen<\/b> (<b>Andreessen Horowitz<\/b>), <b>Sam Altman<\/b> (<b>OpenAI<\/b>), <b>Jack Dorsey<\/b> (fundador de <b>Twitter<\/b>) y, claro, <b>Peter Thiel<\/b>. Alguno m\u00e1s tambi\u00e9n, seguramente. El propio Armstrong confes\u00f3 que aunque hab\u00eda parecidos muy claros, los personajes era mezclas de varios de ellos. <\/p>\n<p class=\"paragraph\">Randall, protagonizado por <b>Steve Carell<\/b>, es el m\u00e1s grande del grupo y parece una mezcla de los inversores Thiel y Andreessen. Con pensamientos m\u00e1s profundos y filos\u00f3ficos que sus amigos, est\u00e1 obsesionado con la inmortalidad y la b\u00fasqueda de tratamientos m\u00e9dicos que lo eternicen. Pasivo-agresivo, cuestiona a las democracias y al \u201cexceso de regulaci\u00f3n del Estado ingrato\u201d. \u201cSi nos volvi\u00e9semos malos qu\u00e9 capacidad militar tendr\u00eda EEUU?, se pregunta Venis, el m\u00e1s rico de los cuatro, el m\u00e1s parecido a Musk. <\/p>\n<p class=\"paragraph\">La pel\u00edcula es tan divertida como aterradoramente veros\u00edmil. Un detalle no menor: <b>Argentina <\/b>tiene su lugar destacado en la pel\u00edcula. En medio de la crisis global, el pa\u00eds queda envuelto en un caos. Los cuatro millonarios, desde sus smartphones, deciden tomar el control para gestionarlo como una empresa. Uno de ellos hace una videoconferencia y es nombrado presidente. Randall cree que tiene una mansi\u00f3n en <b>Buenos Aires<\/b>; pero duda, no est\u00e1 seguro: quiz\u00e1s ya la vendi\u00f3.<\/p>\n<div class=\"visual__image\"><picture><source srcset=\"https:\/\/www.infobae.com\/resizer\/v2\/BXA74LAZVRGHBAU7SZQO6UFOTU.png?auth=ec5f5d6ab9c95917559acbb81b3f339f6e45c8ad4fd5e56e00a3d282a7f8cb73&amp;smart=true&amp;width=992&amp;height=742&amp;quality=85\" media=\"(min-width: 1000px)\"\/><source srcset=\"https:\/\/www.infobae.com\/resizer\/v2\/BXA74LAZVRGHBAU7SZQO6UFOTU.png?auth=ec5f5d6ab9c95917559acbb81b3f339f6e45c8ad4fd5e56e00a3d282a7f8cb73&amp;smart=true&amp;width=768&amp;height=574&amp;quality=85\" media=\"(min-width: 768px)\"\/><source srcset=\"https:\/\/www.infobae.com\/resizer\/v2\/BXA74LAZVRGHBAU7SZQO6UFOTU.png?auth=ec5f5d6ab9c95917559acbb81b3f339f6e45c8ad4fd5e56e00a3d282a7f8cb73&amp;smart=true&amp;width=577&amp;height=432&amp;quality=85\" media=\"(min-width: 580px)\"\/><source srcset=\"https:\/\/www.infobae.com\/resizer\/v2\/BXA74LAZVRGHBAU7SZQO6UFOTU.png?auth=ec5f5d6ab9c95917559acbb81b3f339f6e45c8ad4fd5e56e00a3d282a7f8cb73&amp;smart=true&amp;width=420&amp;height=314&amp;quality=85\" media=\"(min-width: 350px)\"\/><source srcset=\"https:\/\/www.infobae.com\/resizer\/v2\/BXA74LAZVRGHBAU7SZQO6UFOTU.png?auth=ec5f5d6ab9c95917559acbb81b3f339f6e45c8ad4fd5e56e00a3d282a7f8cb73&amp;smart=true&amp;width=350&amp;height=262&amp;quality=85\" media=\"(min-width: 80px)\"\/><img alt=\"Cory Michael Smith en Mountainhead\" class=\"global-image\" decoding=\"async\" fetchpriority=\"low\" height=\"902\" loading=\"lazy\" src=\"https:\/\/www.infobae.com\/resizer\/v2\/BXA74LAZVRGHBAU7SZQO6UFOTU.png?auth=ec5f5d6ab9c95917559acbb81b3f339f6e45c8ad4fd5e56e00a3d282a7f8cb73&amp;smart=true&amp;width=350&amp;height=262&amp;quality=85\" width=\"1206\"\/><\/picture><figcaption class=\"article-figcaption-img\">Mountainhead, parodia sobre magnates tech en HBO<\/figcaption><\/div>\n<p class=\"paragraph\">En el mundo real, en los m\u00e1rgenes del poder tech y pol\u00edtico global, <b>Thiel<\/b> se convirti\u00f3 en un personaje que desaf\u00eda las convenciones de <b>Silicon Valley<\/b>. <\/p>\n<p class=\"paragraph\">Cofundador de <b>PayPal, <\/b>primer inversor externo en <b>Facebook, <\/b>al frente de brazos inversores potentes como<b> Founders Fund <\/b>y<b> Clarium Capital <\/b>y fan del <b>Se\u00f1or de los Anillos<\/b>, la saga de Tolkien,<b> <\/b>su influencia trasciende el capital de riesgo tradicional y se proyecta sobre debates \u00e9ticos, filos\u00f3ficos y geopol\u00edticos. <b>Su nombre aparece asociado a pol\u00e9micas empresas, a una visi\u00f3n rupturista sobre la competencia y a una serie de intervenciones p\u00fablicas que acompa\u00f1an, y a veces anticipan, las tensiones de la era digital.<\/b><\/p>\n<p class=\"paragraph\">Naci\u00f3 en <b>Alemania<\/b>, al a\u00f1o se radic\u00f3 con su familia en <b>EEUU <\/b>y poco tiempo despu\u00e9s se mudaron se mud\u00f3 a Sud\u00e1frica donde su padre fue a trabajar a una mina de uranio. Regres\u00f3 a EEUU y estudi\u00f3 en la <b>Universidad de Stanford<\/b>, donde fund\u00f3 la revista <b>Stanford Review<\/b>. Ya desde entonces era un cr\u00edtico del consenso progresista y la correcci\u00f3n pol\u00edtica. Su trayectoria empresarial lo llevar\u00eda a codirigir el auge de las <b>fintech<\/b> con <b>PayPal<\/b> y m\u00e1s tarde a impulsar iniciativas que van desde la <b>IA<\/b> hasta la longevidad, pasando por la energ\u00eda nuclear. Su famoso libro <i>\u201cZero to One\u201d<\/i> (<i>De cero a uno<\/i>) condensa una de sus tesis centrales: \u201cla competencia es para perdedores y los monopolios genuinos no son siempre malos\u201d. Milei opina parecido. <\/p>\n<p class=\"paragraph\">El nuevo vecino de <b>Susana Gim\u00e9nez<\/b> en Barrio Parque cree que el verdadero valor surge de crear productos o servicios \u00fanicos, capaces de dominar mercados enteros. Para <b>Thiel<\/b>, los mejores negocios no compiten: los construyen fundadores capaces de encontrar respuestas a preguntas que nadie se atreve a formular.<\/p>\n<div class=\"visual__image\"><picture><source srcset=\"https:\/\/www.infobae.com\/resizer\/v2\/7KKHZ7G3EZDNTBW7UPLZVCHT2Q.jpg?auth=d36d6738ffef7faee97f93c2eedbcdbb9700736fb1403cead802b71fcb943f8e&amp;smart=true&amp;width=992&amp;height=744&amp;quality=85\" media=\"(min-width: 1000px)\"\/><source srcset=\"https:\/\/www.infobae.com\/resizer\/v2\/7KKHZ7G3EZDNTBW7UPLZVCHT2Q.jpg?auth=d36d6738ffef7faee97f93c2eedbcdbb9700736fb1403cead802b71fcb943f8e&amp;smart=true&amp;width=768&amp;height=576&amp;quality=85\" media=\"(min-width: 768px)\"\/><source srcset=\"https:\/\/www.infobae.com\/resizer\/v2\/7KKHZ7G3EZDNTBW7UPLZVCHT2Q.jpg?auth=d36d6738ffef7faee97f93c2eedbcdbb9700736fb1403cead802b71fcb943f8e&amp;smart=true&amp;width=577&amp;height=433&amp;quality=85\" media=\"(min-width: 580px)\"\/><source srcset=\"https:\/\/www.infobae.com\/resizer\/v2\/7KKHZ7G3EZDNTBW7UPLZVCHT2Q.jpg?auth=d36d6738ffef7faee97f93c2eedbcdbb9700736fb1403cead802b71fcb943f8e&amp;smart=true&amp;width=420&amp;height=315&amp;quality=85\" media=\"(min-width: 350px)\"\/><source srcset=\"https:\/\/www.infobae.com\/resizer\/v2\/7KKHZ7G3EZDNTBW7UPLZVCHT2Q.jpg?auth=d36d6738ffef7faee97f93c2eedbcdbb9700736fb1403cead802b71fcb943f8e&amp;smart=true&amp;width=350&amp;height=263&amp;quality=85\" media=\"(min-width: 80px)\"\/><img alt=\"Dos hombres sonrientes, Peter Thiel con un polo a rayas y Elon Musk con una camisa morada, posan junto a un monitor que muestra el logo de PayPal\" class=\"global-image\" decoding=\"async\" fetchpriority=\"low\" height=\"1440\" loading=\"lazy\" src=\"https:\/\/www.infobae.com\/resizer\/v2\/7KKHZ7G3EZDNTBW7UPLZVCHT2Q.jpg?auth=d36d6738ffef7faee97f93c2eedbcdbb9700736fb1403cead802b71fcb943f8e&amp;smart=true&amp;width=350&amp;height=263&amp;quality=85\" width=\"1920\"\/><\/picture><figcaption class=\"article-figcaption-img\">Peter Thiel y Elon Musk posan junto a un monitor con el logo de PayPal, marcando los inicios de la influyente empresa de pagos en l\u00ednea<\/figcaption><\/div>\n<p class=\"paragraph\">Una de sus inspiraciones intelectuales es el fil\u00f3sofo <b>Ren\u00e9 Girard<\/b>, cuya teor\u00eda sobre el \u201cdeseo mim\u00e9tico\u201d sostiene que el deseo humano no es aut\u00f3nomo, sino imitativo y que esta din\u00e1mica termina en conflicto. Por eso rechaza la copia y busca oportunidades donde otros solo ven riesgos o limitaciones. Adem\u00e1s, postula que Occidente atraviesa una fase de estancamiento tecnol\u00f3gico desde los \u201870 \u2013con excepci\u00f3n del boom inform\u00e1tico\u2013 y vincula este fen\u00f3meno a una falta de visi\u00f3n definida sobre el futuro. Promueve la idea de que el progreso requiere individuos capaces de planificar y ejecutar saltos disruptivos y<b> est\u00e1 convencido de que democracia y libertad resultan dif\u00edciles de conciliar.<\/b><\/p>\n<p class=\"paragraph\">La empresa m\u00e1s emblem\u00e1tica de Thiel es <b>Palantir Technologies<\/b>, algo as\u00ed como la reina global del <i>big data<\/i>. La fund\u00f3 en 2003, junto a su actual CEO, <b>Alex Karp<\/b>, en medio del impulso de control y an\u00e1lisis de datos de inteligencia despu\u00e9s del 9\/11. Desde el vamos tuvo el respaldo del fondo de inversi\u00f3n de la <b>CIA<\/b> (<b>In-Q-Tel<\/b>) y esta conexi\u00f3n explica muchas de las controversias que acompa\u00f1aron su crecimiento. Se llama as\u00ed por las \u201cesferas videntes\u201d \u00e9lficas de Tolkien, la tecnolog\u00eda para ver m\u00e1s all\u00e1. <\/p>\n<p class=\"paragraph\">Palantir se convirti\u00f3 en contratista del Servicio de Inmigraci\u00f3n y Control de Aduanas (<b>ICE<\/b>) en 2011, y m\u00e1s recientemente obtuvo un contrato de 30 millones de d\u00f3lares para desarrollar <b>ImmigrationOS<\/b>, una plataforma que utiliza IA para rastrear y deportar inmigrantes. Este acuerdo ubic\u00f3 a la compa\u00f1\u00eda en el centro del debate sobre las pol\u00edticas migratorias de <b>Donald Trump<\/b> y el uso de tecnolog\u00edas de vigilancia. Otra pol\u00e9mica reciente involucra el uso de plataformas de Palantir en el conflicto de <b>Gaza<\/b>.<\/p>\n<p class=\"paragraph\">La semana pasada hubo un episodio que coloc\u00f3 a <b>Palantir<\/b> y a <b>Thiel<\/b> otra vez en el centro de la discusi\u00f3n p\u00fablica global. La empresa public\u00f3 en su cuenta de <i>X <\/i>un resumen de <i>\u201cThe technological republic: hard power, soft belief, and the future of the west\u201d<\/i>, un libro de <b>Karp<\/b> y <b>Nicholas Zamiska<\/b>. Ya era bestseller n\u00famero 1 del <b>New York Times<\/b>, pero se viraliz\u00f3 mucho m\u00e1s y desat\u00f3 una oleada de comentarios que oscilaron entre la acusaci\u00f3n de \u201ctecnofascismo\u201d y la caracterizaci\u00f3n de su autor como un \u201csupervillano\u201d. <\/p>\n<p class=\"paragraph\"><b>El texto, intencionalmente pol\u00edtico, delinea una visi\u00f3n de futuro que busca redefinir el papel de la tecnolog\u00eda en la seguridad nacional de EEUU y el desarrollo econ\u00f3mico.<\/b><\/p>\n<p class=\"paragraph\">Algunos puntos resuenan como declaraciones de principios de una nueva derecha tech, como marcaron medios internacionales, como Time y The Guardian. Uno de esos puntos tilda a <b>Silicon Valley<\/b> directamente de \u201cblando\u201d y le exige participar en la defensa de EEUU. No como opci\u00f3n: como un deber moral. Pide decirle chau al <i>soft power<\/i> \u2014\u201dLa capacidad de las sociedades libres y democr\u00e1ticas para prevalecer requiere algo m\u00e1s que un atractivo moral\u201d\u2014 y asegura que el nuevo el <i>hard power<\/i> se construir\u00e1 con software como basamento. <\/p>\n<div class=\"visual__image\"><picture><source srcset=\"https:\/\/www.infobae.com\/resizer\/v2\/RK3UW5L55JC7REFDNOTK3QJ32I.jpg?auth=1c696e72a4c9851a350a4082200a59fa25fd817579c6be6ac5c434f2855a760c&amp;smart=true&amp;width=992&amp;height=692&amp;quality=85\" media=\"(min-width: 1000px)\"\/><source srcset=\"https:\/\/www.infobae.com\/resizer\/v2\/RK3UW5L55JC7REFDNOTK3QJ32I.jpg?auth=1c696e72a4c9851a350a4082200a59fa25fd817579c6be6ac5c434f2855a760c&amp;smart=true&amp;width=768&amp;height=536&amp;quality=85\" media=\"(min-width: 768px)\"\/><source srcset=\"https:\/\/www.infobae.com\/resizer\/v2\/RK3UW5L55JC7REFDNOTK3QJ32I.jpg?auth=1c696e72a4c9851a350a4082200a59fa25fd817579c6be6ac5c434f2855a760c&amp;smart=true&amp;width=577&amp;height=403&amp;quality=85\" media=\"(min-width: 580px)\"\/><source srcset=\"https:\/\/www.infobae.com\/resizer\/v2\/RK3UW5L55JC7REFDNOTK3QJ32I.jpg?auth=1c696e72a4c9851a350a4082200a59fa25fd817579c6be6ac5c434f2855a760c&amp;smart=true&amp;width=420&amp;height=293&amp;quality=85\" media=\"(min-width: 350px)\"\/><source srcset=\"https:\/\/www.infobae.com\/resizer\/v2\/RK3UW5L55JC7REFDNOTK3QJ32I.jpg?auth=1c696e72a4c9851a350a4082200a59fa25fd817579c6be6ac5c434f2855a760c&amp;smart=true&amp;width=350&amp;height=244&amp;quality=85\" media=\"(min-width: 80px)\"\/><img alt=\"Peter Thiel en el cierre de una Convenci\u00f3n Nacional Republicana (EFE\/Andrew Gombert)&#10;\" class=\"global-image\" decoding=\"async\" fetchpriority=\"low\" height=\"2859\" loading=\"lazy\" src=\"https:\/\/www.infobae.com\/resizer\/v2\/RK3UW5L55JC7REFDNOTK3QJ32I.jpg?auth=1c696e72a4c9851a350a4082200a59fa25fd817579c6be6ac5c434f2855a760c&amp;smart=true&amp;width=350&amp;height=244&amp;quality=85\" width=\"4096\"\/><\/picture><figcaption class=\"article-figcaption-img\">Peter Thiel en el cierre de una Convenci\u00f3n Nacional Republicana (EFE\/Andrew Gombert)<br \/>\n<\/figcaption><\/div>\n<p class=\"paragraph\">Luego va m\u00e1s lejos: \u201cLa pregunta no es si se construir\u00e1n armas de IA, sino qui\u00e9nes las construir\u00e1n y con qu\u00e9 prop\u00f3sito. Nuestros adversarios no har\u00e1n una pausa para debates teatrales\u201d. El mensaje es claro: la neutralidad tecnol\u00f3gica solo beneficiar\u00e1 a rivales de EEUU. <b>China<\/b>, b\u00e1sicamente. Adem\u00e1s pide servicio militar obligatorio y pertrechar a las fuerzas armadas de la mejor manera.<\/p>\n<p class=\"paragraph\">El punto 12 es quiz\u00e1s el m\u00e1s inquietante de todos: \u201cLa era at\u00f3mica est\u00e1 terminando. Una nueva era de disuasi\u00f3n construida sobre la IA est\u00e1 por comenzar\u201d. <b>La declaraci\u00f3n promueve la inversi\u00f3n masiva en innovaci\u00f3n at\u00f3mica para garantizar autonom\u00eda estrat\u00e9gica y alimentar la carrera de la IA. <\/b><\/p>\n<p class=\"paragraph\">El texto subraya la necesidad de reducir la influencia extranjera en sectores estrat\u00e9gicos y de fortalecer las capacidades de defensa a trav\u00e9s de la colaboraci\u00f3n entre el sector privado y el Estado. No pocos destacaron que la ret\u00f3rica del manifiesto remite a la era del <b>Proyecto Manhattan<\/b>, el mismo que dio origen a la bomba at\u00f3mica.<\/p>\n<p class=\"paragraph\">Hay otras dos compa\u00f1\u00edas en el centro de la estrategia de Thiel, que responden al marco conceptual del manifiesto: <b>General Matter<\/b> y <b>Anduril<\/b>. La primera es una <i>startup <\/i>que busca desarrollar tecnolog\u00eda para enriquecer uranio a niveles in\u00e9ditos y proveer combustible a una nueva generaci\u00f3n de reactores nucleares. Anduril \u2014otro t\u00e9rmino de <b>El Se\u00f1or de los Anillos<\/b>, que remite al nombre de la espada del rey Aragorn\u2014 fabrica armas aut\u00f3nomas. <\/p>\n<p class=\"paragraph\">Como qued\u00f3 claro, una de las obsesiones m\u00e1s recientes de Thiel se articula en torno a la recuperaci\u00f3n del liderazgo estadounidense en tecnolog\u00eda at\u00f3mica. En abril, su fondo de capital de riesgo <b>Founders Fund<\/b>, lider\u00f3 una inversi\u00f3n de 50 millones de d\u00f3lares en General Matter, en cuyo equipo hay ex ingenieros de <b>SpaceX<\/b>, y fue seleccionada por el gobierno de Trump como parte de un consorcio para desarrollar <b>HALEU<\/b> (<i>High-Assay Low-Enriched Uranium<\/i>, o uranio de bajo enriquecimiento para reactores modulares peque\u00f1os).<\/p>\n<p class=\"paragraph\">La proyecci\u00f3n p\u00fablica de <b>Thiel<\/b> ha estado acompa\u00f1ada de episodios que avivaron el debate sobre el poder de los magnates tecnol\u00f3gicos. Uno de los m\u00e1s notorios fue su rol en la demanda del luchador <b>Hulk Hogan<\/b> (<b>Terry Gene Bollea<\/b>) contra el sitio web <b>Gawker<\/b>, por la difusi\u00f3n de un video sexual, al que financi\u00f3 en secreto despu\u00e9s de que el medio filtr\u00f3 detalles sobre su orientaci\u00f3n sexual. El caso, de 2013, deriv\u00f3 en una condena de USD 140 millones contra Gawker, aunque el monto se redujo en instancias de apelaci\u00f3n. Thiel reivindic\u00f3 su intervenci\u00f3n como una forma de filantrop\u00eda.<\/p>\n<div class=\"visual__image\"><picture><source srcset=\"https:\/\/www.infobae.com\/resizer\/v2\/RQVSSCBKLNHVVG6KCOKNBW4EBI.jpg?auth=bfebbcbf2937c96b3ad5b09a4ad40603f1da41d35d671d4e74abda5f0df168cc&amp;smart=true&amp;width=992&amp;height=558&amp;quality=85\" media=\"(min-width: 1000px)\"\/><source srcset=\"https:\/\/www.infobae.com\/resizer\/v2\/RQVSSCBKLNHVVG6KCOKNBW4EBI.jpg?auth=bfebbcbf2937c96b3ad5b09a4ad40603f1da41d35d671d4e74abda5f0df168cc&amp;smart=true&amp;width=768&amp;height=432&amp;quality=85\" media=\"(min-width: 768px)\"\/><source srcset=\"https:\/\/www.infobae.com\/resizer\/v2\/RQVSSCBKLNHVVG6KCOKNBW4EBI.jpg?auth=bfebbcbf2937c96b3ad5b09a4ad40603f1da41d35d671d4e74abda5f0df168cc&amp;smart=true&amp;width=577&amp;height=325&amp;quality=85\" media=\"(min-width: 580px)\"\/><source srcset=\"https:\/\/www.infobae.com\/resizer\/v2\/RQVSSCBKLNHVVG6KCOKNBW4EBI.jpg?auth=bfebbcbf2937c96b3ad5b09a4ad40603f1da41d35d671d4e74abda5f0df168cc&amp;smart=true&amp;width=420&amp;height=236&amp;quality=85\" media=\"(min-width: 350px)\"\/><source srcset=\"https:\/\/www.infobae.com\/resizer\/v2\/RQVSSCBKLNHVVG6KCOKNBW4EBI.jpg?auth=bfebbcbf2937c96b3ad5b09a4ad40603f1da41d35d671d4e74abda5f0df168cc&amp;smart=true&amp;width=350&amp;height=197&amp;quality=85\" media=\"(min-width: 80px)\"\/><img alt=\"10 libros que Elon Musk recomienda leer\" class=\"global-image\" decoding=\"async\" fetchpriority=\"low\" height=\"1080\" loading=\"lazy\" src=\"https:\/\/www.infobae.com\/resizer\/v2\/RQVSSCBKLNHVVG6KCOKNBW4EBI.jpg?auth=bfebbcbf2937c96b3ad5b09a4ad40603f1da41d35d671d4e74abda5f0df168cc&amp;smart=true&amp;width=350&amp;height=197&amp;quality=85\" width=\"1920\"\/><\/picture><figcaption class=\"article-figcaption-img\">\u201cZero to One: Notes on Startups, or How to Build the Future\u201d el libro m\u00e1s conocido de Thiel<\/figcaption><\/div>\n<p class=\"paragraph\">En el terreno pol\u00edtico, <b>Thiel<\/b> se distingui\u00f3 como el primer referente de <b>Silicon Valley<\/b> en apoyar abiertamente a <b>Donald Trump<\/b> durante la campa\u00f1a de 2016. Su respaldo incluy\u00f3 financiamiento a figuras del ala m\u00e1s nacionalista del <b>Partido Republicano<\/b>, como <b>Vance<\/b>, quien fue su empleado y luego lleg\u00f3 a la vicepresidencia de <b>EEUU<\/b>. <\/p>\n<p class=\"paragraph\">La influencia de <b>Thiel<\/b> y de ejecutivos vinculados a sus empresas en la administraci\u00f3n Trump evidenci\u00f3 la convergencia entre capital de riesgo, tecnolog\u00eda y estrategia nacionalista. A lo largo de su carrera, transit\u00f3 un camino marcado por el pensamiento contracorriente, la b\u00fasqueda de monopolios creativos y la intervenci\u00f3n directa en \u00e1reas donde la tecnolog\u00eda y la pol\u00edtica se mezclan. <\/p>\n<p class=\"paragraph\">Su defensa del riesgo, la audacia y los fundadores de empresas como agentes casi m\u00edticos lo distingue de otros inversores de <b>Silicon Valley<\/b>. Su influencia se extiende desde la IA hasta la energ\u00eda nuclear, pasando por pol\u00e9micas judiciales y una redefinici\u00f3n del papel de las grandes empresas en temas de seguridad global. <\/p>\n<p class=\"paragraph\">Tiene fondos de sobra e ideas controvertidas que defiende en cuanto ring se pare.<b> Sus pr\u00f3ximos pasos podr\u00edan tener influjos porte\u00f1os y haber sido inspirados con vistas al R\u00edo de la Plata, desde alguna de las ventanas de su nueva mega mansi\u00f3n de Barrio Parque. <\/b><\/p>\n<\/div>\n<p><script defer=\"\">try{!function(f,b,e,v,n,t,s) {if(f.fbq)return;n=f.fbq=function(){n.callMethod? n.callMethod.apply(n,arguments):n.queue.push(arguments)}; if(!f._fbq)f._fbq=n;n.push=n;n.loaded=!0;n.version='2.0'; n.queue=[];t=b.createElement(e);t.async=!0; t.src=v;s=b.getElementsByTagName(e)[0]; s.parentNode.insertBefore(t,s)}(window, document,'script', ' fbq('init', '336383993555320'); fbq('track', 'PageView'); fbq('track', 'ViewContent');}catch(error){console.log(\"Error al inicializar facebookPixelRawCodeScript:\",error);}<\/script><\/p>\n","protected":false},"excerpt":{"rendered":"<p>Peter Thiel (Imagen Ilustrativa Infobae) Al final, la pregunta parece ser la misma, ac\u00e1 y all\u00e1. Se cont\u00f3 en el Clima de Negocios del domingo pasado que el concepto de moda entre muchos empresarios locales e inversores que miran al pa\u00eds, incluso entre quienes bancan fervientemente a Javier Milei, su gesti\u00f3n y sus ideas, es [&hellip;]<\/p>\n","protected":false},"author":2,"featured_media":87748,"comment_status":"","ping_status":"","sticky":false,"template":"","format":"standard","meta":{"footnotes":""},"categories":[2],"tags":[],"_links":{"self":[{"href":"https:\/\/maxradio923.com.ar\/index.php\/wp-json\/wp\/v2\/posts\/87747"}],"collection":[{"href":"https:\/\/maxradio923.com.ar\/index.php\/wp-json\/wp\/v2\/posts"}],"about":[{"href":"https:\/\/maxradio923.com.ar\/index.php\/wp-json\/wp\/v2\/types\/post"}],"author":[{"embeddable":true,"href":"https:\/\/maxradio923.com.ar\/index.php\/wp-json\/wp\/v2\/users\/2"}],"replies":[{"embeddable":true,"href":"https:\/\/maxradio923.com.ar\/index.php\/wp-json\/wp\/v2\/comments?post=87747"}],"version-history":[{"count":0,"href":"https:\/\/maxradio923.com.ar\/index.php\/wp-json\/wp\/v2\/posts\/87747\/revisions"}],"wp:featuredmedia":[{"embeddable":true,"href":"https:\/\/maxradio923.com.ar\/index.php\/wp-json\/wp\/v2\/media\/87748"}],"wp:attachment":[{"href":"https:\/\/maxradio923.com.ar\/index.php\/wp-json\/wp\/v2\/media?parent=87747"}],"wp:term":[{"taxonomy":"category","embeddable":true,"href":"https:\/\/maxradio923.com.ar\/index.php\/wp-json\/wp\/v2\/categories?post=87747"},{"taxonomy":"post_tag","embeddable":true,"href":"https:\/\/maxradio923.com.ar\/index.php\/wp-json\/wp\/v2\/tags?post=87747"}],"curies":[{"name":"wp","href":"https:\/\/api.w.org\/{rel}","templated":true}]}}