{"id":87714,"date":"2026-04-25T01:30:03","date_gmt":"2026-04-25T04:30:03","guid":{"rendered":"https:\/\/maxradio923.com.ar\/index.php\/2026\/04\/25\/el-70-de-los-votantes-de-milei-asegura-que-su-salario-perdio-contra-la-inflacion-segun-una-encuesta\/"},"modified":"2026-04-25T01:30:03","modified_gmt":"2026-04-25T04:30:03","slug":"el-70-de-los-votantes-de-milei-asegura-que-su-salario-perdio-contra-la-inflacion-segun-una-encuesta","status":"publish","type":"post","link":"https:\/\/maxradio923.com.ar\/index.php\/2026\/04\/25\/el-70-de-los-votantes-de-milei-asegura-que-su-salario-perdio-contra-la-inflacion-segun-una-encuesta\/","title":{"rendered":"El 70% de los votantes de Milei asegura que su salario perdi\u00f3 contra la inflaci\u00f3n, seg\u00fan una encuesta"},"content":{"rendered":"<p><\/p>\n<div>\n<div class=\"visual__image image-initial-width\"><picture><source srcset=\"https:\/\/www.infobae.com\/resizer\/v2\/QNAVSF7DXBD25NWBXIJ6U42VA4.png?auth=c343b454e02e31080c25675e25ee976e3768930cd78d13da0c91ea86bdd73cd7&amp;smart=true&amp;width=992&amp;height=554&amp;quality=85\" media=\"(min-width: 1000px)\"\/><source srcset=\"https:\/\/www.infobae.com\/resizer\/v2\/QNAVSF7DXBD25NWBXIJ6U42VA4.png?auth=c343b454e02e31080c25675e25ee976e3768930cd78d13da0c91ea86bdd73cd7&amp;smart=true&amp;width=768&amp;height=429&amp;quality=85\" media=\"(min-width: 768px)\"\/><source srcset=\"https:\/\/www.infobae.com\/resizer\/v2\/QNAVSF7DXBD25NWBXIJ6U42VA4.png?auth=c343b454e02e31080c25675e25ee976e3768930cd78d13da0c91ea86bdd73cd7&amp;smart=true&amp;width=577&amp;height=322&amp;quality=85\" media=\"(min-width: 580px)\"\/><source srcset=\"https:\/\/www.infobae.com\/resizer\/v2\/QNAVSF7DXBD25NWBXIJ6U42VA4.png?auth=c343b454e02e31080c25675e25ee976e3768930cd78d13da0c91ea86bdd73cd7&amp;smart=true&amp;width=420&amp;height=234&amp;quality=85\" media=\"(min-width: 350px)\"\/><source srcset=\"https:\/\/www.infobae.com\/resizer\/v2\/QNAVSF7DXBD25NWBXIJ6U42VA4.png?auth=c343b454e02e31080c25675e25ee976e3768930cd78d13da0c91ea86bdd73cd7&amp;smart=true&amp;width=350&amp;height=195&amp;quality=85\" media=\"(min-width: 80px)\"\/><img alt=\"Primer plano de dos manos sosteniendo una billetera de cuero marr\u00f3n. Un billete de banco con un retrato sobresale de su interior sobre una superficie de madera.\" class=\"global-image\" decoding=\"async\" fetchpriority=\"high\" height=\"1536\" loading=\"eager\" src=\"https:\/\/www.infobae.com\/resizer\/v2\/QNAVSF7DXBD25NWBXIJ6U42VA4.png?auth=c343b454e02e31080c25675e25ee976e3768930cd78d13da0c91ea86bdd73cd7&amp;smart=true&amp;width=350&amp;height=195&amp;quality=85\" width=\"2752\"\/><\/picture><figcaption class=\"article-figcaption-img\">La erosi\u00f3n del poder adquisitivo comienza a despegar consecuencias econ\u00f3micas y pol\u00edticas. (Imagen Ilustrativa Infobae)<\/figcaption><\/div>\n<p class=\"paragraph\">El impacto del plan econ\u00f3mico sobre el gasto, el endeudamiento y el poder adquisitivo de los argentinos trae cambios en la percepci\u00f3n sobre el escenario general y la situaci\u00f3n personal o familiar de cada uno. El \u00faltimo relevamiento de opini\u00f3n p\u00fablica de la consultora Zentrix muestra que el <b>86,6% siente que su salario no le gana a la inflaci\u00f3n<\/b>,<b> <\/b>el peor registro de toda la serie reciente, <b>por sobre el 75% de enero y el 84% de marzo. <\/b>Un porcentaje similar de los encuestados debi\u00f3 <b>modificar h\u00e1bitos de consumo para sostener la econom\u00eda del hogar.<\/b><\/p>\n<p class=\"paragraph\">De ese modo, explica el informe, \u201cel ajuste dej\u00f3 de ser una discusi\u00f3n abstracta sobre variables macroecon\u00f3micas para convertirse en una experiencia cotidiana de privaci\u00f3n, donde una parte importante de la sociedad ya no est\u00e1 recortando excedentes, sino aspectos centrales de su vida diaria\u201d.<\/p>\n<div class=\"rawHTML raw_html \"><img decoding=\"async\" src=\"https:\/\/cloudfront-us-east-1.images.arcpublishing.com\/infobae\/SFGVBRRFKRECDPO7EJRVLL733U.jpg\" alt=\"infografia\" class=\"responsive\"\/><\/p>\n<\/div>\n<p class=\"paragraph\">Como es habitual, las percepciones sobre la econom\u00eda personal difieren seg\u00fan el voto. En base al voto de 2025, <b>el 70,1% de los votantes de La Libertad Avanza en 2025 <\/b>consultados admiti\u00f3 que su salario no le gana a la inflaci\u00f3n y solo el 24,4% indic\u00f3 que s\u00ed. Entre los votantes opositores, el 98,1% respondi\u00f3 que su sueldo pierde frente al avance de los precios.<\/p>\n<p class=\"paragraph\">Existe un v\u00ednculo entre esos n\u00fameros y las acusaciones de corrupci\u00f3n que recaen sobre el oficialismo. \u201cEl problema de fondo para el Gobierno no es s\u00f3lo el impacto coyuntural de las denuncias, sino que la <b>bandera anticasta<\/b>, que durante meses funcion\u00f3 como fuente de autoridad moral y de <b>tolerancia al ajuste<\/b>, empieza ahora a invertirse y transformarse en un punto de vulnerabilidad&#8221;, explic\u00f3 <b>Claudio Montiel<\/b>, director de <b>Zentrix<\/b>. Si hay dudas sobre la honestidad del Gobierno (que pregona la moral como pol\u00edtica de Estado), habr\u00e1 m\u00e1s resistencia a aceptar el ajuste.<\/p>\n<div class=\"rawHTML raw_html \"><img decoding=\"async\" src=\"https:\/\/cloudfront-us-east-1.images.arcpublishing.com\/infobae\/NYOWW2WXXZCSLH4S4SJA5NL7NA.jpg\" alt=\"infografia\" class=\"responsive\"\/><\/p>\n<\/div>\n<p class=\"paragraph\">Desde la consultora advierten que cuando una baja nominal en la inflaci\u00f3n no se traduce en una \u201cmejora concreta del poder de compra\u201d, la sociedad interpreta el discurso oficial como \u201calgo distante de su realidad inmediata\u201d. Esa vivencia cotidiana indica que la tendencia del \u201cno llego a fin de mes\u201d no se revierte: el <b>60,4% dice que sus ingresos le alcanzan s\u00f3lo hasta el d\u00eda 20 del mes.<\/b><\/p>\n<p class=\"paragraph\">El relevamiento precisa que la <b>insatisfacci\u00f3n econ\u00f3mica<\/b> no se limita a la econom\u00eda nacional: el pesimismo tambi\u00e9n predomina en la valoraci\u00f3n de la econom\u00eda personal y el deterioro se percibe como un proceso f\u00edsico y diario en los hogares argentinos. Seg\u00fan <b>Zentrix<\/b>, m\u00e1s de 8 de cada 10 familias implementaron alg\u00fan <b>ajuste en sus gastos, <\/b>una proporci\u00f3n considerable ya debi\u00f3 recortar incluso consumos esenciales para mantenerse.<\/p>\n<p class=\"paragraph\">El 81,6% de los encuestados declar\u00f3 que, en los \u00faltimos seis meses, para sostener la econom\u00eda de su hogar recurri\u00f3 al recorte de salidas o consumos no esenciales (27,7%), de compras habituales (24,9%) e incluso de <b>gastos b\u00e1sicos como alimentos, salud o servicios (28,8%)<\/b>. Solo el 17,8% afirm\u00f3 no haber reducido gastos.<\/p>\n<div class=\"rawHTML raw_html \"><img decoding=\"async\" src=\"https:\/\/cloudfront-us-east-1.images.arcpublishing.com\/infobae\/2473QF25WBCYDEN62OBFUCUCGE.jpg\" alt=\"infografia\" class=\"responsive\"\/><\/p>\n<\/div>\n<p class=\"paragraph\">El estudio identifica que los cambios se manifiestan tanto en las estrategias defensivas de consumo como en nuevos h\u00e1bitos dise\u00f1ados para amortiguar el impacto inflacionario. Y que existe <b>una ruptura entre estad\u00edstica y percepci\u00f3n<\/b>: un 70% de los encuestados cree que la variaci\u00f3n de la inflaci\u00f3n que informa el Indec no se refleja en su vida cotidiana (en enero, 56%). <\/p>\n<p class=\"paragraph\">Y no es una cuesti\u00f3n de desconfianza en las metodolog\u00edas. \u201cLo que aparece es una crisis de validaci\u00f3n social del dato p\u00fablico. Cuando la inflaci\u00f3n oficial deja de coincidir con la sensaci\u00f3n cotidiana de encarecimiento, el problema deja de ser estad\u00edstico y pasa a ser pol\u00edtico\u201d, apunt\u00f3 el reporte, que abarc\u00f3 1.600 casos a nivel nacional.<\/p>\n<p class=\"paragraph\">\u201cEl problema ya no es solo la inflaci\u00f3n como variable t\u00e9cnica, sino la credibilidad del alivio econ\u00f3mico prometido. Cuando una baja nominal no se traduce en mejora concreta del poder de compra, la sociedad empieza a leer el discurso econ\u00f3mico oficial como algo distante de su realidad inmediata\u201d, consign\u00f3 <b>Zentrix<\/b>.<\/p>\n<p class=\"paragraph\">En ese plano, la consulta sobre cu\u00e1les son los principales desaf\u00edos para la Argentina tiene como respuestas prioritarias cuestiones econ\u00f3micas, comenzando por el <b>desempleo <\/b>(22,4%) y siguiendo por la <b>inflaci\u00f3n <\/b>(16,6%), la <b>corrupci\u00f3n <\/b>(14,2%), el <b>salario <\/b>(13,3%) y el <b>endeudamiento <\/b>(13%).<\/p>\n<div class=\"rawHTML raw_html \"><img decoding=\"async\" src=\"https:\/\/cloudfront-us-east-1.images.arcpublishing.com\/infobae\/M5JUT2EITRHNFKZQ3ZXBSAX36I.jpg\" alt=\"infografia\" class=\"responsive\"\/><\/p>\n<\/div>\n<p class=\"paragraph\">\u201cLa conclusi\u00f3n de fondo es que <b>la inflaci\u00f3n erosiona ingresos y tambi\u00e9n erosiona confianza<\/b>. Y cuando la mayor\u00eda siente que el salario pierde, que el mes se hace m\u00e1s largo y que la referencia oficial no expresa lo que efectivamente ocurre en la g\u00f3ndola, en los servicios o en el gasto cotidiano, lo que se debilita no es s\u00f3lo la credibilidad del \u00edndice, sino tambi\u00e9n la capacidad del Gobierno para convertir ese \u00edndice en prueba social de mejora\u201d, se\u00f1al\u00f3 <b>Montiel<\/b>.<\/p>\n<p class=\"paragraph\">En un plano m\u00e1s pol\u00edtico, el estudio de <b>Zentrix <\/b>se\u00f1ala que la consigna \u201canti-casta\u201d, clave en la narrativa libertaria, parece haber perdido capacidad para \u201cseguir organizando la tolerancia social\u201d. Dos tercios de los encuestados afirman que ese pacto se rompi\u00f3 y que <b>\u201cel gobierno termin\u00f3 siendo parte de la casta\u201d<\/b>. <\/p>\n<p class=\"paragraph\">El reporte subray\u00f3 que ese dato es clave porque el discurso anti-casta hab\u00eda funcionado como \u201cun mecanismo de compensaci\u00f3n simb\u00f3lica\u201d: pod\u00eda justificar costos, ajuste y malestar bajo la idea de que al menos se estaba limpiando el sistema. Cuando esa creencia se debilita, el sacrificio material pierde sentido.<\/p>\n<\/div>\n<p><script defer=\"\">try{!function(f,b,e,v,n,t,s) {if(f.fbq)return;n=f.fbq=function(){n.callMethod? n.callMethod.apply(n,arguments):n.queue.push(arguments)}; if(!f._fbq)f._fbq=n;n.push=n;n.loaded=!0;n.version='2.0'; n.queue=[];t=b.createElement(e);t.async=!0; t.src=v;s=b.getElementsByTagName(e)[0]; s.parentNode.insertBefore(t,s)}(window, document,'script', ' fbq('init', '336383993555320'); fbq('track', 'PageView'); fbq('track', 'ViewContent');}catch(error){console.log(\"Error al inicializar facebookPixelRawCodeScript:\",error);}<\/script><\/p>\n","protected":false},"excerpt":{"rendered":"<p>La erosi\u00f3n del poder adquisitivo comienza a despegar consecuencias econ\u00f3micas y pol\u00edticas. (Imagen Ilustrativa Infobae) El impacto del plan econ\u00f3mico sobre el gasto, el endeudamiento y el poder adquisitivo de los argentinos trae cambios en la percepci\u00f3n sobre el escenario general y la situaci\u00f3n personal o familiar de cada uno. El \u00faltimo relevamiento de opini\u00f3n [&hellip;]<\/p>\n","protected":false},"author":2,"featured_media":87715,"comment_status":"","ping_status":"","sticky":false,"template":"","format":"standard","meta":{"footnotes":""},"categories":[2],"tags":[],"_links":{"self":[{"href":"https:\/\/maxradio923.com.ar\/index.php\/wp-json\/wp\/v2\/posts\/87714"}],"collection":[{"href":"https:\/\/maxradio923.com.ar\/index.php\/wp-json\/wp\/v2\/posts"}],"about":[{"href":"https:\/\/maxradio923.com.ar\/index.php\/wp-json\/wp\/v2\/types\/post"}],"author":[{"embeddable":true,"href":"https:\/\/maxradio923.com.ar\/index.php\/wp-json\/wp\/v2\/users\/2"}],"replies":[{"embeddable":true,"href":"https:\/\/maxradio923.com.ar\/index.php\/wp-json\/wp\/v2\/comments?post=87714"}],"version-history":[{"count":0,"href":"https:\/\/maxradio923.com.ar\/index.php\/wp-json\/wp\/v2\/posts\/87714\/revisions"}],"wp:featuredmedia":[{"embeddable":true,"href":"https:\/\/maxradio923.com.ar\/index.php\/wp-json\/wp\/v2\/media\/87715"}],"wp:attachment":[{"href":"https:\/\/maxradio923.com.ar\/index.php\/wp-json\/wp\/v2\/media?parent=87714"}],"wp:term":[{"taxonomy":"category","embeddable":true,"href":"https:\/\/maxradio923.com.ar\/index.php\/wp-json\/wp\/v2\/categories?post=87714"},{"taxonomy":"post_tag","embeddable":true,"href":"https:\/\/maxradio923.com.ar\/index.php\/wp-json\/wp\/v2\/tags?post=87714"}],"curies":[{"name":"wp","href":"https:\/\/api.w.org\/{rel}","templated":true}]}}