{"id":8770,"date":"2023-10-24T18:24:55","date_gmt":"2023-10-24T21:24:55","guid":{"rendered":"https:\/\/maxradio923.com\/index.php\/2023\/10\/24\/massa-el-derecho-a-estudiar-no-se-arregla-ni-con-un-voucher-ni-con-el-mercado\/"},"modified":"2023-10-24T18:24:55","modified_gmt":"2023-10-24T21:24:55","slug":"massa-el-derecho-a-estudiar-no-se-arregla-ni-con-un-voucher-ni-con-el-mercado","status":"publish","type":"post","link":"https:\/\/maxradio923.com.ar\/index.php\/2023\/10\/24\/massa-el-derecho-a-estudiar-no-se-arregla-ni-con-un-voucher-ni-con-el-mercado\/","title":{"rendered":"Massa: \u00abEl derecho a estudiar no se arregla ni con un voucher ni con el mercado\u00bb"},"content":{"rendered":"<p><img decoding=\"async\" src=\"https:\/\/diariod3.com\/inicio\/wp-content\/uploads\/2023\/10\/massaaa.jpg\"\/><\/p>\n<p>En el marco de la inauguraci\u00f3n de una escuela t\u00e9cnica de educaci\u00f3n profesional, el candidato presidencial de Uni\u00f3n por la Patria destac\u00f3 la importancia de un \u00abEstado presente\u00bb y llam\u00f3 a \u00abdefender la educaci\u00f3n p\u00fablica\u00bb para lograr la \u00abigualdad de oportunidades\u00bb.<\/p>\n<p>El candidato a presidente de Uni\u00f3n por la Patria (UXP) y ministro de Econom\u00eda, <strong>Sergio Massa<\/strong>, destac\u00f3 este martes la potencia de \u00abla educaci\u00f3n p\u00fablica, gratuita, de calidad e inclusiva como l\u00ednea de largada en igualdad de oportunidades\u00bb en una sociedad y dijo que <strong>\u00abel derecho a estudiar no se arregla ni con un voucher ni con el mercado\u00bb<\/strong>, en relaci\u00f3n a las propuestas de su contrincante en el balotaje, Javier Milei.<\/p>\n<p>En el primer acto p\u00fablico luego de las elecciones generales del domingo pasado, en las que Massa logr\u00f3 el primer lugar con el 36,68 por ciento de los votos, el candidato encabez\u00f3 la inauguraci\u00f3n de una escuela t\u00e9cnica en el municipio bonaerense de <strong>San Miguel<\/strong> que brindar\u00e1 orientaciones en rob\u00f3tica, econom\u00eda del conocimiento y metalmec\u00e1nica.<\/p>\n<p>Del acto, participaron el reelecto intendente local <strong>Jaime M\u00e9ndez<\/strong> y el dirigente <strong>Joaqu\u00edn De la Torre<\/strong> -ambos de Juntos por el Cambio- quienes fueron saludados por Massa por la gesti\u00f3n realizada para construir la escuela en un terreno que, previamente, hab\u00eda sido propiedad privada.<\/p>\n<p>San Miguel es uno de los distritos del conurbano donde Massa gan\u00f3 la elecci\u00f3n presidencial el domingo, y Juntos por el Cambio retuvo la intendencia.<\/p>\n<p>En su discurso, Massa reiter\u00f3 la <strong>necesidad de la inversi\u00f3n p\u00fablica en materia educativa y -en referencia el\u00edptica a su rival para el balotaje, Javier Milei- subray\u00f3 que el \u00abderecho a estudiar no se arregla ni con un voucher ni con el mercado, se arregla con el Estado presente\u00bb.<\/strong><\/p>\n<p>\u00abDudo que el sector privado venga a invertir en este barrio en una escuela t\u00e9cnica. Dudo que el mercado resuelva la oferta educativa que nuestros hijos necesitan. <strong>No conozco mucha oferta privada en escuelas t\u00e9cnicas, le dir\u00eda que es cero<\/strong>\u00ab, a\u00f1adi\u00f3, acompa\u00f1ado por los ministros de Educaci\u00f3n, Jaime Perczyk, y el de Obras P\u00fablicas, Gabriel Katopodis.<\/p>\n<p>El edificio inaugurado cuenta con 4 aulas te\u00f3ricas, un taller com\u00fan de gran escala, dos talleres y dos laboratorios divisibles, sala de m\u00e1quinas y SUM, que funcionar\u00e1 como un espacio de encuentro para el desarrollo de un trabajo colaborativo entre las distintas \u00e1reas curriculares.<\/p>\n<p>Adem\u00e1s, tiene patios cubiertos y descubiertos, un acceso con hall, espacios administrativos, sanitarios, buffet con cocina, bicicletero, parque, y estacionamiento dentro del predio.<\/p>\n<p><strong>\u00abEs con m\u00e1s educaci\u00f3n que Argentina sale adelante y derrota a la pobreza\u00bb<\/strong>, se\u00f1al\u00f3 el candidato a Presidente y reiter\u00f3 la necesidad de capacitar a los docentes y que los maestros est\u00e9n \u00abal frente del aula\u00bb.<\/p>\n<p>Por otra parte, dijo que adem\u00e1s de apuntar a una instrucci\u00f3n secundaria, terciaria y universitaria con \u00absalida laboral\u00bb y que as\u00ed \u00absean parte de un proceso educativo en el que le demos herramientas para el mundo que viene\u00bb.<\/p>\n<p>Massa destac\u00f3 asimismo el env\u00edo del <strong>proyecto de ley para \u00abaumentar un 30% la inversi\u00f3n educativa\u00bb que servir\u00e1 para duplicar la cantidad de escuelas t\u00e9cnicas y elevar el presupuesto del sistema universitario a 1.5 del producto<\/strong>.<\/p>\n<p>En ese sentido, dijo que la educaci\u00f3n superior debe apuntar a \u00abcarrera cortas, con salidas laboral, con universidades p\u00fablicas y empresas construyendo el capital humano\u00bb que el pa\u00eds necesita.<\/p>\n<p>\u00abDefendemos la Argentina de la educaci\u00f3n p\u00fablica, gratuita, de calidad, inclusiva como l\u00ednea de largada en igualdad de oportunidades. Que un pibe de cualquier barrio de san miguel pueda salir a pelear la vida con las mismas herramientas\u00bb, apunt\u00f3.<\/p>\n<p><strong>El pa\u00eds que pretende a partir del 10 de diciembre es, seg\u00fan sus palabras, aquel en el que la \u00abeducaci\u00f3n y el trabajo sean los ordenadores\u00bb y que as\u00ed los chicos carguen \u00aben la mochila una computadora y no un arma como proponen otros\u00bb, otra vez en referencia a Milei.<\/strong><\/p>\n<p>El nuevo edificio es el primero del <strong>Programa 100 Escuelas T\u00e9cnicas de Educaci\u00f3n Profesional Secundaria<\/strong>, que realiza el Ministerio de Obras P\u00fablicas junto al Ministerio de Educaci\u00f3n (ME) y el Instituto Nacional de Educaci\u00f3n Tecnol\u00f3gica (INET) con una inversi\u00f3n superior a los 79 mil millones de pesos y otros 10 mil que aporta el INET para mobiliario y equipamiento.<\/p>\n<p>Las especialidades t\u00e9cnicas que fueron priorizadas son Agroindustria; Bioeconom\u00eda; Construcciones; Econom\u00eda del conocimiento; Energ\u00edas; Industria textil; Miner\u00eda, Mec\u00e1nica automotriz; Metalmec\u00e1nica; Madera y muebles; Petr\u00f3leo y gas; Tecnolog\u00eda 4.0; y Telecomunicaciones.<\/p>\n<p>Fuente: T\u00c9LAM<br \/>\nPor: Graciela Herrera<\/p>\n<p>La entrada <a href=\"https:\/\/diariod3.com\/inicio\/massa-el-derecho-a-estudiar-no-se-arregla-ni-con-un-voucher-ni-con-el-mercado\/\" rel=\"noreferrer noopener\" target=\"_blank\">Massa: \u00abEl derecho a estudiar no se arregla ni con un voucher ni con el mercado\u00bb<\/a> se public\u00f3 primero en <a href=\"https:\/\/diariod3.com\/inicio\" rel=\"noreferrer noopener\" target=\"_blank\">DIARIO D3 NOTICIAS<\/a>.<\/p>\n","protected":false},"excerpt":{"rendered":"<p>En el marco de la inauguraci\u00f3n de una escuela t\u00e9cnica de educaci\u00f3n profesional, el candidato presidencial de Uni\u00f3n por la Patria destac\u00f3 la importancia de un \u00abEstado presente\u00bb y llam\u00f3 a \u00abdefender la educaci\u00f3n p\u00fablica\u00bb para lograr la \u00abigualdad de oportunidades\u00bb. El candidato a presidente de Uni\u00f3n por la Patria (UXP) y ministro de Econom\u00eda, [&hellip;]<\/p>\n","protected":false},"author":2,"featured_media":8771,"comment_status":"","ping_status":"","sticky":false,"template":"","format":"standard","meta":{"footnotes":""},"categories":[12],"tags":[],"_links":{"self":[{"href":"https:\/\/maxradio923.com.ar\/index.php\/wp-json\/wp\/v2\/posts\/8770"}],"collection":[{"href":"https:\/\/maxradio923.com.ar\/index.php\/wp-json\/wp\/v2\/posts"}],"about":[{"href":"https:\/\/maxradio923.com.ar\/index.php\/wp-json\/wp\/v2\/types\/post"}],"author":[{"embeddable":true,"href":"https:\/\/maxradio923.com.ar\/index.php\/wp-json\/wp\/v2\/users\/2"}],"replies":[{"embeddable":true,"href":"https:\/\/maxradio923.com.ar\/index.php\/wp-json\/wp\/v2\/comments?post=8770"}],"version-history":[{"count":0,"href":"https:\/\/maxradio923.com.ar\/index.php\/wp-json\/wp\/v2\/posts\/8770\/revisions"}],"wp:featuredmedia":[{"embeddable":true,"href":"https:\/\/maxradio923.com.ar\/index.php\/wp-json\/wp\/v2\/media\/8771"}],"wp:attachment":[{"href":"https:\/\/maxradio923.com.ar\/index.php\/wp-json\/wp\/v2\/media?parent=8770"}],"wp:term":[{"taxonomy":"category","embeddable":true,"href":"https:\/\/maxradio923.com.ar\/index.php\/wp-json\/wp\/v2\/categories?post=8770"},{"taxonomy":"post_tag","embeddable":true,"href":"https:\/\/maxradio923.com.ar\/index.php\/wp-json\/wp\/v2\/tags?post=8770"}],"curies":[{"name":"wp","href":"https:\/\/api.w.org\/{rel}","templated":true}]}}