{"id":8768,"date":"2023-10-24T18:24:54","date_gmt":"2023-10-24T21:24:54","guid":{"rendered":"https:\/\/maxradio923.com\/index.php\/2023\/10\/24\/villarruel-tira-un-puente-hacia-jxc-me-gustaria-tomarme-un-cafe-con-bullrich\/"},"modified":"2023-10-24T18:24:54","modified_gmt":"2023-10-24T21:24:54","slug":"villarruel-tira-un-puente-hacia-jxc-me-gustaria-tomarme-un-cafe-con-bullrich","status":"publish","type":"post","link":"https:\/\/maxradio923.com.ar\/index.php\/2023\/10\/24\/villarruel-tira-un-puente-hacia-jxc-me-gustaria-tomarme-un-cafe-con-bullrich\/","title":{"rendered":"Villarruel tira un puente hacia JxC: \u00abMe gustar\u00eda tomarme un caf\u00e9 con Bullrich\u00bb"},"content":{"rendered":"<p><img decoding=\"async\" src=\"https:\/\/diariod3.com\/inicio\/wp-content\/uploads\/2023\/10\/bullrich-villarrueljpg.webp\"\/><\/p>\n<h2>La candidata a vicepresidente por La Libertad Avanza (LLA) habl\u00f3 en la misma sinton\u00eda que su compa\u00f1ero de f\u00f3rmula, Javier Milei, y revel\u00f3 contactos con dirigentes opositores de cara al balotaje.<\/h2>\n<p>La <strong>candidata a vicepresidente por La Libertad Avanza (LLA) <\/strong>en estas <strong>elecciones 2023<\/strong><strong>, Victoria Villarruel<\/strong>, mostr\u00f3 su intenci\u00f3n de incorporar al ala dura de <strong>Juntos por el Cambio (JxC) <\/strong>de cara al <strong>balotaje<\/strong> que enfrentar\u00e1 a <strong>Javier Milei<\/strong> con <strong>Sergio Masa:<\/strong> \u00abMe gustar\u00eda tomarme un caf\u00e9 con Bullrich\u00bb.<\/p>\n<p>La referente libertaria realiz\u00f3 declaraciones radiales en donde asegur\u00f3 una reuni\u00f3n con la titular del PRO: \u00ab<strong>Tengo que encontrarme con ella en estos d\u00edas para saber c\u00f3mo est\u00e1<\/strong>. Me gustar\u00eda poder charlar con ella y ver si se puede trabajar juntos. Les vamos a abrir las puerta a todos\u00bb.<\/p>\n<p>Sobre la posibilidad de incorporar a <strong>Patricia Bullrich<\/strong> como <strong>ministra de Seguridad<\/strong> en un hipot\u00e9tico Gobierno, se\u00f1al\u00f3: \u00abHay que debatir esa posibilidad. <strong>Nosotros tenemos bastante avanzado el armado as\u00ed que hay que debatirlo<\/strong> y hay que debatir si ella quiere una funci\u00f3n de esa relevancia. Sea como sea, el golpe que ha sufrido es muy duro\u00bb, agreg\u00f3.<\/p>\n<p>Sobre el expresidente <strong>Mauricio Macri,<\/strong> Villarruel se\u00f1al\u00f3 que \u00ab<strong>se han establecido contactos a trav\u00e9s de terceras personas<\/strong> y creo que en alg\u00fan momento hablaremos. Lo tomamos como un referente, pero no tengo muy en claro cu\u00e1l ser\u00eda su aspiraci\u00f3n. Tenemos que conversar\u00bb.<\/p>\n<p>En la misma l\u00ednea, Villarruel asegur\u00f3 que ya estableci\u00f3 conexiones con Juntos por el Cambio y con el entorno de <strong>Juan Schiaretti,<\/strong> candidato presidencial por <strong>Hacemos Unidos:<\/strong> \u00abAquellos referentes pol\u00edticos que quieran apoyar, vamos a abrirles las puertas, estoy hablando con varios. Muchos de ellos me dicen que cuento con ellos, de Juntos por el Cambio, <strong>y con la gente de Schiaretti, con Randazzo<\/strong>. Se pueden tender puentes desde lo humano\u00bb.<\/p>\n<h2>Elecciones 2023: Javier Milei propuso a Patricia Bullrich como ministra de Seguridad<\/h2>\n<p>El economista, segundo en la compulsa de anoche con un 29,98% de los votos, por debajo del 36,68% de Massa, rescat\u00f3 el paso de Bullrich por el Ministerio de Seguridad durante la presidencia de Mauricio Macri y dijo: <strong>\u00abSi quiere sumarse, \u00bfc\u00f3mo no la voy a sumar? Ha sido exitosa combatiendo la inseguridad. Por lo tanto, no tenemos problema\u201d.<\/strong><\/p>\n<p>En declaraciones radiales, <strong>Milei<\/strong> reconoci\u00f3 que en estos meses enfrentaron<strong> \u201cuna campa\u00f1a dur\u00edsima\u201d<\/strong> en las que \u201cno resolvimos las diferencias de la mejor manera posible y deriv\u00f3 en una situaci\u00f3n tremendamente hostil\u201d pero se mostr\u00f3 dispuesto \u201ca dejar todo eso en el pasado, no remover nada por un objetivo m\u00e1s importante que es ganarle al kirchnerismo\u00bb y \u201cponerle la tapa del ata\u00fad\u201d.<\/p>\n<p>Al hablar de Bullrich, ensay\u00f3 una comparaci\u00f3n con su compa\u00f1era de f\u00f3rmula, <strong>Victoria Villarruel: \u00abTiene coincidencia<\/strong> con ella. Cuando sentencian \u00b4el que las hace, las paga\u00b4, es un punto tan en claro que no sabemos cu\u00e1l de las dos es due\u00f1a del eslogan\u00bb.<\/p>\n<p>Fuente: \u00c1MBITO<\/p>\n<p>Por: Graciela Herrera<\/p>\n<p>La entrada <a href=\"https:\/\/diariod3.com\/inicio\/villarruel-tira-un-puente-hacia-jxc-me-gustaria-tomarme-un-cafe-con-bullrich\/\" rel=\"noreferrer noopener\" target=\"_blank\">Villarruel tira un puente hacia JxC: \u00abMe gustar\u00eda tomarme un caf\u00e9 con Bullrich\u00bb<\/a> se public\u00f3 primero en <a href=\"https:\/\/diariod3.com\/inicio\" rel=\"noreferrer noopener\" target=\"_blank\">DIARIO D3 NOTICIAS<\/a>.<\/p>\n","protected":false},"excerpt":{"rendered":"<p>La candidata a vicepresidente por La Libertad Avanza (LLA) habl\u00f3 en la misma sinton\u00eda que su compa\u00f1ero de f\u00f3rmula, Javier Milei, y revel\u00f3 contactos con dirigentes opositores de cara al balotaje. La candidata a vicepresidente por La Libertad Avanza (LLA) en estas elecciones 2023, Victoria Villarruel, mostr\u00f3 su intenci\u00f3n de incorporar al ala dura de [&hellip;]<\/p>\n","protected":false},"author":2,"featured_media":8769,"comment_status":"","ping_status":"","sticky":false,"template":"","format":"standard","meta":{"footnotes":""},"categories":[12],"tags":[],"_links":{"self":[{"href":"https:\/\/maxradio923.com.ar\/index.php\/wp-json\/wp\/v2\/posts\/8768"}],"collection":[{"href":"https:\/\/maxradio923.com.ar\/index.php\/wp-json\/wp\/v2\/posts"}],"about":[{"href":"https:\/\/maxradio923.com.ar\/index.php\/wp-json\/wp\/v2\/types\/post"}],"author":[{"embeddable":true,"href":"https:\/\/maxradio923.com.ar\/index.php\/wp-json\/wp\/v2\/users\/2"}],"replies":[{"embeddable":true,"href":"https:\/\/maxradio923.com.ar\/index.php\/wp-json\/wp\/v2\/comments?post=8768"}],"version-history":[{"count":0,"href":"https:\/\/maxradio923.com.ar\/index.php\/wp-json\/wp\/v2\/posts\/8768\/revisions"}],"wp:featuredmedia":[{"embeddable":true,"href":"https:\/\/maxradio923.com.ar\/index.php\/wp-json\/wp\/v2\/media\/8769"}],"wp:attachment":[{"href":"https:\/\/maxradio923.com.ar\/index.php\/wp-json\/wp\/v2\/media?parent=8768"}],"wp:term":[{"taxonomy":"category","embeddable":true,"href":"https:\/\/maxradio923.com.ar\/index.php\/wp-json\/wp\/v2\/categories?post=8768"},{"taxonomy":"post_tag","embeddable":true,"href":"https:\/\/maxradio923.com.ar\/index.php\/wp-json\/wp\/v2\/tags?post=8768"}],"curies":[{"name":"wp","href":"https:\/\/api.w.org\/{rel}","templated":true}]}}