{"id":86986,"date":"2026-04-15T13:00:10","date_gmt":"2026-04-15T16:00:10","guid":{"rendered":"https:\/\/maxradio923.com.ar\/index.php\/2026\/04\/15\/segun-el-economista-fausto-spotorno-pareceria-que-a-la-inflacion-no-le-da-la-nafta-para-seguir-creciendo\/"},"modified":"2026-04-15T13:00:10","modified_gmt":"2026-04-15T16:00:10","slug":"segun-el-economista-fausto-spotorno-pareceria-que-a-la-inflacion-no-le-da-la-nafta-para-seguir-creciendo","status":"publish","type":"post","link":"https:\/\/maxradio923.com.ar\/index.php\/2026\/04\/15\/segun-el-economista-fausto-spotorno-pareceria-que-a-la-inflacion-no-le-da-la-nafta-para-seguir-creciendo\/","title":{"rendered":"Seg\u00fan el economista Fausto Spotorno, \u201cparecer\u00eda que a la inflaci\u00f3n no le da la nafta para seguir creciendo\u201d"},"content":{"rendered":"<p><\/p>\n<div>\n<p class=\"paragraph\">El economista <b>Fausto Spotorno <\/b>dialog\u00f3 con <b>Infobae en Vivo<\/b> y analiz\u00f3 el dato de inflaci\u00f3n de marzo, que fue 3,4% y se ubic\u00f3 por encima de lo esperado por el mercado. A su vez, cont\u00f3 qu\u00e9 espera para el nivel de actividad este a\u00f1o.<\/p>\n<p class=\"paragraph\">El especialista consider\u00f3 en primer lugar que ese 3% de inflaci\u00f3n que ven\u00edan viendo en los \u00faltimos meses se repiti\u00f3 en marzo. \u201cSi uno hace la aritm\u00e9tica directamente, cu\u00e1nto subi\u00f3 la educaci\u00f3n de m\u00e1s respecto de lo que ven\u00eda subiendo, cu\u00e1nto subi\u00f3 el transporte \u2014que implica los combustibles\u2014, se observa que esos shocks explican la diferencia entre el 2,9% y el 3,4% que tuviste\u201d, se\u00f1al\u00f3 Spotorno.<\/p>\n<p class=\"paragraph\">\u201cEl reto es una persistencia de la inflaci\u00f3n alrededor del 3%. Pero la pol\u00edtica monetaria est\u00e1 bien rumbeada, la pol\u00edtica fiscal es responsable y el tipo de cambio est\u00e1 estable. Lo cierto es que la inflaci\u00f3n parecer\u00eda no tener nafta para seguir creciendo\u201d, consider\u00f3 el economista, que espera un IPC de 2,7% para abril y 29% para el a\u00f1o.<\/p>\n<div class=\"visual__image\"><picture><source srcset=\"https:\/\/www.infobae.com\/resizer\/v2\/XBEY6FXYB5BHXOOG3FISKOB4IM.png?auth=96d747c0320407813bf4ca03add7e62dce1e91510643532a582a71b4d684be1f&amp;smart=true&amp;width=992&amp;height=544&amp;quality=85\" media=\"(min-width: 1000px)\"\/><source srcset=\"https:\/\/www.infobae.com\/resizer\/v2\/XBEY6FXYB5BHXOOG3FISKOB4IM.png?auth=96d747c0320407813bf4ca03add7e62dce1e91510643532a582a71b4d684be1f&amp;smart=true&amp;width=768&amp;height=421&amp;quality=85\" media=\"(min-width: 768px)\"\/><source srcset=\"https:\/\/www.infobae.com\/resizer\/v2\/XBEY6FXYB5BHXOOG3FISKOB4IM.png?auth=96d747c0320407813bf4ca03add7e62dce1e91510643532a582a71b4d684be1f&amp;smart=true&amp;width=577&amp;height=316&amp;quality=85\" media=\"(min-width: 580px)\"\/><source srcset=\"https:\/\/www.infobae.com\/resizer\/v2\/XBEY6FXYB5BHXOOG3FISKOB4IM.png?auth=96d747c0320407813bf4ca03add7e62dce1e91510643532a582a71b4d684be1f&amp;smart=true&amp;width=420&amp;height=230&amp;quality=85\" media=\"(min-width: 350px)\"\/><source srcset=\"https:\/\/www.infobae.com\/resizer\/v2\/XBEY6FXYB5BHXOOG3FISKOB4IM.png?auth=96d747c0320407813bf4ca03add7e62dce1e91510643532a582a71b4d684be1f&amp;smart=true&amp;width=350&amp;height=192&amp;quality=85\" media=\"(min-width: 80px)\"\/><img alt=\"Captura \u2013 VIDEOLLAMADA FAUSTO SPOTORNO \u2013 Infobae en Vivo\" class=\"global-image\" decoding=\"async\" fetchpriority=\"low\" height=\"500\" loading=\"lazy\" src=\"https:\/\/www.infobae.com\/resizer\/v2\/XBEY6FXYB5BHXOOG3FISKOB4IM.png?auth=96d747c0320407813bf4ca03add7e62dce1e91510643532a582a71b4d684be1f&amp;smart=true&amp;width=350&amp;height=192&amp;quality=85\" width=\"912\"\/><\/picture><figcaption class=\"article-figcaption-img\">El economista Fausto Spotorno<\/figcaption><\/div>\n<p class=\"paragraph\">La cuesti\u00f3n, dice el entrevistado, son los shocks de precios y reacciones del propio sector productivo y comercial argentino, que necesita trasladar costos. \u201cAhora bien, \u00bfqu\u00e9 es lo que me va a convencer a m\u00ed de que no lo puedo trasladar? No vender&#8221;.<\/p>\n<p class=\"paragraph\">Spotorno se\u00f1al\u00f3 que en la l\u00f3gica del plan de gobierno, se esperaba que el productor reaccionara con mayor rapidez. Sin embargo, tambi\u00e9n hay que considerar su situaci\u00f3n: est\u00e1 muy limitado, con poco margen de maniobra y dificultades para acceder a financiamiento, dijo. \u201cNo cuenta con muchos instrumentos para salir adelante. Por eso, los tiempos de reacci\u00f3n terminan siendo m\u00e1s lentos de lo que uno podr\u00eda prever\u201d, indic\u00f3.<\/p>\n<p class=\"paragraph\">Asimismo, sostuvo que el pa\u00eds se encamina a una econom\u00eda donde la demanda determina los precios, lo cual comprime los m\u00e1rgenes de ganancia.<\/p>\n<p class=\"paragraph\">Asegur\u00f3 que bajar la inflaci\u00f3n no es el resultado de una sola medida ni de un peque\u00f1o ajuste en la vida econ\u00f3mica del pa\u00eds. Cada vez que la Argentina enfrent\u00f3 este desaf\u00edo, se habl\u00f3 de un cambio de r\u00e9gimen, es decir, de una transformaci\u00f3n profunda en la estructura econ\u00f3mica.<\/p>\n<p class=\"paragraph\">Tambi\u00e9n hizo el planteo desde otro \u00e1ngulo: si se flexibiliza la pol\u00edtica monetaria para no afectar tanto la actividad, en un contexto de presi\u00f3n de costos como el de los combustibles, la inflaci\u00f3n puede escalar r\u00e1pidamente.<\/p>\n<div class=\"visual__image\"><picture><source srcset=\"https:\/\/www.infobae.com\/resizer\/v2\/KXJR6JQKQVD77IOSJ3IMDVKXQU.png?auth=66c56272f571d66d526a28983e3e172159b089c84cfeb01d45574312153a939f&amp;smart=true&amp;width=992&amp;height=533&amp;quality=85\" media=\"(min-width: 1000px)\"\/><source srcset=\"https:\/\/www.infobae.com\/resizer\/v2\/KXJR6JQKQVD77IOSJ3IMDVKXQU.png?auth=66c56272f571d66d526a28983e3e172159b089c84cfeb01d45574312153a939f&amp;smart=true&amp;width=768&amp;height=413&amp;quality=85\" media=\"(min-width: 768px)\"\/><source srcset=\"https:\/\/www.infobae.com\/resizer\/v2\/KXJR6JQKQVD77IOSJ3IMDVKXQU.png?auth=66c56272f571d66d526a28983e3e172159b089c84cfeb01d45574312153a939f&amp;smart=true&amp;width=577&amp;height=310&amp;quality=85\" media=\"(min-width: 580px)\"\/><source srcset=\"https:\/\/www.infobae.com\/resizer\/v2\/KXJR6JQKQVD77IOSJ3IMDVKXQU.png?auth=66c56272f571d66d526a28983e3e172159b089c84cfeb01d45574312153a939f&amp;smart=true&amp;width=420&amp;height=226&amp;quality=85\" media=\"(min-width: 350px)\"\/><source srcset=\"https:\/\/www.infobae.com\/resizer\/v2\/KXJR6JQKQVD77IOSJ3IMDVKXQU.png?auth=66c56272f571d66d526a28983e3e172159b089c84cfeb01d45574312153a939f&amp;smart=true&amp;width=350&amp;height=188&amp;quality=85\" media=\"(min-width: 80px)\"\/><img alt=\"Captura \u2013 VIDEOLLAMADA FAUSTO SPOTORNO \u2013 Infobae en Vivo\" class=\"global-image\" decoding=\"async\" fetchpriority=\"low\" height=\"494\" loading=\"lazy\" src=\"https:\/\/www.infobae.com\/resizer\/v2\/KXJR6JQKQVD77IOSJ3IMDVKXQU.png?auth=66c56272f571d66d526a28983e3e172159b089c84cfeb01d45574312153a939f&amp;smart=true&amp;width=350&amp;height=188&amp;quality=85\" width=\"919\"\/><\/picture><figcaption class=\"article-figcaption-img\">Spotorno asegur\u00f3 que bajar la inflaci\u00f3n no es el resultado de una sola medida ni de un peque\u00f1o ajuste en la vida econ\u00f3mica del pa\u00eds<\/figcaption><\/div>\n<p class=\"paragraph\">\u201cLa pregunta es si estamos dispuestos a tolerar niveles mensuales del 4% o 5% y, con ello, abrir una \u2018caja de Pandora\u2019 dif\u00edcil de cerrar\u201d, consider\u00f3.<\/p>\n<p class=\"paragraph\">Igualmente, por otro lado, Spotorno cree que se podr\u00edan implementar algunas medidas puntuales para aliviar la situaci\u00f3n financiera. Una de ellas ser\u00eda avanzar sobre el sistema bancario, habilitando l\u00edneas espec\u00edficas para reestructuraci\u00f3n de deudas, en un contexto de aumento de la morosidad.<\/p>\n<p class=\"paragraph\">En ese sentido, podr\u00eda evaluarse la asignaci\u00f3n de una parte de los encajes a este objetivo. De esta forma, no implicar\u00eda una reducci\u00f3n de encajes \u2014y, por lo tanto, no generar\u00eda emisi\u00f3n monetaria\u2014, sino una reasignaci\u00f3n de recursos hacia nuevas estructuras de cr\u00e9dito.<\/p>\n<p class=\"paragraph\">Adem\u00e1s, el Banco Central podr\u00eda dictar una normativa que permita a las entidades financieras instrumentar estos mecanismos sin tener que registrar p\u00e9rdidas de manera inmediata.<\/p>\n<h2 class=\"header headline-class-h2 headline\" id=\"article-headline que-espera-en-materia-de-actividad\">Qu\u00e9 espera en materia de actividad<\/h2>\n<p class=\"paragraph\">Consultado por sus proyecciones para la actividad, el economista dijo que \u201ces muy dif\u00edcil proyectar en este contexto porque la din\u00e1mica es altamente heterog\u00e9nea. Hay sectores que caen, otros que crecen y algunos que, aun estando rezagados, tienen potencial de recuperaci\u00f3n\u201d, se\u00f1al\u00f3.<\/p>\n<p class=\"paragraph\">En ese marco, destac\u00f3 el rol de la construcci\u00f3n como term\u00f3metro de la actividad: \u201cEs un sector que reacciona muy r\u00e1pido. Cuando se activa, el impacto se percibe en la calle. Si bien no es el m\u00e1s grande ni el principal generador de empleo, tiene una capacidad de tracci\u00f3n muy alta\u201d.<\/p>\n<p class=\"paragraph\">Se trata de un sector, apunta Spotorno, que ya muestra se\u00f1ales de crecimiento, impulsado en gran medida por el dinamismo del mercado inmobiliario, que funciona como locomotora de la construcci\u00f3n. A esto se suman actividades como el petr\u00f3leo, la miner\u00eda, el agro y la ganader\u00eda, todas ellas con fuerte demanda de infraestructura.<\/p>\n<p class=\"paragraph\">Sin embargo, esa necesidad no est\u00e1 siendo plenamente atendida: faltan inversiones en caminos rurales, rutas y log\u00edstica en general. Aun as\u00ed, es un sector con un alto potencial de crecimiento hacia adelante.<\/p>\n<p class=\"paragraph\">Por el contrario, el sector comercial enfrenta dificultades debido a la falta de poder adquisitivo de los consumidores, lo que afecta las ventas. \u201cAl sector que hoy le est\u00e1 yendo mal, porque realmente lo que estamos viendo es que el consumidor no tiene plata\u201d, afirm\u00f3 y agreg\u00f3 que los salarios cayeron con fuerza en marzo.<\/p>\n<p class=\"paragraph\"><i>Infobae te acompa\u00f1a cada d\u00eda en YouTube con entrevistas, an\u00e1lisis y la informaci\u00f3n m\u00e1s destacada, en un formato cercano y din\u00e1mico.<\/i><\/p>\n<p class=\"paragraph\"><i>* De 7 a 9: Infobae al Amanecer: Nacho Giron, Luciana Rubinska y Bel\u00e9n Escobar<\/i><\/p>\n<p class=\"paragraph\"><i>* De 9 a 12: Infobae a las Nueve: Gonzalo S\u00e1nchez, Tatiana Schapiro, Ram\u00f3n Indart y Cecilia Boufflet<\/i><\/p>\n<p class=\"paragraph\"><i>* De 12 a 15: Infobae al Mediodia: Maru Duffard, Andrei Serbin Pont, Jimena Grandinetti, Fede Mayol y Facundo Kablan<\/i><\/p>\n<p class=\"paragraph\"><i>* De 15 a 18: Infobae a la Tarde: Manu Jove, Maia Jastreblansky y Paula Guardia Bourdin; rotan en la semana Marcos Shaw, Lara L\u00f3pez Calvo y Tom\u00e1s Trape<\/i><\/p>\n<p class=\"paragraph\"><i>* De 18 a 21: Infobae al Regreso: Gonzalo Aziz, Diego Iglesias, Malena de los R\u00edos y Mat\u00edas Barber\u00eda; rotan en la semana Gustavo Lazzari, Mart\u00edn Tetaz y Mica Mendelevic<\/i><\/p>\n<p class=\"paragraph\"><i>Actualidad, charlas y protagonistas, en vivo. Seguinos en nuestro canal de YouTube @infobae<\/i><\/p>\n<p class=\"paragraph\">Mir\u00e1 la entrevista completa a Fausto Spotorno<\/p>\n<div class=\"jwplayer-ctn\"><figcaption class=\"jwplayer-figcaption\">En Infobae en Vivo, el economista Fausto Spotorno desglosa la cifra explicando los factores econ\u00f3micos que la impulsan y las implicaciones para los consumidores y productores. Adem\u00e1s, abord\u00f3 la necesidad de cambios estructurales para combatir la suba de precios<\/figcaption><\/div>\n<\/div>\n<p><script defer=\"\">try{!function(f,b,e,v,n,t,s) {if(f.fbq)return;n=f.fbq=function(){n.callMethod? n.callMethod.apply(n,arguments):n.queue.push(arguments)}; if(!f._fbq)f._fbq=n;n.push=n;n.loaded=!0;n.version='2.0'; n.queue=[];t=b.createElement(e);t.async=!0; t.src=v;s=b.getElementsByTagName(e)[0]; s.parentNode.insertBefore(t,s)}(window, document,'script', ' fbq('init', '336383993555320'); fbq('track', 'PageView'); fbq('track', 'ViewContent');}catch(error){console.log(\"Error al inicializar facebookPixelRawCodeScript:\",error);}<\/script><\/p>\n","protected":false},"excerpt":{"rendered":"<p>El economista Fausto Spotorno dialog\u00f3 con Infobae en Vivo y analiz\u00f3 el dato de inflaci\u00f3n de marzo, que fue 3,4% y se ubic\u00f3 por encima de lo esperado por el mercado. A su vez, cont\u00f3 qu\u00e9 espera para el nivel de actividad este a\u00f1o. El especialista consider\u00f3 en primer lugar que ese 3% de inflaci\u00f3n [&hellip;]<\/p>\n","protected":false},"author":2,"featured_media":86987,"comment_status":"","ping_status":"","sticky":false,"template":"","format":"standard","meta":{"footnotes":""},"categories":[2],"tags":[],"_links":{"self":[{"href":"https:\/\/maxradio923.com.ar\/index.php\/wp-json\/wp\/v2\/posts\/86986"}],"collection":[{"href":"https:\/\/maxradio923.com.ar\/index.php\/wp-json\/wp\/v2\/posts"}],"about":[{"href":"https:\/\/maxradio923.com.ar\/index.php\/wp-json\/wp\/v2\/types\/post"}],"author":[{"embeddable":true,"href":"https:\/\/maxradio923.com.ar\/index.php\/wp-json\/wp\/v2\/users\/2"}],"replies":[{"embeddable":true,"href":"https:\/\/maxradio923.com.ar\/index.php\/wp-json\/wp\/v2\/comments?post=86986"}],"version-history":[{"count":0,"href":"https:\/\/maxradio923.com.ar\/index.php\/wp-json\/wp\/v2\/posts\/86986\/revisions"}],"wp:featuredmedia":[{"embeddable":true,"href":"https:\/\/maxradio923.com.ar\/index.php\/wp-json\/wp\/v2\/media\/86987"}],"wp:attachment":[{"href":"https:\/\/maxradio923.com.ar\/index.php\/wp-json\/wp\/v2\/media?parent=86986"}],"wp:term":[{"taxonomy":"category","embeddable":true,"href":"https:\/\/maxradio923.com.ar\/index.php\/wp-json\/wp\/v2\/categories?post=86986"},{"taxonomy":"post_tag","embeddable":true,"href":"https:\/\/maxradio923.com.ar\/index.php\/wp-json\/wp\/v2\/tags?post=86986"}],"curies":[{"name":"wp","href":"https:\/\/api.w.org\/{rel}","templated":true}]}}