{"id":86984,"date":"2026-04-15T12:38:08","date_gmt":"2026-04-15T15:38:08","guid":{"rendered":"https:\/\/maxradio923.com.ar\/index.php\/2026\/04\/15\/econtech-2026-la-facultad-de-ciencias-economicas-organiza-un-evento-sobre-transformacion-digital-con-la-presencia-de-lideres-empresarios\/"},"modified":"2026-04-15T12:38:08","modified_gmt":"2026-04-15T15:38:08","slug":"econtech-2026-la-facultad-de-ciencias-economicas-organiza-un-evento-sobre-transformacion-digital-con-la-presencia-de-lideres-empresarios","status":"publish","type":"post","link":"https:\/\/maxradio923.com.ar\/index.php\/2026\/04\/15\/econtech-2026-la-facultad-de-ciencias-economicas-organiza-un-evento-sobre-transformacion-digital-con-la-presencia-de-lideres-empresarios\/","title":{"rendered":"Econtech 2026: la Facultad de Ciencias Econ\u00f3micas organiza un evento sobre transformaci\u00f3n digital con la presencia de l\u00edderes empresarios"},"content":{"rendered":"<p><\/p>\n<div>\n<div class=\"visual__image image-initial-width\"><picture><source srcset=\"https:\/\/www.infobae.com\/resizer\/v2\/Q2HLIV3JTRBDLOAVO7GCGUSRAY.jpeg?auth=45a37c0c489fb774779a5921379328edfa8e66878c47a95930aa7e5b857554c4&amp;smart=true&amp;width=992&amp;height=744&amp;quality=85\" media=\"(min-width: 1000px)\"\/><source srcset=\"https:\/\/www.infobae.com\/resizer\/v2\/Q2HLIV3JTRBDLOAVO7GCGUSRAY.jpeg?auth=45a37c0c489fb774779a5921379328edfa8e66878c47a95930aa7e5b857554c4&amp;smart=true&amp;width=768&amp;height=576&amp;quality=85\" media=\"(min-width: 768px)\"\/><source srcset=\"https:\/\/www.infobae.com\/resizer\/v2\/Q2HLIV3JTRBDLOAVO7GCGUSRAY.jpeg?auth=45a37c0c489fb774779a5921379328edfa8e66878c47a95930aa7e5b857554c4&amp;smart=true&amp;width=577&amp;height=433&amp;quality=85\" media=\"(min-width: 580px)\"\/><source srcset=\"https:\/\/www.infobae.com\/resizer\/v2\/Q2HLIV3JTRBDLOAVO7GCGUSRAY.jpeg?auth=45a37c0c489fb774779a5921379328edfa8e66878c47a95930aa7e5b857554c4&amp;smart=true&amp;width=420&amp;height=315&amp;quality=85\" media=\"(min-width: 350px)\"\/><source srcset=\"https:\/\/www.infobae.com\/resizer\/v2\/Q2HLIV3JTRBDLOAVO7GCGUSRAY.jpeg?auth=45a37c0c489fb774779a5921379328edfa8e66878c47a95930aa7e5b857554c4&amp;smart=true&amp;width=350&amp;height=263&amp;quality=85\" media=\"(min-width: 80px)\"\/><img alt=\"Facultad de Ciencias Econ\u00f3micas UBA\" class=\"global-image\" decoding=\"async\" fetchpriority=\"high\" height=\"960\" loading=\"eager\" src=\"https:\/\/www.infobae.com\/resizer\/v2\/Q2HLIV3JTRBDLOAVO7GCGUSRAY.jpeg?auth=45a37c0c489fb774779a5921379328edfa8e66878c47a95930aa7e5b857554c4&amp;smart=true&amp;width=350&amp;height=263&amp;quality=85\" width=\"1280\"\/><\/picture><figcaption class=\"article-figcaption-img\">Charlas con referentes internacionales y una Feria de Empleo componen la agenda de Econtech 2026, organizada por la Facultad de Ciencias Econ\u00f3micas (UBA)<\/figcaption><\/div>\n<p class=\"paragraph\">La <b>Facultad de Ciencias Econ\u00f3micas<\/b> de la <b>Universidad de Buenos Aires (UBA)<\/b> organizar\u00e1 <b>Econtech 2026<\/b>, una jornada dedicada a la transformaci\u00f3n digital y a la inteligencia artificial en el \u00e1mbito laboral. El evento tiene lugar el 16 de abril en la sede de la Facultad, en <b>Uriburu 781, Ciudad Aut\u00f3noma de Buenos Aires<\/b>. La organizaci\u00f3n corresponde al Centro de Desarrollo Empresarial, la Secretar\u00eda de Graduados y el Centro de Estudiantes de la Facultad.<\/p>\n<p class=\"paragraph\">El lema del evento es <b>\u201cConecta con el futuro de las Ciencias Econ\u00f3micas\u201d<\/b>. Econtech 2026 propone un ciclo de charlas a cargo de <b>CEOs<\/b> y especialistas de empresas tecnol\u00f3gicas l\u00edderes, junto a reconocidos expertos internacionales. Entre los disertantes confirmados figuran <b>Ariel Szarfsztejn<\/b>, CEO Global de Mercado Libre; <b>Patricia Jebsen<\/b>, referente en transformaci\u00f3n digital y mercado laboral; <b>Gabriel Antelo<\/b>, Global VP of Technology Strategic Partnerships en Globant; y <b>Walter Castro<\/b>, orador internacional en inteligencia artificial generativa.<\/p>\n<p class=\"paragraph\">El acto de apertura, a las 10, contar\u00e1 con la presencia del decano,<b> Ricardo Pahlen<\/b>, presidente del Comit\u00e9 Acad\u00e9mico, y <b>Gabriela Russo<\/b>, presidenta del Comit\u00e9 Ejecutivo, directora del Centro de Desarrollo Empresarial y titular de la carrera de Contador P\u00fablico.<\/p>\n<p class=\"paragraph\">La propuesta de Econtech 2026 incluye conferencias, paneles y actividades pr\u00e1cticas orientadas a estudiantes, graduados y p\u00fablico general. Seg\u00fan explic\u00f3 la Facultad en un comunicado, se trata de \u201cun evento dise\u00f1ado para aquellos que buscan sumergirse en la transformaci\u00f3n digital, el cambiante ecosistema empresarial y que adem\u00e1s ofrece una feria de Empleo, con la participaci\u00f3n de empresas de primer nivel\u201d.<\/p>\n<p class=\"paragraph\">Durante toda la jornada funcionar\u00e1 adem\u00e1s la <b>Feria de Empleo<\/b>, donde empresas de distintos rubros instalan stands para interactuar con asistentes y potenciar la inserci\u00f3n laboral de estudiantes y graduados. Participan consultoras internacionales como <b>EY<\/b>, <b>PwC<\/b>, <b>KPMG<\/b> y <b>Lisicki Litvin &amp; Abelovich<\/b>; empresas tecnol\u00f3gicas como <b>Globant<\/b>, <b>Softtek<\/b>, <b>Mercado Libre<\/b> y <b>Naranja X<\/b>; compa\u00f1\u00edas energ\u00e9ticas como <b>Pan American Energy<\/b>, <b>Chevron<\/b> y <b>ExxonMobil<\/b>; firmas del sector financiero como <b>Banco Patagonia<\/b>; y otras compa\u00f1\u00edas como <b>Axira<\/b>, <b>Balanz<\/b>, <b>Renault<\/b>, <b>Terminales R\u00edo de la Plata<\/b> y <b>Osdepym<\/b>.<\/p>\n<p class=\"paragraph\">Una de las propuestas centrales es la <b>Carpa Tech<\/b>, donde los asistentes pueden interactuar con dispositivos de <b>realidad virtual<\/b>, robots y experiencias de networking. Las din\u00e1micas l\u00fadicas buscan fomentar el intercambio entre el sector acad\u00e9mico y el mundo empresarial, con actividades como el desaf\u00edo de patear penales a una m\u00e1quina, que une innovaci\u00f3n y entretenimiento.<\/p>\n<p class=\"paragraph\">El programa de conferencias inicia a las 10:15 con <b>Gabriel Antelo<\/b> (Globant), quien aborda \u201cEmpresas organismo: el nuevo ADN del trabajo en la era de la IA\u201d. A las 10:45, <b>Walter Castro<\/b> expone sobre \u201cSinfon\u00eda emocional: convertite en el director de tu futuro en la era de la IA\u201d. A las 11:30, <b>Guillermo V\u00e1zquez<\/b>, presidente de la Asociaci\u00f3n de Deportes Electr\u00f3nicos y Videojuegos de Argentina (DEVA), analiza \u201cLa industria del gaming: innovaci\u00f3n, tecnolog\u00eda y oportunidades de negocio\u201d. Por la tarde, a las 15:00, <b>Patricia Jebsen<\/b> desarrolla \u201c\u00bfC\u00f3mo prepararse para el futuro del trabajo?\u201d. El cierre, a las 19:15, est\u00e1 a cargo de <b>Ariel Szarfsztejn<\/b>, quien enfocar\u00e1 su disertaci\u00f3n en \u201cLiderazgo y transformaci\u00f3n digital en Mercado Libre\u201d.<\/p>\n<p class=\"paragraph\"><b>Gabriela Russo<\/b> afirm\u00f3 que Econtech \u201ces un espacio donde confluyen innovaci\u00f3n, competencias profesionales y experiencias interactivas\u201d. Al mismo tiempo, subray\u00f3 que \u201cel empleo est\u00e1 mutando y las tecnolog\u00edas ya no son una herramienta, sino el entorno donde tomar decisiones. Las ciencias econ\u00f3micas son las protagonistas de este cambio tecnol\u00f3gico\u201d<\/p>\n<p class=\"paragraph\">Las actividades de Econtech 2026 se extienden hasta las 21, con conferencias y propuestas interactivas abiertas a toda la comunidad universitaria y al p\u00fablico interesado en la transformaci\u00f3n digital, la econom\u00eda y el empleo.<\/p>\n<p class=\"paragraph\">La inscripci\u00f3n para el evento y la agenda completa de actividades y disertantes puede consultarse en: https:\/\/economicas.uba.ar\/wp-content\/uploads\/Programa-Econtech-3.pdf.<\/p>\n<\/div>\n<p><script defer=\"\">try{!function(f,b,e,v,n,t,s) {if(f.fbq)return;n=f.fbq=function(){n.callMethod? n.callMethod.apply(n,arguments):n.queue.push(arguments)}; if(!f._fbq)f._fbq=n;n.push=n;n.loaded=!0;n.version='2.0'; n.queue=[];t=b.createElement(e);t.async=!0; t.src=v;s=b.getElementsByTagName(e)[0]; s.parentNode.insertBefore(t,s)}(window, document,'script', ' fbq('init', '336383993555320'); fbq('track', 'PageView'); fbq('track', 'ViewContent');}catch(error){console.log(\"Error al inicializar facebookPixelRawCodeScript:\",error);}<\/script><\/p>\n","protected":false},"excerpt":{"rendered":"<p>Charlas con referentes internacionales y una Feria de Empleo componen la agenda de Econtech 2026, organizada por la Facultad de Ciencias Econ\u00f3micas (UBA) La Facultad de Ciencias Econ\u00f3micas de la Universidad de Buenos Aires (UBA) organizar\u00e1 Econtech 2026, una jornada dedicada a la transformaci\u00f3n digital y a la inteligencia artificial en el \u00e1mbito laboral. El [&hellip;]<\/p>\n","protected":false},"author":2,"featured_media":86985,"comment_status":"","ping_status":"","sticky":false,"template":"","format":"standard","meta":{"footnotes":""},"categories":[2],"tags":[],"_links":{"self":[{"href":"https:\/\/maxradio923.com.ar\/index.php\/wp-json\/wp\/v2\/posts\/86984"}],"collection":[{"href":"https:\/\/maxradio923.com.ar\/index.php\/wp-json\/wp\/v2\/posts"}],"about":[{"href":"https:\/\/maxradio923.com.ar\/index.php\/wp-json\/wp\/v2\/types\/post"}],"author":[{"embeddable":true,"href":"https:\/\/maxradio923.com.ar\/index.php\/wp-json\/wp\/v2\/users\/2"}],"replies":[{"embeddable":true,"href":"https:\/\/maxradio923.com.ar\/index.php\/wp-json\/wp\/v2\/comments?post=86984"}],"version-history":[{"count":0,"href":"https:\/\/maxradio923.com.ar\/index.php\/wp-json\/wp\/v2\/posts\/86984\/revisions"}],"wp:featuredmedia":[{"embeddable":true,"href":"https:\/\/maxradio923.com.ar\/index.php\/wp-json\/wp\/v2\/media\/86985"}],"wp:attachment":[{"href":"https:\/\/maxradio923.com.ar\/index.php\/wp-json\/wp\/v2\/media?parent=86984"}],"wp:term":[{"taxonomy":"category","embeddable":true,"href":"https:\/\/maxradio923.com.ar\/index.php\/wp-json\/wp\/v2\/categories?post=86984"},{"taxonomy":"post_tag","embeddable":true,"href":"https:\/\/maxradio923.com.ar\/index.php\/wp-json\/wp\/v2\/tags?post=86984"}],"curies":[{"name":"wp","href":"https:\/\/api.w.org\/{rel}","templated":true}]}}